{"id":14430,"date":"2023-01-29T15:37:50","date_gmt":"2023-01-29T18:37:50","guid":{"rendered":"https:\/\/noticiasnoface.com.br\/?p=14430"},"modified":"2023-01-29T15:37:51","modified_gmt":"2023-01-29T18:37:51","slug":"video-moradores-se-divertem-no-buraco-azul","status":"publish","type":"post","link":"https:\/\/noticiasnoface.com.br\/index.php\/2023\/01\/29\/video-moradores-se-divertem-no-buraco-azul\/","title":{"rendered":"(V\u00eddeo) Moradores se divertem no BURACO AZUL"},"content":{"rendered":"\n<figure class=\"wp-block-image size-large\"><img data-opt-id=390063625  fetchpriority=\"high\" decoding=\"async\" width=\"1024\" height=\"838\" src=\"https:\/\/mlbfrsat7ahr.i.optimole.com\/w:1024\/h:838\/q:mauto\/ig:avif\/https:\/\/noticiasnoface.com.br\/wp-content\/uploads\/2023\/01\/img_0870.jpg\" class=\"wp-image-14428\" srcset=\"https:\/\/mlbfrsat7ahr.i.optimole.com\/w:1024\/h:838\/q:mauto\/ig:avif\/https:\/\/noticiasnoface.com.br\/wp-content\/uploads\/2023\/01\/img_0870.jpg 1024w, https:\/\/mlbfrsat7ahr.i.optimole.com\/w:300\/h:245\/q:mauto\/ig:avif\/https:\/\/noticiasnoface.com.br\/wp-content\/uploads\/2023\/01\/img_0870.jpg 300w, https:\/\/mlbfrsat7ahr.i.optimole.com\/w:768\/h:628\/q:mauto\/ig:avif\/https:\/\/noticiasnoface.com.br\/wp-content\/uploads\/2023\/01\/img_0870.jpg 768w, https:\/\/mlbfrsat7ahr.i.optimole.com\/w:1242\/h:1016\/q:mauto\/ig:avif\/https:\/\/noticiasnoface.com.br\/wp-content\/uploads\/2023\/01\/img_0870.jpg 1242w\" sizes=\"(max-width: 1000px) 100vw, 1000px\" \/><figcaption class=\"wp-element-caption\">Buraco com \u00e1gua azul atrai visitantes a Parnamirim<br><br>A \u201clagoa\u201d de \u00e1guas azuis que surgiu em Parnamirim, na Grande Natal, durante escava\u00e7\u00f5es de a obra de uma Esta\u00e7\u00e3o Elevat\u00f3ria de Esgotos (EEE) nesta semana, tem despertado a curiosidade e atraindo visitantes. O Idema recomenda que n\u00e3o se deve entrar em contato com a \u00e1gua. A tonalidade da \u00e1gua, segundo o \u00f3rg\u00e3o ambiental, \u00e9 por conta de um fen\u00f4meno da refra\u00e7\u00e3o da luz. Apesar disso, os visitantes confiam que o local poderia ser uma \u00e1rea de lazer e turismo, ainda que n\u00e3o exista nenhuma informa\u00e7\u00e3o t\u00e9cnica e oficial a esse respeito.<br>Magnus Nascimento<br><img data-opt-id=1507854856  fetchpriority=\"high\" decoding=\"async\" src=\"http:\/\/arquivos.tribunadonorte.com.br\/fotos\/275832.jpg\" alt=\"Moradores sonham com  a forma\u00e7\u00e3o de um ponto tur\u00edstico\" class=\"extendsBeyondTextColumn\">Moradores sonham com a forma\u00e7\u00e3o de um ponto tur\u00edstico<br><br>O local, na Rua Jo\u00e3o Paulo Segundo, no bairro Nova Esperan\u00e7a, numa \u00e1rea de expans\u00e3o urbana da cidade, est\u00e1 isolado e com cartazes indicando que \u00e9 proibido pular na \u00e1gua. Mas isso n\u00e3o impede que diariamente centenas de curiosos v\u00e3o at\u00e9 l\u00e1 para conferir a novidade. &#8220;A gente \u00e9 de S\u00e3o Jos\u00e9 de Mipibu e veio visitar depois de tanta not\u00edcia sobre esse assunto. \u00c9 mais bonito do que pensava. A \u00e1gua bem azulzinha. \u00c9 perfeito para uma \u00e1rea de lazer. Tem \u00e1rvores ao redor e tem espa\u00e7o para barracas e bares&#8221;, sugeria o pedreiro Eudes Lopes, 40 anos, que foi visitar a \u201clagoa\u201d com esposa.<br><br>A \u00e1gua come\u00e7ou a subir para a superf\u00edcie durante a obra da esgotamento sanit\u00e1rio que est\u00e1 sendo executada pela Prefeitura Municipal de Parnamirim, licenciada pelo Instituto do Desenvolvimento Sustent\u00e1vel e Meio Ambiente (Idema), com validade at\u00e9 dezembro deste ano. Por\u00e9m, a Prefeitura de Parnamirim emitiu uma nota suspendendo o servi\u00e7o de forma tempor\u00e1ria at\u00e9 que a Caern finalize o laudo emergencial sobre o n\u00edvel do aumento do len\u00e7ol fre\u00e1tico, identificado durante a execu\u00e7\u00e3o. Tal medida se deve para garantir a prote\u00e7\u00e3o do meio ambiente e a seguran\u00e7a h\u00eddrica da regi\u00e3o.<br><br>Os moradores do bairro garantem que no mesmo local passava um rio tempor\u00e1rio h\u00e1 alguns anos e que seria o mesmo que cruza a BR 101 logo na entrada da cidade, no sentido Natal, mais vis\u00edvel quando chove. &#8220;Aqui j\u00e1 passava um rio. Depois aterraram para as constru\u00e7\u00f5es de casas e condom\u00ednios. Ent\u00e3o, j\u00e1 era uma \u00e1rea sens\u00edvel e com len\u00e7ol fre\u00e1tico raso. J\u00e1 que isso aconteceu, nada melhor do que aproveitar e fazer algo de lazer ao inv\u00e9s de transformar em dep\u00f3sito de esgoto&#8221;, sugeria o marceneiro Erinaldo de souza, 54, enquanto filmava a &#8220;lagoa&#8221; para divulgar aos seus amigos e familiares.<br><br>O refrigerista Edson Oliveira, 65, compartilhava da mesma opini\u00e3o. Ele estava em servi\u00e7o pela vizinhan\u00e7a e aproveitou para ir conhecer o local, alvo do incidente que gerou a \u201clagoa\u201d. &#8220;Acredito que isso aqui tem potencial para se transformar em ponto tur\u00edstico, se estruturarem e prepararem para receber visitantes&#8221;, dizia.<br><br>Por enquanto, o espa\u00e7o, localizado bem pr\u00f3ximo ao est\u00e1dio do clube de futebol Am\u00e9rica, \u00e9 apenas um buraco com amontoados de areia e um po\u00e7o com \u00e1gua azul que chama a aten\u00e7\u00e3o pela cor. Aparentemente, n\u00e3o \u00e9 t\u00e3o raso e as condi\u00e7\u00f5es para banho e uso humano ainda n\u00e3o est\u00e3o claras. Ao redor, o terreno aberto de fato tem \u00e1rvores frut\u00edferas e \u00e1rea para instala\u00e7\u00e3o de equipamentos de lazer. As expectativas em torno do local s\u00e3o t\u00e3o grandes que at\u00e9 grupo de whatsapp e perfil no instagram sobre isso j\u00e1 foram criados por moradores que discutem o assunto planejando promover eventos por l\u00e1.<br><br>A Caern trabalha na an\u00e1lise da \u00e1gua que aflorou da obra de esgotamento. O resultado est\u00e1 previsto para o fim dessa semana. A Companhia informou que afloramento de \u00e1gua \u00e9 algo comum na engenharia e refor\u00e7ou a import\u00e2ncia das obras de esgotamento sanit\u00e1rio para a sa\u00fade p\u00fablica, para o meio ambiente e toda a sociedade.<br><br>Enquanto isso, uma equipe de fiscaliza\u00e7\u00e3o do Idema esteve na sexta-feira (27) no local e confirmou que a tonalidade da \u00e1gua n\u00e3o \u00e9 azul-turquesa, sendo que o que ocorre na verdade \u00e9 um fen\u00f4meno de refra\u00e7\u00e3o da luz que causa essa impress\u00e3o. O Idema encaminhou recomenda\u00e7\u00f5es a serem adotadas de forma emergencial pelos entes envolvidos, a fim de reduzir riscos ambientais.<br><br>Al\u00e9m do isolamento e sinaliza\u00e7\u00e3o de toda a \u00e1rea para evitar a entrada de pessoas e animais e manter a seguran\u00e7a da popula\u00e7\u00e3o do entorno, o \u00f3rg\u00e3o tamb\u00e9m pede que se garanta a visualiza\u00e7\u00e3o noturna dessas sinaliza\u00e7\u00f5es e a retirada dos materiais (solos) excedentes depositados pr\u00f3ximo \u00e0 \u00e1rea escavada de modo a evitar novos impactos. Al\u00e9m disso, recomenda recobrir taludes com lonas ou materiais similares para evitar deslizamentos de terra na \u00e1rea escavada e informar sobre qualquer altera\u00e7\u00e3o nas caracter\u00edsticas f\u00edsicas do empreendimento.<\/figcaption><\/figure>\n\n\n\n<figure class=\"wp-block-video\"><video height=\"1920\" style=\"aspect-ratio: 1080 \/ 1920;\" width=\"1080\" controls src=\"https:\/\/noticiasnoface.com.br\/wp-content\/uploads\/2023\/01\/01292023153203pm8q5c6.mp4\"><\/video><figcaption class=\"wp-element-caption\">Buraco azul vai virar atra\u00e7\u00e3o tur\u00edstica em Parnamirim <\/figcaption><\/figure>\n","protected":false},"excerpt":{"rendered":"","protected":false},"author":1,"featured_media":0,"comment_status":"open","ping_status":"open","sticky":false,"template":"","format":"standard","meta":{"site-sidebar-layout":"default","site-content-layout":"","ast-site-content-layout":"default","site-content-style":"default","site-sidebar-style":"default","ast-global-header-display":"","ast-banner-title-visibility":"","ast-main-header-display":"","ast-hfb-above-header-display":"","ast-hfb-below-header-display":"","ast-hfb-mobile-header-display":"","site-post-title":"","ast-breadcrumbs-content":"","ast-featured-img":"","footer-sml-layout":"","ast-disable-related-posts":"","theme-transparent-header-meta":"","adv-header-id-meta":"","stick-header-meta":"","header-above-stick-meta":"","header-main-stick-meta":"","header-below-stick-meta":"","astra-migrate-meta-layouts":"default","ast-page-background-enabled":"default","ast-page-background-meta":{"desktop":{"background-color":"var(--ast-global-color-4)","background-image":"","background-repeat":"repeat","background-position":"center center","background-size":"auto","background-attachment":"scroll","background-type":"","background-media":"","overlay-type":"","overlay-color":"","overlay-opacity":"","overlay-gradient":""},"tablet":{"background-color":"","background-image":"","background-repeat":"repeat","background-position":"center center","background-size":"auto","background-attachment":"scroll","background-type":"","background-media":"","overlay-type":"","overlay-color":"","overlay-opacity":"","overlay-gradient":""},"mobile":{"background-color":"","background-image":"","background-repeat":"repeat","background-position":"center center","background-size":"auto","background-attachment":"scroll","background-type":"","background-media":"","overlay-type":"","overlay-color":"","overlay-opacity":"","overlay-gradient":""}},"ast-content-background-meta":{"desktop":{"background-color":"var(--ast-global-color-5)","background-image":"","background-repeat":"repeat","background-position":"center center","background-size":"auto","background-attachment":"scroll","background-type":"","background-media":"","overlay-type":"","overlay-color":"","overlay-opacity":"","overlay-gradient":""},"tablet":{"background-color":"var(--ast-global-color-5)","background-image":"","background-repeat":"repeat","background-position":"center center","background-size":"auto","background-attachment":"scroll","background-type":"","background-media":"","overlay-type":"","overlay-color":"","overlay-opacity":"","overlay-gradient":""},"mobile":{"background-color":"var(--ast-global-color-5)","background-image":"","background-repeat":"repeat","background-position":"center center","background-size":"auto","background-attachment":"scroll","background-type":"","background-media":"","overlay-type":"","overlay-color":"","overlay-opacity":"","overlay-gradient":""}},"footnotes":""},"categories":[517],"tags":[2489,992,2487,2488,50,22,199],"class_list":["post-14430","post","type-post","status-publish","format-standard","hentry","category-aconteceu","tag-atracao-turistica","tag-buraco","tag-lagoa-azul","tag-moradores","tag-noticias-do-face","tag-noticias-no-face","tag-noticiasnoface"],"_links":{"self":[{"href":"https:\/\/noticiasnoface.com.br\/index.php\/wp-json\/wp\/v2\/posts\/14430","targetHints":{"allow":["GET"]}}],"collection":[{"href":"https:\/\/noticiasnoface.com.br\/index.php\/wp-json\/wp\/v2\/posts"}],"about":[{"href":"https:\/\/noticiasnoface.com.br\/index.php\/wp-json\/wp\/v2\/types\/post"}],"author":[{"embeddable":true,"href":"https:\/\/noticiasnoface.com.br\/index.php\/wp-json\/wp\/v2\/users\/1"}],"replies":[{"embeddable":true,"href":"https:\/\/noticiasnoface.com.br\/index.php\/wp-json\/wp\/v2\/comments?post=14430"}],"version-history":[{"count":1,"href":"https:\/\/noticiasnoface.com.br\/index.php\/wp-json\/wp\/v2\/posts\/14430\/revisions"}],"predecessor-version":[{"id":14431,"href":"https:\/\/noticiasnoface.com.br\/index.php\/wp-json\/wp\/v2\/posts\/14430\/revisions\/14431"}],"wp:attachment":[{"href":"https:\/\/noticiasnoface.com.br\/index.php\/wp-json\/wp\/v2\/media?parent=14430"}],"wp:term":[{"taxonomy":"category","embeddable":true,"href":"https:\/\/noticiasnoface.com.br\/index.php\/wp-json\/wp\/v2\/categories?post=14430"},{"taxonomy":"post_tag","embeddable":true,"href":"https:\/\/noticiasnoface.com.br\/index.php\/wp-json\/wp\/v2\/tags?post=14430"}],"curies":[{"name":"wp","href":"https:\/\/api.w.org\/{rel}","templated":true}]}}