{"id":14448,"date":"2023-01-30T21:39:31","date_gmt":"2023-01-31T00:39:31","guid":{"rendered":"https:\/\/noticiasnoface.com.br\/?p=14448"},"modified":"2023-01-30T21:39:32","modified_gmt":"2023-01-31T00:39:32","slug":"eriko-jacome-assume-a-camara-municipal-de-natal","status":"publish","type":"post","link":"https:\/\/noticiasnoface.com.br\/index.php\/2023\/01\/30\/eriko-jacome-assume-a-camara-municipal-de-natal\/","title":{"rendered":"Eriko Jacome assume a c\u00e2mara municipal de Natal"},"content":{"rendered":"\n<figure class=\"wp-block-image size-large\"><img data-opt-id=1684538107  fetchpriority=\"high\" decoding=\"async\" width=\"1024\" height=\"794\" src=\"https:\/\/mlbfrsat7ahr.i.optimole.com\/w:1024\/h:794\/q:mauto\/ig:avif\/https:\/\/noticiasnoface.com.br\/wp-content\/uploads\/2023\/01\/img_0931.jpg\" class=\"wp-image-14447\" srcset=\"https:\/\/mlbfrsat7ahr.i.optimole.com\/w:1024\/h:794\/q:mauto\/ig:avif\/https:\/\/noticiasnoface.com.br\/wp-content\/uploads\/2023\/01\/img_0931.jpg 1024w, https:\/\/mlbfrsat7ahr.i.optimole.com\/w:300\/h:233\/q:mauto\/ig:avif\/https:\/\/noticiasnoface.com.br\/wp-content\/uploads\/2023\/01\/img_0931.jpg 300w, https:\/\/mlbfrsat7ahr.i.optimole.com\/w:768\/h:595\/q:mauto\/ig:avif\/https:\/\/noticiasnoface.com.br\/wp-content\/uploads\/2023\/01\/img_0931.jpg 768w, https:\/\/mlbfrsat7ahr.i.optimole.com\/w:1242\/h:963\/q:mauto\/ig:avif\/https:\/\/noticiasnoface.com.br\/wp-content\/uploads\/2023\/01\/img_0931.jpg 1242w\" sizes=\"(max-width: 1000px) 100vw, 1000px\" \/><figcaption class=\"wp-element-caption\">\u00c9RIKO TOMA POSSE COMO PRESIDENTE, SE EMOCIONA E MANDA RECADO<br><a class=\"byline\" rel=\"noreferrer noopener\" href=\"https:\/\/www.blogger.com\/profile\/10639736340550074943\" target=\"_blank\">Reda\u00e7\u00e3o Blog IC<\/a><br><br>O novo presidente da C\u00e2mara Municipal se Natal vereador \u00c9riko J\u00e1come tomou posse na manh\u00e3 desta segunda-feira. Em um tom calmo, falou da gratid\u00e3o pela confian\u00e7a do ex-presidente Paulinho Freire e dos desafios que vai enfrentar no comando do Legislativo Natalense. <br>\u00c9riko tamb\u00e9m falou das persegui\u00e7\u00f5es que sofreu dentro e fora da C\u00e2mara, onde sem ter o que falar contra ele, advers\u00e1rios passaram a utilizar de meios de comunica\u00e7\u00e3o para atac\u00e1-lo com coisas f\u00fateis.<br>O novo presidente tamb\u00e9m se emocionou muito quando falou da felicidade que os seus pais teriam, se vivos fossem, da sua chegada ao posto de presidente da C\u00e2mara &#8220;Seria um dia de festa para toda a minha fam\u00edlia&#8221;, afirmou.<br><br>Os vereadores Hermes C\u00e2mara e Preto Aquino s\u00e3o o primeiro e segundo vice presidente,  respectivamente. <\/figcaption><\/figure>\n","protected":false},"excerpt":{"rendered":"","protected":false},"author":1,"featured_media":0,"comment_status":"open","ping_status":"open","sticky":false,"template":"","format":"standard","meta":{"site-sidebar-layout":"default","site-content-layout":"","ast-site-content-layout":"default","site-content-style":"default","site-sidebar-style":"default","ast-global-header-display":"","ast-banner-title-visibility":"","ast-main-header-display":"","ast-hfb-above-header-display":"","ast-hfb-below-header-display":"","ast-hfb-mobile-header-display":"","site-post-title":"","ast-breadcrumbs-content":"","ast-featured-img":"","footer-sml-layout":"","ast-disable-related-posts":"","theme-transparent-header-meta":"","adv-header-id-meta":"","stick-header-meta":"","header-above-stick-meta":"","header-main-stick-meta":"","header-below-stick-meta":"","astra-migrate-meta-layouts":"default","ast-page-background-enabled":"default","ast-page-background-meta":{"desktop":{"background-color":"var(--ast-global-color-4)","background-image":"","background-repeat":"repeat","background-position":"center center","background-size":"auto","background-attachment":"scroll","background-type":"","background-media":"","overlay-type":"","overlay-color":"","overlay-opacity":"","overlay-gradient":""},"tablet":{"background-color":"","background-image":"","background-repeat":"repeat","background-position":"center center","background-size":"auto","background-attachment":"scroll","background-type":"","background-media":"","overlay-type":"","overlay-color":"","overlay-opacity":"","overlay-gradient":""},"mobile":{"background-color":"","background-image":"","background-repeat":"repeat","background-position":"center center","background-size":"auto","background-attachment":"scroll","background-type":"","background-media":"","overlay-type":"","overlay-color":"","overlay-opacity":"","overlay-gradient":""}},"ast-content-background-meta":{"desktop":{"background-color":"var(--ast-global-color-5)","background-image":"","background-repeat":"repeat","background-position":"center center","background-size":"auto","background-attachment":"scroll","background-type":"","background-media":"","overlay-type":"","overlay-color":"","overlay-opacity":"","overlay-gradient":""},"tablet":{"background-color":"var(--ast-global-color-5)","background-image":"","background-repeat":"repeat","background-position":"center center","background-size":"auto","background-attachment":"scroll","background-type":"","background-media":"","overlay-type":"","overlay-color":"","overlay-opacity":"","overlay-gradient":""},"mobile":{"background-color":"var(--ast-global-color-5)","background-image":"","background-repeat":"repeat","background-position":"center center","background-size":"auto","background-attachment":"scroll","background-type":"","background-media":"","overlay-type":"","overlay-color":"","overlay-opacity":"","overlay-gradient":""}},"footnotes":""},"categories":[517],"tags":[2469,2471,2229,2236,199,554],"class_list":["post-14448","post","type-post","status-publish","format-standard","hentry","category-aconteceu","tag-camara-municipal-de-natal","tag-eriko-jacome","tag-noticas-do-face","tag-noticas-no-face","tag-noticiasnoface","tag-presidencia"],"_links":{"self":[{"href":"https:\/\/noticiasnoface.com.br\/index.php\/wp-json\/wp\/v2\/posts\/14448","targetHints":{"allow":["GET"]}}],"collection":[{"href":"https:\/\/noticiasnoface.com.br\/index.php\/wp-json\/wp\/v2\/posts"}],"about":[{"href":"https:\/\/noticiasnoface.com.br\/index.php\/wp-json\/wp\/v2\/types\/post"}],"author":[{"embeddable":true,"href":"https:\/\/noticiasnoface.com.br\/index.php\/wp-json\/wp\/v2\/users\/1"}],"replies":[{"embeddable":true,"href":"https:\/\/noticiasnoface.com.br\/index.php\/wp-json\/wp\/v2\/comments?post=14448"}],"version-history":[{"count":1,"href":"https:\/\/noticiasnoface.com.br\/index.php\/wp-json\/wp\/v2\/posts\/14448\/revisions"}],"predecessor-version":[{"id":14449,"href":"https:\/\/noticiasnoface.com.br\/index.php\/wp-json\/wp\/v2\/posts\/14448\/revisions\/14449"}],"wp:attachment":[{"href":"https:\/\/noticiasnoface.com.br\/index.php\/wp-json\/wp\/v2\/media?parent=14448"}],"wp:term":[{"taxonomy":"category","embeddable":true,"href":"https:\/\/noticiasnoface.com.br\/index.php\/wp-json\/wp\/v2\/categories?post=14448"},{"taxonomy":"post_tag","embeddable":true,"href":"https:\/\/noticiasnoface.com.br\/index.php\/wp-json\/wp\/v2\/tags?post=14448"}],"curies":[{"name":"wp","href":"https:\/\/api.w.org\/{rel}","templated":true}]}}