{"id":14455,"date":"2023-01-31T11:47:22","date_gmt":"2023-01-31T14:47:22","guid":{"rendered":"https:\/\/noticiasnoface.com.br\/?p=14455"},"modified":"2023-01-31T11:47:24","modified_gmt":"2023-01-31T14:47:24","slug":"rn-bate-recorde-com-100-homicidios-em-janeiro","status":"publish","type":"post","link":"https:\/\/noticiasnoface.com.br\/index.php\/2023\/01\/31\/rn-bate-recorde-com-100-homicidios-em-janeiro\/","title":{"rendered":"RN bate recorde com 100 homic\u00eddios em janeiro"},"content":{"rendered":"\n<figure class=\"wp-block-image size-large\"><img data-opt-id=462900605  fetchpriority=\"high\" decoding=\"async\" width=\"1024\" height=\"729\" src=\"https:\/\/mlbfrsat7ahr.i.optimole.com\/w:1024\/h:729\/q:mauto\/ig:avif\/https:\/\/noticiasnoface.com.br\/wp-content\/uploads\/2023\/01\/img_0958.jpg\" class=\"wp-image-14454\" srcset=\"https:\/\/mlbfrsat7ahr.i.optimole.com\/w:1024\/h:729\/q:mauto\/ig:avif\/https:\/\/noticiasnoface.com.br\/wp-content\/uploads\/2023\/01\/img_0958.jpg 1024w, https:\/\/mlbfrsat7ahr.i.optimole.com\/w:300\/h:214\/q:mauto\/ig:avif\/https:\/\/noticiasnoface.com.br\/wp-content\/uploads\/2023\/01\/img_0958.jpg 300w, https:\/\/mlbfrsat7ahr.i.optimole.com\/w:768\/h:547\/q:mauto\/ig:avif\/https:\/\/noticiasnoface.com.br\/wp-content\/uploads\/2023\/01\/img_0958.jpg 768w, https:\/\/mlbfrsat7ahr.i.optimole.com\/w:1242\/h:884\/q:mauto\/ig:avif\/https:\/\/noticiasnoface.com.br\/wp-content\/uploads\/2023\/01\/img_0958.jpg 1242w\" sizes=\"(max-width: 1000px) 100vw, 1000px\" \/><figcaption class=\"wp-element-caption\">M\u00eas at\u00edpico: RN ultrapassou marca de 100 homic\u00eddios apenas em janeiro<br>por <a href=\"https:\/\/osamigosdaonca.com\/author\/osamigosdaonca\/\" target=\"_blank\" rel=\"noopener\">Manoel Izaque<\/a><br><img data-opt-id=663903909  fetchpriority=\"high\" decoding=\"async\" src=\"https:\/\/osamigosdaonca.com\/wp-content\/uploads\/2023\/01\/s255q0flb7wkac7od2h7nystpxyicj-1.jpeg\" width=\"659\" height=\"379\" alt=\"\" class=\"wp-image-94684 entered litespeed-loaded\" srcset=\"https:\/\/osamigosdaonca.com\/wp-content\/uploads\/2023\/01\/s255q0flb7wkac7od2h7nystpxyicj-1.jpeg 659w, https:\/\/osamigosdaonca.com\/wp-content\/uploads\/2023\/01\/s255q0flb7wkac7od2h7nystpxyicj-1-300x173.jpeg 300w\">O m\u00eas de janeiro teve tr\u00eas mortes e meia a cada dia, segundo n\u00fameros divulgados pelo Portal BO, de rep\u00f3rter S\u00e9rgio Costa. No primeiro m\u00eas de 2023 as institui\u00e7\u00f5es da Seguran\u00e7a P\u00fablica do Estado do Rio Grande do Norte registraram 107 mortes violentas letais e intencionais. A capital, Natal, contabilizou 24 casos seguida de Mossor\u00f3 com 13, sendo ao todo 41 munic\u00edpios acometidos pela viol\u00eancia. <br>De posse dos n\u00fameros a reportagem do Portal BO conversou com o secret\u00e1rio de seguran\u00e7a p\u00fablica, o Coronel Francisco Ara\u00fajo, que destacou uma redu\u00e7\u00e3o significativa desses n\u00fameros se comparado ao mesmo per\u00edodo do ano anterior. \u201cO investimento do governo do Estado na seguran\u00e7a est\u00e1 sendo fundamental para a diminui\u00e7\u00e3o, ainda temos muito por fazer, mas as a\u00e7\u00f5es est\u00e3o acontecendo\u201d, disse.<br>Ainda de acordo com o chefe da pasta, uma das raz\u00f5es para essa realidade \u00e9 a atua\u00e7\u00e3o das fac\u00e7\u00f5es criminosas que usam da crueldade e da viol\u00eancia para manterem o dom\u00ednio do tr\u00e1fico de drogas. O combate ao crime organizado culminou em centenas de pessoas presas no ano de 2022 e toneladas de drogas foram apreendas durante um trabalho integrado com todas as for\u00e7as de seguran\u00e7a. <br>No entanto, parte dos servidores ligada a seguran\u00e7a, critica a pol\u00edtica do governo que mant\u00e9m atrasadas di\u00e1rias operacionais, muitos se mostram revoltados e questionam como ser\u00e1 o Carnaval onde o efetivo da PM, por exemplo, se desloca para o interior com o pagamento de di\u00e1rias.<br>A interioriza\u00e7\u00e3o do crime vem provocando uma nova din\u00e2mica na distribui\u00e7\u00e3o do efetivo para as cidades do Estado, o problema \u00e9 exatamente esse, o efetivo que lamentavelmente ainda \u00e9 motivo de dor de cabe\u00e7a para os gestores da seguran\u00e7a. Mesmo com o an\u00fancio de novos concursos p\u00fablicos o n\u00famero de agentes para combater o crime ainda \u00e9 muito pouco, trocando em mi\u00fados, os que entram suprem aqueles que por quest\u00f5es m\u00e9dicas ou de aposentadoria se desligam dessas institui\u00e7\u00f5es.<\/figcaption><\/figure>\n","protected":false},"excerpt":{"rendered":"","protected":false},"author":1,"featured_media":0,"comment_status":"open","ping_status":"open","sticky":false,"template":"","format":"standard","meta":{"site-sidebar-layout":"default","site-content-layout":"","ast-site-content-layout":"default","site-content-style":"default","site-sidebar-style":"default","ast-global-header-display":"","ast-banner-title-visibility":"","ast-main-header-display":"","ast-hfb-above-header-display":"","ast-hfb-below-header-display":"","ast-hfb-mobile-header-display":"","site-post-title":"","ast-breadcrumbs-content":"","ast-featured-img":"","footer-sml-layout":"","ast-disable-related-posts":"","theme-transparent-header-meta":"","adv-header-id-meta":"","stick-header-meta":"","header-above-stick-meta":"","header-main-stick-meta":"","header-below-stick-meta":"","astra-migrate-meta-layouts":"default","ast-page-background-enabled":"default","ast-page-background-meta":{"desktop":{"background-color":"var(--ast-global-color-4)","background-image":"","background-repeat":"repeat","background-position":"center center","background-size":"auto","background-attachment":"scroll","background-type":"","background-media":"","overlay-type":"","overlay-color":"","overlay-opacity":"","overlay-gradient":""},"tablet":{"background-color":"","background-image":"","background-repeat":"repeat","background-position":"center center","background-size":"auto","background-attachment":"scroll","background-type":"","background-media":"","overlay-type":"","overlay-color":"","overlay-opacity":"","overlay-gradient":""},"mobile":{"background-color":"","background-image":"","background-repeat":"repeat","background-position":"center center","background-size":"auto","background-attachment":"scroll","background-type":"","background-media":"","overlay-type":"","overlay-color":"","overlay-opacity":"","overlay-gradient":""}},"ast-content-background-meta":{"desktop":{"background-color":"var(--ast-global-color-5)","background-image":"","background-repeat":"repeat","background-position":"center center","background-size":"auto","background-attachment":"scroll","background-type":"","background-media":"","overlay-type":"","overlay-color":"","overlay-opacity":"","overlay-gradient":""},"tablet":{"background-color":"var(--ast-global-color-5)","background-image":"","background-repeat":"repeat","background-position":"center center","background-size":"auto","background-attachment":"scroll","background-type":"","background-media":"","overlay-type":"","overlay-color":"","overlay-opacity":"","overlay-gradient":""},"mobile":{"background-color":"var(--ast-global-color-5)","background-image":"","background-repeat":"repeat","background-position":"center center","background-size":"auto","background-attachment":"scroll","background-type":"","background-media":"","overlay-type":"","overlay-color":"","overlay-opacity":"","overlay-gradient":""}},"footnotes":""},"categories":[517],"tags":[86,2494,50,22,996],"class_list":["post-14455","post","type-post","status-publish","format-standard","hentry","category-aconteceu","tag-governo-do-rn","tag-homicidios","tag-noticias-do-face","tag-noticias-no-face","tag-recorde"],"_links":{"self":[{"href":"https:\/\/noticiasnoface.com.br\/index.php\/wp-json\/wp\/v2\/posts\/14455","targetHints":{"allow":["GET"]}}],"collection":[{"href":"https:\/\/noticiasnoface.com.br\/index.php\/wp-json\/wp\/v2\/posts"}],"about":[{"href":"https:\/\/noticiasnoface.com.br\/index.php\/wp-json\/wp\/v2\/types\/post"}],"author":[{"embeddable":true,"href":"https:\/\/noticiasnoface.com.br\/index.php\/wp-json\/wp\/v2\/users\/1"}],"replies":[{"embeddable":true,"href":"https:\/\/noticiasnoface.com.br\/index.php\/wp-json\/wp\/v2\/comments?post=14455"}],"version-history":[{"count":1,"href":"https:\/\/noticiasnoface.com.br\/index.php\/wp-json\/wp\/v2\/posts\/14455\/revisions"}],"predecessor-version":[{"id":14456,"href":"https:\/\/noticiasnoface.com.br\/index.php\/wp-json\/wp\/v2\/posts\/14455\/revisions\/14456"}],"wp:attachment":[{"href":"https:\/\/noticiasnoface.com.br\/index.php\/wp-json\/wp\/v2\/media?parent=14455"}],"wp:term":[{"taxonomy":"category","embeddable":true,"href":"https:\/\/noticiasnoface.com.br\/index.php\/wp-json\/wp\/v2\/categories?post=14455"},{"taxonomy":"post_tag","embeddable":true,"href":"https:\/\/noticiasnoface.com.br\/index.php\/wp-json\/wp\/v2\/tags?post=14455"}],"curies":[{"name":"wp","href":"https:\/\/api.w.org\/{rel}","templated":true}]}}