{"id":14486,"date":"2023-02-01T13:57:24","date_gmt":"2023-02-01T16:57:24","guid":{"rendered":"https:\/\/noticiasnoface.com.br\/?p=14486"},"modified":"2023-02-01T14:00:39","modified_gmt":"2023-02-01T17:00:39","slug":"ingratidao-salesiano-demite-seu-maior-icone-mario-sergio","status":"publish","type":"post","link":"https:\/\/noticiasnoface.com.br\/index.php\/2023\/02\/01\/ingratidao-salesiano-demite-seu-maior-icone-mario-sergio\/","title":{"rendered":"Ingratid\u00e3o- Salesiano demite seu maior \u00edcone, M\u00e1rio S\u00e9rgio"},"content":{"rendered":"\n<figure class=\"wp-block-image size-large\"><img data-opt-id=928908835  fetchpriority=\"high\" decoding=\"async\" width=\"819\" height=\"1024\" src=\"https:\/\/mlbfrsat7ahr.i.optimole.com\/w:819\/h:1024\/q:mauto\/ig:avif\/https:\/\/noticiasnoface.com.br\/wp-content\/uploads\/2023\/02\/img_1024.jpg\" alt=\"\" class=\"wp-image-14485\" srcset=\"https:\/\/mlbfrsat7ahr.i.optimole.com\/w:819\/h:1024\/q:mauto\/ig:avif\/https:\/\/noticiasnoface.com.br\/wp-content\/uploads\/2023\/02\/img_1024.jpg 819w, https:\/\/mlbfrsat7ahr.i.optimole.com\/w:240\/h:300\/q:mauto\/ig:avif\/https:\/\/noticiasnoface.com.br\/wp-content\/uploads\/2023\/02\/img_1024.jpg 240w, https:\/\/mlbfrsat7ahr.i.optimole.com\/w:768\/h:960\/q:mauto\/ig:avif\/https:\/\/noticiasnoface.com.br\/wp-content\/uploads\/2023\/02\/img_1024.jpg 768w, https:\/\/mlbfrsat7ahr.i.optimole.com\/w:864\/h:1080\/q:mauto\/ig:avif\/https:\/\/noticiasnoface.com.br\/wp-content\/uploads\/2023\/02\/img_1024.jpg 1229w, https:\/\/mlbfrsat7ahr.i.optimole.com\/w:864\/h:1080\/q:mauto\/ig:avif\/https:\/\/noticiasnoface.com.br\/wp-content\/uploads\/2023\/02\/img_1024.jpg 1440w\" sizes=\"(max-width: 819px) 100vw, 819px\" \/><figcaption class=\"wp-element-caption\"><br \/>Col\u00e9gio Salesiano S\u00e3o Jos\u00e9 comete hoje a maior ingratid\u00e3o de sua hist\u00f3ria, demitiu o coordenador M\u00c1RIO S\u00c9RGIO ap\u00f3s d\u00e9cadas de trabalho. Estudei no salesiano e tive o prazer de ter meu filho tamb\u00e9m aluno do col\u00e9gio Salesiano S\u00e3o Jos\u00e9. E \u00e9 por isso mesmo que sei o quanto M\u00e1rio S\u00e9rgio representa, n\u00e3o s\u00f3 para o salesiano, mas sim para a educa\u00e7\u00e3o do RN. M\u00e1rio S\u00e9rgio virou um s\u00edmbolo de corre\u00e7\u00e3o, educa\u00e7\u00e3o e retid\u00e3o, demitir um \u00edcone da educa\u00e7\u00e3o do Rn al\u00e9m de ser ingrato \u00e9 tamb\u00e9m comercialmente muito burro. Como ex-aluno deixo minha solidariedade ao grande M\u00c1RIO S\u00c9RGIO. <br \/><br \/>Segue comunicado feito pelo M\u00e1rio S\u00e9rgio em suas redes sociais.<br \/>Caros educadores, colaboradores, alunos, ex-alunos, familiares e sociedade natalense,<br \/>Dirijo-me a voc\u00eas, neste 1\u00ba de fevereiro de 2023, citando as Sagradas Escrituras: no cap\u00edtulo 3:1 de Eclesiastes \u201cTudo tem o seu tempo determinado, e h\u00e1 tempo para todo o prop\u00f3sito debaixo do c\u00e9u.\u201d, e na segunda carta de Paulo a Tim\u00f3teo, cap\u00edtulo 4:7 \u201cCombati o bom combate, completei a carreira, guardei a f\u00e9.\u201d<br \/>Permitam-me explicar, em poucas e sinceras palavras, a motiva\u00e7\u00e3o que me leva a citar esses vers\u00edculos: a minha Hist\u00f3ria de vida n\u00e3o se dissocia da presen\u00e7a salesiana porque a maior parte da minha exist\u00eancia foi dedicada \u00e0 educa\u00e7\u00e3o de crian\u00e7as e adolescentes, em particular, no Salesiano S\u00e3o Jos\u00e9. No S\u00e3o Jos\u00e9, fui forjado no fogo da paix\u00e3o pela educa\u00e7\u00e3o por meio da conviv\u00eancia<br \/>com o saudoso Padre Prata, um verdadeiro segundo pai para mim, e do amigo e irm\u00e3o Delgado, meu mestre na caminhada pedag\u00f3gica, com os quais dei os primeiros passos para aprender e viver a salesianidade e o sistema preventivo de Dom Bosco.<br \/>A filosofia educativa de Dom Bosco permitiu-me, como aluno bolsista, filho de um gar\u00e7om e de uma dona de casa, que mal conhecia as letras, estudar no Salesiano, na Ribeira, e quis Deus, em sua infinita bondade, que aquela crian\u00e7a pobre, do bairro das Rocas, um dia chegasse at\u00e9 a vice-dire\u00e7\u00e3o da mesma institui\u00e7\u00e3o que o acolhera t\u00e3o amorosamente na inf\u00e2ncia.<br \/>Mais do que a forma\u00e7\u00e3o profissional, o Salesiano S\u00e3o Jos\u00e9 contribuiu tamb\u00e9m para a minha realiza\u00e7\u00e3o pessoal, foi nessa institui\u00e7\u00e3o que conheci minha esposa, eduquei meus filhos e exerci com amor, com dedica\u00e7\u00e3o e com fidelidade imensur\u00e1veis as fun\u00e7\u00f5es de pai de fam\u00edlia e de profissional da educa\u00e7\u00e3o.<\/figcaption><\/figure>\n","protected":false},"excerpt":{"rendered":"","protected":false},"author":1,"featured_media":0,"comment_status":"open","ping_status":"open","sticky":false,"template":"","format":"standard","meta":{"site-sidebar-layout":"default","site-content-layout":"","ast-site-content-layout":"default","site-content-style":"default","site-sidebar-style":"default","ast-global-header-display":"","ast-banner-title-visibility":"","ast-main-header-display":"","ast-hfb-above-header-display":"","ast-hfb-below-header-display":"","ast-hfb-mobile-header-display":"","site-post-title":"","ast-breadcrumbs-content":"","ast-featured-img":"","footer-sml-layout":"","ast-disable-related-posts":"","theme-transparent-header-meta":"","adv-header-id-meta":"","stick-header-meta":"","header-above-stick-meta":"","header-main-stick-meta":"","header-below-stick-meta":"","astra-migrate-meta-layouts":"default","ast-page-background-enabled":"default","ast-page-background-meta":{"desktop":{"background-color":"var(--ast-global-color-4)","background-image":"","background-repeat":"repeat","background-position":"center center","background-size":"auto","background-attachment":"scroll","background-type":"","background-media":"","overlay-type":"","overlay-color":"","overlay-opacity":"","overlay-gradient":""},"tablet":{"background-color":"","background-image":"","background-repeat":"repeat","background-position":"center center","background-size":"auto","background-attachment":"scroll","background-type":"","background-media":"","overlay-type":"","overlay-color":"","overlay-opacity":"","overlay-gradient":""},"mobile":{"background-color":"","background-image":"","background-repeat":"repeat","background-position":"center center","background-size":"auto","background-attachment":"scroll","background-type":"","background-media":"","overlay-type":"","overlay-color":"","overlay-opacity":"","overlay-gradient":""}},"ast-content-background-meta":{"desktop":{"background-color":"var(--ast-global-color-5)","background-image":"","background-repeat":"repeat","background-position":"center center","background-size":"auto","background-attachment":"scroll","background-type":"","background-media":"","overlay-type":"","overlay-color":"","overlay-opacity":"","overlay-gradient":""},"tablet":{"background-color":"var(--ast-global-color-5)","background-image":"","background-repeat":"repeat","background-position":"center center","background-size":"auto","background-attachment":"scroll","background-type":"","background-media":"","overlay-type":"","overlay-color":"","overlay-opacity":"","overlay-gradient":""},"mobile":{"background-color":"var(--ast-global-color-5)","background-image":"","background-repeat":"repeat","background-position":"center center","background-size":"auto","background-attachment":"scroll","background-type":"","background-media":"","overlay-type":"","overlay-color":"","overlay-opacity":"","overlay-gradient":""}},"footnotes":""},"categories":[517],"tags":[2498,2499,2497,2229,22,199],"class_list":["post-14486","post","type-post","status-publish","format-standard","hentry","category-aconteceu","tag-colegio-salesiano","tag-demitiu","tag-mario-sergio","tag-noticas-do-face","tag-noticias-no-face","tag-noticiasnoface"],"_links":{"self":[{"href":"https:\/\/noticiasnoface.com.br\/index.php\/wp-json\/wp\/v2\/posts\/14486","targetHints":{"allow":["GET"]}}],"collection":[{"href":"https:\/\/noticiasnoface.com.br\/index.php\/wp-json\/wp\/v2\/posts"}],"about":[{"href":"https:\/\/noticiasnoface.com.br\/index.php\/wp-json\/wp\/v2\/types\/post"}],"author":[{"embeddable":true,"href":"https:\/\/noticiasnoface.com.br\/index.php\/wp-json\/wp\/v2\/users\/1"}],"replies":[{"embeddable":true,"href":"https:\/\/noticiasnoface.com.br\/index.php\/wp-json\/wp\/v2\/comments?post=14486"}],"version-history":[{"count":3,"href":"https:\/\/noticiasnoface.com.br\/index.php\/wp-json\/wp\/v2\/posts\/14486\/revisions"}],"predecessor-version":[{"id":14489,"href":"https:\/\/noticiasnoface.com.br\/index.php\/wp-json\/wp\/v2\/posts\/14486\/revisions\/14489"}],"wp:attachment":[{"href":"https:\/\/noticiasnoface.com.br\/index.php\/wp-json\/wp\/v2\/media?parent=14486"}],"wp:term":[{"taxonomy":"category","embeddable":true,"href":"https:\/\/noticiasnoface.com.br\/index.php\/wp-json\/wp\/v2\/categories?post=14486"},{"taxonomy":"post_tag","embeddable":true,"href":"https:\/\/noticiasnoface.com.br\/index.php\/wp-json\/wp\/v2\/tags?post=14486"}],"curies":[{"name":"wp","href":"https:\/\/api.w.org\/{rel}","templated":true}]}}