{"id":14532,"date":"2023-02-03T08:27:21","date_gmt":"2023-02-03T11:27:21","guid":{"rendered":"https:\/\/noticiasnoface.com.br\/?p=14532"},"modified":"2023-02-03T08:27:26","modified_gmt":"2023-02-03T11:27:26","slug":"video-cacete-grande-dentro-de-aviao-em-salvador","status":"publish","type":"post","link":"https:\/\/noticiasnoface.com.br\/index.php\/2023\/02\/03\/video-cacete-grande-dentro-de-aviao-em-salvador\/","title":{"rendered":"(V\u00eddeo)- Cacete grande dentro de avi\u00e3o em salvador"},"content":{"rendered":"\n<figure class=\"wp-block-image size-large\"><img data-opt-id=1688980421  fetchpriority=\"high\" decoding=\"async\" width=\"1024\" height=\"962\" src=\"https:\/\/mlbfrsat7ahr.i.optimole.com\/w:1024\/h:962\/q:mauto\/ig:avif\/https:\/\/noticiasnoface.com.br\/wp-content\/uploads\/2023\/02\/img_1151.jpg\" alt=\"\" class=\"wp-image-14531\" srcset=\"https:\/\/mlbfrsat7ahr.i.optimole.com\/w:1024\/h:962\/q:mauto\/ig:avif\/https:\/\/noticiasnoface.com.br\/wp-content\/uploads\/2023\/02\/img_1151.jpg 1024w, https:\/\/mlbfrsat7ahr.i.optimole.com\/w:300\/h:282\/q:mauto\/ig:avif\/https:\/\/noticiasnoface.com.br\/wp-content\/uploads\/2023\/02\/img_1151.jpg 300w, https:\/\/mlbfrsat7ahr.i.optimole.com\/w:768\/h:722\/q:mauto\/ig:avif\/https:\/\/noticiasnoface.com.br\/wp-content\/uploads\/2023\/02\/img_1151.jpg 768w, https:\/\/mlbfrsat7ahr.i.optimole.com\/w:1149\/h:1080\/q:mauto\/ig:avif\/https:\/\/noticiasnoface.com.br\/wp-content\/uploads\/2023\/02\/img_1151.jpg 1242w\" sizes=\"(max-width: 1000px) 100vw, 1000px\" \/><figcaption class=\"wp-element-caption\">Briga entre passageiros causa tumulto e faz voo da Gol atrasar uma hora em Salvador; envolvidos na confus\u00e3o s\u00e3o retirados do avi\u00e3o<br \/>Briga aconteceu em aeronave que sairia de Salvador com destino a S\u00e3o Paulo.<br \/><br \/>Briga entre passageiros causa tumulto e faz voo da Gol atrasar 1 hora em Salvador <br \/>Uma briga entre passageiros de um voo que sa\u00eda de <a href=\"https:\/\/g1.globo.com\/ba\/bahia\/cidade\/salvador\/\" target=\"_blank\" rel=\"noopener\">Salvador<\/a> com destino a S\u00e3o Paulo viralizou nas redes sociais na quinta-feira (2). Segundo a companhia a\u00e9rea Gol, a briga aconteceu antes da decolagem e as pessoas envolvidas foram retiradas da aeronave e n\u00e3o seguiram viagem. <br \/>Nas imagens, \u00e9 poss\u00edvel ver um grupo de mulheres gritando entre si, dando tapas e puxando o cabelo umas das outras. Em uma das cenas filmadas pelos outros passageiros, uma delas se atira na fileira traseira para puxar o cabelo de outra mulher. <br \/>Os comiss\u00e1rios de bordo do avi\u00e3o e outros passageiros tentam separ\u00e1-las e pedem para que as envolvidas se acalmem, mas as mulheres continuam a confus\u00e3o. Os nomes das envolvidas n\u00e3o foram divulgados e a Gol n\u00e3o informou o motivo da briga.<br \/>Por causa da confus\u00e3o, o voo G3 1659 atrasou cerca de uma hora. O avi\u00e3o deveria ter sa\u00eddo da capital baiana \u00e0s 13h45, mas a decolagem aconteceu apenas por volta das 15h.<br \/>Ap\u00f3s a circula\u00e7\u00e3o dos v\u00eddeos na internet, a companhia a\u00e9rea lamentou o ato de viol\u00eancia e refor\u00e7ou que as a\u00e7\u00f5es tomadas pela equipe de tripulantes foram tomadas com foco na seguran\u00e7a.<\/figcaption><\/figure>\n\n\n\n<figure class=\"wp-block-video\"><video height=\"640\" style=\"aspect-ratio: 360 \/ 640;\" width=\"360\" controls src=\"https:\/\/noticiasnoface.com.br\/wp-content\/uploads\/2023\/02\/2023-02-03_080514_video-1.mp4\"><\/video><figcaption class=\"wp-element-caption\">Cabar\u00e9 grande dentro de avi\u00e3o <\/figcaption><\/figure>\n\n\n\n<figure class=\"wp-block-video\"><video height=\"848\" style=\"aspect-ratio: 480 \/ 848;\" width=\"480\" controls src=\"https:\/\/noticiasnoface.com.br\/wp-content\/uploads\/2023\/02\/38b1600a-5cd0-4e35-aaca-787c8bf1eec4.mp4\"><\/video><figcaption class=\"wp-element-caption\">Baixaria entre passageiros em voo salvador pra S\u00e3o Paulo <\/figcaption><\/figure>\n\n\n\n<p><\/p>\n","protected":false},"excerpt":{"rendered":"","protected":false},"author":1,"featured_media":0,"comment_status":"open","ping_status":"open","sticky":false,"template":"","format":"standard","meta":{"site-sidebar-layout":"default","site-content-layout":"","ast-site-content-layout":"default","site-content-style":"default","site-sidebar-style":"default","ast-global-header-display":"","ast-banner-title-visibility":"","ast-main-header-display":"","ast-hfb-above-header-display":"","ast-hfb-below-header-display":"","ast-hfb-mobile-header-display":"","site-post-title":"","ast-breadcrumbs-content":"","ast-featured-img":"","footer-sml-layout":"","ast-disable-related-posts":"","theme-transparent-header-meta":"","adv-header-id-meta":"","stick-header-meta":"","header-above-stick-meta":"","header-main-stick-meta":"","header-below-stick-meta":"","astra-migrate-meta-layouts":"default","ast-page-background-enabled":"default","ast-page-background-meta":{"desktop":{"background-color":"var(--ast-global-color-4)","background-image":"","background-repeat":"repeat","background-position":"center center","background-size":"auto","background-attachment":"scroll","background-type":"","background-media":"","overlay-type":"","overlay-color":"","overlay-opacity":"","overlay-gradient":""},"tablet":{"background-color":"","background-image":"","background-repeat":"repeat","background-position":"center center","background-size":"auto","background-attachment":"scroll","background-type":"","background-media":"","overlay-type":"","overlay-color":"","overlay-opacity":"","overlay-gradient":""},"mobile":{"background-color":"","background-image":"","background-repeat":"repeat","background-position":"center center","background-size":"auto","background-attachment":"scroll","background-type":"","background-media":"","overlay-type":"","overlay-color":"","overlay-opacity":"","overlay-gradient":""}},"ast-content-background-meta":{"desktop":{"background-color":"var(--ast-global-color-5)","background-image":"","background-repeat":"repeat","background-position":"center center","background-size":"auto","background-attachment":"scroll","background-type":"","background-media":"","overlay-type":"","overlay-color":"","overlay-opacity":"","overlay-gradient":""},"tablet":{"background-color":"var(--ast-global-color-5)","background-image":"","background-repeat":"repeat","background-position":"center center","background-size":"auto","background-attachment":"scroll","background-type":"","background-media":"","overlay-type":"","overlay-color":"","overlay-opacity":"","overlay-gradient":""},"mobile":{"background-color":"var(--ast-global-color-5)","background-image":"","background-repeat":"repeat","background-position":"center center","background-size":"auto","background-attachment":"scroll","background-type":"","background-media":"","overlay-type":"","overlay-color":"","overlay-opacity":"","overlay-gradient":""}},"footnotes":""},"categories":[517],"tags":[2509,2510,2229,2236,199,280],"class_list":["post-14532","post","type-post","status-publish","format-standard","hentry","category-aconteceu","tag-briga-no-aviao","tag-cacete-grande","tag-noticas-do-face","tag-noticas-no-face","tag-noticiasnoface","tag-voo"],"_links":{"self":[{"href":"https:\/\/noticiasnoface.com.br\/index.php\/wp-json\/wp\/v2\/posts\/14532","targetHints":{"allow":["GET"]}}],"collection":[{"href":"https:\/\/noticiasnoface.com.br\/index.php\/wp-json\/wp\/v2\/posts"}],"about":[{"href":"https:\/\/noticiasnoface.com.br\/index.php\/wp-json\/wp\/v2\/types\/post"}],"author":[{"embeddable":true,"href":"https:\/\/noticiasnoface.com.br\/index.php\/wp-json\/wp\/v2\/users\/1"}],"replies":[{"embeddable":true,"href":"https:\/\/noticiasnoface.com.br\/index.php\/wp-json\/wp\/v2\/comments?post=14532"}],"version-history":[{"count":1,"href":"https:\/\/noticiasnoface.com.br\/index.php\/wp-json\/wp\/v2\/posts\/14532\/revisions"}],"predecessor-version":[{"id":14533,"href":"https:\/\/noticiasnoface.com.br\/index.php\/wp-json\/wp\/v2\/posts\/14532\/revisions\/14533"}],"wp:attachment":[{"href":"https:\/\/noticiasnoface.com.br\/index.php\/wp-json\/wp\/v2\/media?parent=14532"}],"wp:term":[{"taxonomy":"category","embeddable":true,"href":"https:\/\/noticiasnoface.com.br\/index.php\/wp-json\/wp\/v2\/categories?post=14532"},{"taxonomy":"post_tag","embeddable":true,"href":"https:\/\/noticiasnoface.com.br\/index.php\/wp-json\/wp\/v2\/tags?post=14532"}],"curies":[{"name":"wp","href":"https:\/\/api.w.org\/{rel}","templated":true}]}}