{"id":14572,"date":"2023-02-05T12:16:33","date_gmt":"2023-02-05T15:16:33","guid":{"rendered":"https:\/\/noticiasnoface.com.br\/?p=14572"},"modified":"2023-02-05T12:16:34","modified_gmt":"2023-02-05T15:16:34","slug":"ifood-e-rappi-podem-sair-do-brasil","status":"publish","type":"post","link":"https:\/\/noticiasnoface.com.br\/index.php\/2023\/02\/05\/ifood-e-rappi-podem-sair-do-brasil\/","title":{"rendered":"Ifood e Rappi podem sair do Brasil"},"content":{"rendered":"\n<figure class=\"wp-block-image size-large\"><img data-opt-id=803341189  fetchpriority=\"high\" decoding=\"async\" width=\"1024\" height=\"683\" src=\"https:\/\/mlbfrsat7ahr.i.optimole.com\/w:1024\/h:683\/q:mauto\/ig:avif\/https:\/\/noticiasnoface.com.br\/wp-content\/uploads\/2023\/02\/img_1244.jpg\" class=\"wp-image-14571\" srcset=\"https:\/\/mlbfrsat7ahr.i.optimole.com\/w:1024\/h:683\/q:mauto\/ig:avif\/https:\/\/noticiasnoface.com.br\/wp-content\/uploads\/2023\/02\/img_1244.jpg 1024w, https:\/\/mlbfrsat7ahr.i.optimole.com\/w:300\/h:200\/q:mauto\/ig:avif\/https:\/\/noticiasnoface.com.br\/wp-content\/uploads\/2023\/02\/img_1244.jpg 300w, https:\/\/mlbfrsat7ahr.i.optimole.com\/w:768\/h:512\/q:mauto\/ig:avif\/https:\/\/noticiasnoface.com.br\/wp-content\/uploads\/2023\/02\/img_1244.jpg 768w, https:\/\/mlbfrsat7ahr.i.optimole.com\/w:1200\/h:800\/q:mauto\/ig:avif\/https:\/\/noticiasnoface.com.br\/wp-content\/uploads\/2023\/02\/img_1244.jpg 1200w\" sizes=\"(max-width: 1000px) 100vw, 1000px\" \/><figcaption class=\"wp-element-caption\">iFood e Rappi temem reforma sugerida por Lula e v\u00e3o atr\u00e1s de deputados<br>Deputados de diferentes posi\u00e7\u00f5es pol\u00edticas receberam liga\u00e7\u00f5es do iFood e do Rappi para conversar sobre a regula\u00e7\u00e3o proposta por Lula<br><img data-opt-id=1591055474  fetchpriority=\"high\" decoding=\"async\" src=\"https:\/\/uploads.metropoles.com\/wp-content\/uploads\/2022\/09\/30115540\/image-4-5-1024x683.jpg\" alt=\"\" srcset=\"https:\/\/uploads.metropoles.com\/wp-content\/uploads\/2022\/09\/30115540\/image-4-5-1024x683.jpg 1024w, https:\/\/uploads.metropoles.com\/wp-content\/uploads\/2022\/09\/30115540\/image-4-5-300x200.jpg 300w, https:\/\/uploads.metropoles.com\/wp-content\/uploads\/2022\/09\/30115540\/image-4-5-960x640.jpg 960w, https:\/\/uploads.metropoles.com\/wp-content\/uploads\/2022\/09\/30115540\/image-4-5-600x400.jpg 600w, https:\/\/uploads.metropoles.com\/wp-content\/uploads\/2022\/09\/30115540\/image-4-5-450x300.jpg 450w, https:\/\/uploads.metropoles.com\/wp-content\/uploads\/2022\/09\/30115540\/image-4-5-120x80.jpg 120w, https:\/\/uploads.metropoles.com\/wp-content\/uploads\/2022\/09\/30115540\/image-4-5-70x47.jpg 70w, https:\/\/uploads.metropoles.com\/wp-content\/uploads\/2022\/09\/30115540\/image-4-5-150x100.jpg 150w, https:\/\/uploads.metropoles.com\/wp-content\/uploads\/2022\/09\/30115540\/image-4-5.jpg 1200w\" class=\"extendsBeyondTextColumn\"><br>\u00c9 dif\u00edcil encontrar um deputado que n\u00e3o tenha recebido liga\u00e7\u00f5es do <a rel=\"noreferrer noopener\" href=\"https:\/\/www.metropoles.com\/colunas\/guilherme-amado\/processo-do-ifood-no-cade-ganha-mais-um-personagem?amp\" target=\"_blank\">iFood<\/a> e do <a rel=\"noreferrer noopener\" href=\"https:\/\/www.metropoles.com\/colunas\/guilherme-amado\/rappi-pede-ao-cade-anulacao-de-contratos-da-ifood?amp\" target=\"_blank\">Rappi<\/a> neste in\u00edcio de ano. As empresas est\u00e3o procurando os parlamentares para tratar da <a rel=\"noreferrer noopener\" href=\"https:\/\/www.metropoles.com\/negocios\/modelo-de-negocio-e-inviavel-com-entregador-clt-diz-diretor-do-ifood?amp\" target=\"_blank\">regula\u00e7\u00e3o do trabalho de aplicativo<\/a> proposta pelo governo Lula.<br>Os representantes das empresas n\u00e3o restringiram a procura a um nicho ideol\u00f3gico da <a rel=\"noreferrer noopener\" href=\"https:\/\/www.camara.leg.br\/\" target=\"_blank\">C\u00e2mara<\/a>. Deputados de esquerda e at\u00e9 os bolsonaristas mais ferrenhos receberam liga\u00e7\u00f5es telef\u00f4nicas.<br>Os parlamentares que conversaram com o iFood e o Rappi afirmam que \u00e9 n\u00edtida a preocupa\u00e7\u00e3o das empresas com a ideia de regulamentar o trabalho feito por meio de plataformas digitais.<br><br>O governo Lula <a rel=\"noreferrer noopener\" href=\"https:\/\/www.jota.info\/tributos-e-empresas\/trabalho\/lula-anunciara-nesta-quarta-comissao-sobre-regulacao-do-trabalho-por-aplicativos-17012023\" target=\"_blank\">criar\u00e1<\/a> uma comiss\u00e3o para desenvolver a proposta. O ministro do Trabalho, Luiz Marinho, chefiar\u00e1 os trabalhos. O secret\u00e1rio de Economia Solid\u00e1ria, Gilberto Carvalho, tamb\u00e9m est\u00e1 envolvido na elabora\u00e7\u00e3o do texto.<\/figcaption><\/figure>\n","protected":false},"excerpt":{"rendered":"","protected":false},"author":1,"featured_media":0,"comment_status":"open","ping_status":"open","sticky":false,"template":"","format":"standard","meta":{"site-sidebar-layout":"default","site-content-layout":"","ast-site-content-layout":"default","site-content-style":"default","site-sidebar-style":"default","ast-global-header-display":"","ast-banner-title-visibility":"","ast-main-header-display":"","ast-hfb-above-header-display":"","ast-hfb-below-header-display":"","ast-hfb-mobile-header-display":"","site-post-title":"","ast-breadcrumbs-content":"","ast-featured-img":"","footer-sml-layout":"","ast-disable-related-posts":"","theme-transparent-header-meta":"","adv-header-id-meta":"","stick-header-meta":"","header-above-stick-meta":"","header-main-stick-meta":"","header-below-stick-meta":"","astra-migrate-meta-layouts":"default","ast-page-background-enabled":"default","ast-page-background-meta":{"desktop":{"background-color":"var(--ast-global-color-4)","background-image":"","background-repeat":"repeat","background-position":"center center","background-size":"auto","background-attachment":"scroll","background-type":"","background-media":"","overlay-type":"","overlay-color":"","overlay-opacity":"","overlay-gradient":""},"tablet":{"background-color":"","background-image":"","background-repeat":"repeat","background-position":"center center","background-size":"auto","background-attachment":"scroll","background-type":"","background-media":"","overlay-type":"","overlay-color":"","overlay-opacity":"","overlay-gradient":""},"mobile":{"background-color":"","background-image":"","background-repeat":"repeat","background-position":"center center","background-size":"auto","background-attachment":"scroll","background-type":"","background-media":"","overlay-type":"","overlay-color":"","overlay-opacity":"","overlay-gradient":""}},"ast-content-background-meta":{"desktop":{"background-color":"var(--ast-global-color-5)","background-image":"","background-repeat":"repeat","background-position":"center center","background-size":"auto","background-attachment":"scroll","background-type":"","background-media":"","overlay-type":"","overlay-color":"","overlay-opacity":"","overlay-gradient":""},"tablet":{"background-color":"var(--ast-global-color-5)","background-image":"","background-repeat":"repeat","background-position":"center center","background-size":"auto","background-attachment":"scroll","background-type":"","background-media":"","overlay-type":"","overlay-color":"","overlay-opacity":"","overlay-gradient":""},"mobile":{"background-color":"var(--ast-global-color-5)","background-image":"","background-repeat":"repeat","background-position":"center center","background-size":"auto","background-attachment":"scroll","background-type":"","background-media":"","overlay-type":"","overlay-color":"","overlay-opacity":"","overlay-gradient":""}},"footnotes":""},"categories":[517],"tags":[202,2008,2229,2236,2522],"class_list":["post-14572","post","type-post","status-publish","format-standard","hentry","category-aconteceu","tag-brasil","tag-ifood","tag-noticas-do-face","tag-noticas-no-face","tag-rappi"],"_links":{"self":[{"href":"https:\/\/noticiasnoface.com.br\/index.php\/wp-json\/wp\/v2\/posts\/14572","targetHints":{"allow":["GET"]}}],"collection":[{"href":"https:\/\/noticiasnoface.com.br\/index.php\/wp-json\/wp\/v2\/posts"}],"about":[{"href":"https:\/\/noticiasnoface.com.br\/index.php\/wp-json\/wp\/v2\/types\/post"}],"author":[{"embeddable":true,"href":"https:\/\/noticiasnoface.com.br\/index.php\/wp-json\/wp\/v2\/users\/1"}],"replies":[{"embeddable":true,"href":"https:\/\/noticiasnoface.com.br\/index.php\/wp-json\/wp\/v2\/comments?post=14572"}],"version-history":[{"count":1,"href":"https:\/\/noticiasnoface.com.br\/index.php\/wp-json\/wp\/v2\/posts\/14572\/revisions"}],"predecessor-version":[{"id":14573,"href":"https:\/\/noticiasnoface.com.br\/index.php\/wp-json\/wp\/v2\/posts\/14572\/revisions\/14573"}],"wp:attachment":[{"href":"https:\/\/noticiasnoface.com.br\/index.php\/wp-json\/wp\/v2\/media?parent=14572"}],"wp:term":[{"taxonomy":"category","embeddable":true,"href":"https:\/\/noticiasnoface.com.br\/index.php\/wp-json\/wp\/v2\/categories?post=14572"},{"taxonomy":"post_tag","embeddable":true,"href":"https:\/\/noticiasnoface.com.br\/index.php\/wp-json\/wp\/v2\/tags?post=14572"}],"curies":[{"name":"wp","href":"https:\/\/api.w.org\/{rel}","templated":true}]}}