{"id":14578,"date":"2023-02-05T16:51:01","date_gmt":"2023-02-05T19:51:01","guid":{"rendered":"https:\/\/noticiasnoface.com.br\/?p=14578"},"modified":"2023-02-05T16:51:02","modified_gmt":"2023-02-05T19:51:02","slug":"a-farsa-do-feminismo","status":"publish","type":"post","link":"https:\/\/noticiasnoface.com.br\/index.php\/2023\/02\/05\/a-farsa-do-feminismo\/","title":{"rendered":"A farsa do feminismo"},"content":{"rendered":"\n<figure class=\"wp-block-image size-large\"><img data-opt-id=197321475  fetchpriority=\"high\" decoding=\"async\" width=\"964\" height=\"1024\" src=\"https:\/\/mlbfrsat7ahr.i.optimole.com\/w:964\/h:1024\/q:mauto\/ig:avif\/https:\/\/noticiasnoface.com.br\/wp-content\/uploads\/2023\/02\/img_1272.jpg\" class=\"wp-image-14577\" srcset=\"https:\/\/mlbfrsat7ahr.i.optimole.com\/w:964\/h:1024\/q:mauto\/ig:avif\/https:\/\/noticiasnoface.com.br\/wp-content\/uploads\/2023\/02\/img_1272.jpg 964w, https:\/\/mlbfrsat7ahr.i.optimole.com\/w:282\/h:300\/q:mauto\/ig:avif\/https:\/\/noticiasnoface.com.br\/wp-content\/uploads\/2023\/02\/img_1272.jpg 282w, https:\/\/mlbfrsat7ahr.i.optimole.com\/w:768\/h:816\/q:mauto\/ig:avif\/https:\/\/noticiasnoface.com.br\/wp-content\/uploads\/2023\/02\/img_1272.jpg 768w, https:\/\/mlbfrsat7ahr.i.optimole.com\/w:1016\/h:1080\/q:mauto\/ig:avif\/https:\/\/noticiasnoface.com.br\/wp-content\/uploads\/2023\/02\/img_1272.jpg 1242w\" sizes=\"(max-width: 964px) 100vw, 964px\" \/><figcaption class=\"wp-element-caption\">Essa mulher aqui promoveu uma tortura com estupro contra a pr\u00f3pria filha, que morreu.<br>Ela tamb\u00e9m lacra em rede social defendendo a farsante Mari Ferrer.<br>Stephanie de Jesus \u00e9 militante feminista e atua a favor do aborto. Caso Sophia: Justi\u00e7a demorou 10 meses para investigar m\u00e3e suspeita, e arquivou caso sem per\u00edcia para comprovar maus-tratos<br>Stephanie de Jesus da Silva, m\u00e3e de Sophia, n\u00e3o compareceu para prestar depoimentos e o caso foi arquivado. Menina morreu no dia 26 de janeiro por traumatismo na coluna cervical<br>No mesmo dia da den\u00fancia contra a m\u00e3e da menina, identificada como Stephanie de Jesus da Silva, foi solicitado pela pol\u00edcia o exame de corpo de delito para constatar as agress\u00f5es. O procedimento, no entanto, n\u00e3o foi realizado, motivo pelo qual a Delegacia Especializada de Prote\u00e7\u00e3o \u00e0 Crian\u00e7a e ao Adolescente (DEPCA) solicitou, em 15 de mar\u00e7o, urg\u00eancia no exame. Ainda assim, ele nunca foi feito. <br>Tanto \u00e0 pol\u00edcia quanto ao Conselho Tutelar, Jean relatou que Delziene de Jesus, sua ex-sogra, disse que Sophia estava apanhando, sendo mal alimentada e vivendo em \u201clocal insalubre\u201d. Ela ainda teria dito que havia brigado com Stephanie ao v\u00ea-la agredindo a menina. Em mar\u00e7o, quando foi convocada a depor como testemunha, a av\u00f3 negou parte da vers\u00e3o, relatando apenas que a filha andava \u201cmuito estressada\u201d, mas que nunca tinha batido na neta. <br><img data-opt-id=1750249781  fetchpriority=\"high\" decoding=\"async\" src=\"https:\/\/s2.glbimg.com\/FwrVyYAavsoWKmjkHkbdaWCbyMw=\/0x91:1440x1079\/984x0\/smart\/filters:strip_icc()\/i.s3.glbimg.com\/v1\/AUTH_da025474c0c44edd99332dddb09cabe8\/internal_photos\/bs\/2023\/d\/m\/e1fyN4T9ypkAjmWJ96qw\/sophia-2.jpg\" alt=\"Na foto, Jean Carlos Ocampo, pai de Sophia de Jesus Ocampo, ao meio, e Igor de Andrade, padrasto da v\u00edtima \u2014 Foto: Reprodu\u00e7\u00e3o\" srcset=\"https:\/\/s2.glbimg.com\/7naJd_lxiLGl0J7vm7-cKy35tGQ=\/0x91:1440x1079\/1000x0\/smart\/filters:strip_icc()\/i.s3.glbimg.com\/v1\/AUTH_da025474c0c44edd99332dddb09cabe8\/internal_photos\/bs\/2023\/d\/m\/e1fyN4T9ypkAjmWJ96qw\/sophia-2.jpg 1000w, https:\/\/s2.glbimg.com\/FwrVyYAavsoWKmjkHkbdaWCbyMw=\/0x91:1440x1079\/984x0\/smart\/filters:strip_icc()\/i.s3.glbimg.com\/v1\/AUTH_da025474c0c44edd99332dddb09cabe8\/internal_photos\/bs\/2023\/d\/m\/e1fyN4T9ypkAjmWJ96qw\/sophia-2.jpg 984w, https:\/\/s2.glbimg.com\/XyqmogL_8ywtsn-9JIEMpo-22vM=\/0x91:1440x1079\/640x0\/smart\/filters:strip_icc()\/i.s3.glbimg.com\/v1\/AUTH_da025474c0c44edd99332dddb09cabe8\/internal_photos\/bs\/2023\/d\/m\/e1fyN4T9ypkAjmWJ96qw\/sophia-2.jpg 640w, https:\/\/s2.glbimg.com\/Dr7hCYVdTmj55RiI5pzdMB3PKnc=\/0x91:1440x1079\/600x0\/smart\/filters:strip_icc()\/i.s3.glbimg.com\/v1\/AUTH_da025474c0c44edd99332dddb09cabe8\/internal_photos\/bs\/2023\/d\/m\/e1fyN4T9ypkAjmWJ96qw\/sophia-2.jpg 600w\"><br>Na foto, Jean Carlos Ocampo, pai de Sophia de Jesus Ocampo, ao meio, e Igor de Andrade, padrasto da v\u00edtima \u2014 Foto: Reprodu\u00e7\u00e3o<br>Mesmo com fotos apresentadas \u00e0s autoridades, de Sophia machucada nos bra\u00e7os e rosto e com hematomas pelo corpo, Stephanie tamb\u00e9m negou os maus-tratos \u00e0 crian\u00e7a. Segundo ela, os machucados eram decorrentes de \u201cbrincadeiras em um carrinho de beb\u00ea enquanto aprendia a andar\u201d, justificativa confirmada pela m\u00e3e. <br>A advogada Janice Andrade, que representa Jean Carlos, defende que o Minist\u00e9rio P\u00fablico errou ao n\u00e3o insistir para que o exame de les\u00e3o corporal fosse feito na menina. Al\u00e9m disso, ela aponta que em nenhum momento o \u00f3rg\u00e3o trabalhou em parceria com o Conselho Tutelar, que possu\u00eda v\u00eddeos que mostravam as p\u00e9ssimas condi\u00e7\u00f5es em que Sophia vivia. Outro ponto ressaltado \u00e9 que a DEPCA e o MP n\u00e3o intimaram o companheiro de Stephanie, Christian Campo\u00e7ano Leitheim, igualmente suspeito de agredir e estuprar a crian\u00e7a. <br>No atendimento realizado em maio do ano passado a Jean e a Sophia, o Conselho Tutelar detalhou que em um v\u00eddeo era poss\u00edvel \u201cobservar a neglig\u00eancia da resid\u00eancia e possivelmente com a crian\u00e7a\u201d. No documento, tamb\u00e9m \u00e9 especificado que Stephanie havia sido denunciada por maus-tratos a animais. Na ocasi\u00e3o das den\u00fancias, o \u00f3rg\u00e3o de prote\u00e7\u00e3o infantil sugeriu o pedido de guarda por Jean. Contudo, n\u00e3o houve tempo de concluir o processo. <br>\u2014 \u00c9 um absurdo n\u00e3o ter sido feito o exame de corpo de delito. O Jean n\u00e3o conseguiu pegar a Sophia porque a m\u00e3e n\u00e3o deixava quando soube que estava sendo investigada. Em nenhum momento o Minist\u00e9rio P\u00fablico acionou o Conselho Tutelar para colher mais provas do crime, nem o posto de sa\u00fade. Tinham fotos, prints de WhatsApp da m\u00e3e da Stephanie falando sobre as agress\u00f5es, mas a agressora negou e ficou por isso mesmo \u2014 afirma a advogada. <br><img data-opt-id=1575648264  data-opt-src=\"https:\/\/s01.video.glbimg.com\/x240\/11336908.jpg\"  decoding=\"async\" src=\"data:image/svg+xml,%3Csvg%20viewBox%3D%220%200%20100%%20100%%22%20width%3D%22100%%22%20height%3D%22100%%22%20xmlns%3D%22http%3A%2F%2Fwww.w3.org%2F2000%2Fsvg%22%3E%3Crect%20width%3D%22100%%22%20height%3D%22100%%22%20fill%3D%22transparent%22%2F%3E%3C%2Fsvg%3E\" alt=\"Caso Sophia: v\u00eddeo mostra menina na casa dos pais cantando\" class=\"extendsBeyondTextColumn\"><br>Caso Sophia: v\u00eddeo mostra menina na casa dos pais cantando <br>O GLOBO procurou o Minist\u00e9rio P\u00fablico do Mato Grosso do Sul e a Pol\u00edcia Civil, que n\u00e3o se pronunciaram at\u00e9 o fechamento desta reportagem. <br><br>Den\u00fancia encaminhada ao MP<br><br>Em 14 de junho, a den\u00fancia feita na DEPCA foi encaminhada ao Minist\u00e9rio P\u00fablico do Mato Grosso do Sul. Ent\u00e3o, uma audi\u00eancia preliminar foi agendada para o dia 20 de outubro. Procurada tr\u00eas vezes pela Justi\u00e7a, Stephanie n\u00e3o compareceu. <br>Na audi\u00eancia, Jean informou que depois da den\u00fancia, a filha n\u00e3o havia mais chegado na casa dele com hematomas na gravidade da anterior e que n\u00e3o tinha mais \u201cinteresse no prosseguimento do presente procedimento criminal\u201d, conforme detalhou o inqu\u00e9rito. A advogada do t\u00e9cnico de enfermagem, no entanto, alega que devido ao n\u00e3o comparecimento de Stephanie na audi\u00eancia e por toda a demora no processo, Jean se sentiu coagido a deixar o caso ser arquivado. <br>\u2014 Ele foi na audi\u00eancia sozinho e a promotoria perguntou se tinha tido outra agress\u00e3o num n\u00edvel de deixar a menina roxa. Ele disse que n\u00e3o, mas que ela apresentava algumas escoria\u00e7\u00f5es. Mas sabemos que a Justi\u00e7a induz a v\u00edtima a arquivar o caso, pela morosidade \u2014 pontua Janice. <br>O laudo de necr\u00f3psia do corpo da menina Sophia de Jesus Ocampo apontou que a causa da morte foi por traumatismo na coluna cervical e confirmou o estupro. Em entrevista ao GLOBO, o padrasto da v\u00edtima, Igor de Andrade, casado com o pai da crian\u00e7a, relatou que em uma das vistorias realizadas no corpo de Sophia ap\u00f3s as suspeitas de maus-tratos foi observada uma fissura na regi\u00e3o do \u00e2nus. Ao questionar a m\u00e3e sobre o ferimento, ela teria dito que a filha estava apenas \u201cressecada\u201d. <br>\u2014 A gente perguntou \u00e0 genitora sobre a situa\u00e7\u00e3o da regi\u00e3o \u00edntima da Sophia, mas ela respondeu que ela s\u00f3 estava muito ressecada. Ela tamb\u00e9m chorava para dormir e quando a gente perguntava o que ela tinha, ela dizia &#8220;papai brigou e bateu&#8221; \u2014 relata. <br>Stephanie de Jesus Da Silva e Christian Campo\u00e7ano Leitheim, m\u00e3e e padrasto da menina, est\u00e3o presos preventivamente pelos crimes de homic\u00eddio qualificado por motivo f\u00fatil e estupro de vulner\u00e1vel.<\/figcaption><\/figure>\n","protected":false},"excerpt":{"rendered":"","protected":false},"author":1,"featured_media":0,"comment_status":"open","ping_status":"open","sticky":false,"template":"","format":"standard","meta":{"site-sidebar-layout":"default","site-content-layout":"","ast-site-content-layout":"default","site-content-style":"default","site-sidebar-style":"default","ast-global-header-display":"","ast-banner-title-visibility":"","ast-main-header-display":"","ast-hfb-above-header-display":"","ast-hfb-below-header-display":"","ast-hfb-mobile-header-display":"","site-post-title":"","ast-breadcrumbs-content":"","ast-featured-img":"","footer-sml-layout":"","ast-disable-related-posts":"","theme-transparent-header-meta":"","adv-header-id-meta":"","stick-header-meta":"","header-above-stick-meta":"","header-main-stick-meta":"","header-below-stick-meta":"","astra-migrate-meta-layouts":"default","ast-page-background-enabled":"default","ast-page-background-meta":{"desktop":{"background-color":"var(--ast-global-color-4)","background-image":"","background-repeat":"repeat","background-position":"center center","background-size":"auto","background-attachment":"scroll","background-type":"","background-media":"","overlay-type":"","overlay-color":"","overlay-opacity":"","overlay-gradient":""},"tablet":{"background-color":"","background-image":"","background-repeat":"repeat","background-position":"center center","background-size":"auto","background-attachment":"scroll","background-type":"","background-media":"","overlay-type":"","overlay-color":"","overlay-opacity":"","overlay-gradient":""},"mobile":{"background-color":"","background-image":"","background-repeat":"repeat","background-position":"center center","background-size":"auto","background-attachment":"scroll","background-type":"","background-media":"","overlay-type":"","overlay-color":"","overlay-opacity":"","overlay-gradient":""}},"ast-content-background-meta":{"desktop":{"background-color":"var(--ast-global-color-5)","background-image":"","background-repeat":"repeat","background-position":"center center","background-size":"auto","background-attachment":"scroll","background-type":"","background-media":"","overlay-type":"","overlay-color":"","overlay-opacity":"","overlay-gradient":""},"tablet":{"background-color":"var(--ast-global-color-5)","background-image":"","background-repeat":"repeat","background-position":"center center","background-size":"auto","background-attachment":"scroll","background-type":"","background-media":"","overlay-type":"","overlay-color":"","overlay-opacity":"","overlay-gradient":""},"mobile":{"background-color":"var(--ast-global-color-5)","background-image":"","background-repeat":"repeat","background-position":"center center","background-size":"auto","background-attachment":"scroll","background-type":"","background-media":"","overlay-type":"","overlay-color":"","overlay-opacity":"","overlay-gradient":""}},"footnotes":""},"categories":[517],"tags":[295,2071,2229,199],"class_list":["post-14578","post","type-post","status-publish","format-standard","hentry","category-aconteceu","tag-farsa","tag-feminista","tag-noticas-do-face","tag-noticiasnoface"],"_links":{"self":[{"href":"https:\/\/noticiasnoface.com.br\/index.php\/wp-json\/wp\/v2\/posts\/14578","targetHints":{"allow":["GET"]}}],"collection":[{"href":"https:\/\/noticiasnoface.com.br\/index.php\/wp-json\/wp\/v2\/posts"}],"about":[{"href":"https:\/\/noticiasnoface.com.br\/index.php\/wp-json\/wp\/v2\/types\/post"}],"author":[{"embeddable":true,"href":"https:\/\/noticiasnoface.com.br\/index.php\/wp-json\/wp\/v2\/users\/1"}],"replies":[{"embeddable":true,"href":"https:\/\/noticiasnoface.com.br\/index.php\/wp-json\/wp\/v2\/comments?post=14578"}],"version-history":[{"count":1,"href":"https:\/\/noticiasnoface.com.br\/index.php\/wp-json\/wp\/v2\/posts\/14578\/revisions"}],"predecessor-version":[{"id":14579,"href":"https:\/\/noticiasnoface.com.br\/index.php\/wp-json\/wp\/v2\/posts\/14578\/revisions\/14579"}],"wp:attachment":[{"href":"https:\/\/noticiasnoface.com.br\/index.php\/wp-json\/wp\/v2\/media?parent=14578"}],"wp:term":[{"taxonomy":"category","embeddable":true,"href":"https:\/\/noticiasnoface.com.br\/index.php\/wp-json\/wp\/v2\/categories?post=14578"},{"taxonomy":"post_tag","embeddable":true,"href":"https:\/\/noticiasnoface.com.br\/index.php\/wp-json\/wp\/v2\/tags?post=14578"}],"curies":[{"name":"wp","href":"https:\/\/api.w.org\/{rel}","templated":true}]}}