{"id":14586,"date":"2023-02-05T21:07:58","date_gmt":"2023-02-06T00:07:58","guid":{"rendered":"https:\/\/noticiasnoface.com.br\/?p=14586"},"modified":"2023-02-05T21:07:59","modified_gmt":"2023-02-06T00:07:59","slug":"inss-divulga-calendario-de-pagamento-de-aposentados-e-pensionistas-vejam","status":"publish","type":"post","link":"https:\/\/noticiasnoface.com.br\/index.php\/2023\/02\/05\/inss-divulga-calendario-de-pagamento-de-aposentados-e-pensionistas-vejam\/","title":{"rendered":"INSS divulga calend\u00e1rio de pagamento de aposentados e pensionistas, vejam:"},"content":{"rendered":"\n<figure class=\"wp-block-image size-large\"><img data-opt-id=130058661  fetchpriority=\"high\" decoding=\"async\" width=\"1024\" height=\"872\" src=\"https:\/\/mlbfrsat7ahr.i.optimole.com\/w:1024\/h:872\/q:mauto\/ig:avif\/https:\/\/noticiasnoface.com.br\/wp-content\/uploads\/2023\/02\/img_1290.jpg\" class=\"wp-image-14584\" srcset=\"https:\/\/mlbfrsat7ahr.i.optimole.com\/w:1024\/h:872\/q:mauto\/ig:avif\/https:\/\/noticiasnoface.com.br\/wp-content\/uploads\/2023\/02\/img_1290.jpg 1024w, https:\/\/mlbfrsat7ahr.i.optimole.com\/w:300\/h:256\/q:mauto\/ig:avif\/https:\/\/noticiasnoface.com.br\/wp-content\/uploads\/2023\/02\/img_1290.jpg 300w, https:\/\/mlbfrsat7ahr.i.optimole.com\/w:768\/h:654\/q:mauto\/ig:avif\/https:\/\/noticiasnoface.com.br\/wp-content\/uploads\/2023\/02\/img_1290.jpg 768w, https:\/\/mlbfrsat7ahr.i.optimole.com\/w:1242\/h:1058\/q:mauto\/ig:avif\/https:\/\/noticiasnoface.com.br\/wp-content\/uploads\/2023\/02\/img_1290.jpg 1242w\" sizes=\"(max-width: 1000px) 100vw, 1000px\" \/><figcaption class=\"wp-element-caption\">INSS divulga calend\u00e1rio de pagamentos para aposentados e pensionistas<br>Mais de 37 milh\u00f5es de pessoas recebem benef\u00edcio<br><img data-opt-id=2013925220  fetchpriority=\"high\" decoding=\"async\" src=\"https:\/\/portaltocanews.com.br\/images\/noticias\/6976\/82e322e178a8d04ee96d15410ec14372.jpg\" alt=\"INSS divulga calend\u00e1rio de pagamentos para aposentados e pensionistas\" class=\"extendsBeyondTextColumn\"><br>O Instituto Nacional do Seguro Social (INSS) divulgou hoje (8), em Bras\u00edlia, o calend\u00e1rio de pagamento de 2023. Mais de 37 milh\u00f5es de aposentados e pensionistas recebem benef\u00edcios do \u00f3rg\u00e3o.<br>Para quem recebe um sal\u00e1rio m\u00ednimo, os dep\u00f3sitos referentes a janeiro ser\u00e3o feitos entre os dias 25 de janeiro e 7 de fevereiro. Segurados com renda mensal acima do piso nacional ter\u00e3o seus pagamentos creditados a partir de 1\u00ba de fevereiro.Continua depois da publicidade<br><strong>INSS Calendario pagamento aposentados<\/strong><br>Continua depois da publicidade<br>Os valores j\u00e1 ser\u00e3o pagos com o reajuste do sal\u00e1rio m\u00ednimo, que ainda n\u00e3o foi definido para o ano que vem.<br>Para saber quando o pagamento ser\u00e1 depositado, basta ver o n\u00famero final do cart\u00e3o de benef\u00edcio, sem considerar o \u00faltimo d\u00edgito verificador, que aparece depois do tra\u00e7o. Segundo o INSS, para aqueles que recebem seu benef\u00edcio h\u00e1 algum tempo, vale a data habitual.<\/figcaption><\/figure>\n\n\n\n<figure class=\"wp-block-image size-large\"><img data-opt-id=1752022938  data-opt-src=\"https:\/\/mlbfrsat7ahr.i.optimole.com\/w:300\/h:200\/q:mauto\/ig:avif\/https:\/\/noticiasnoface.com.br\/wp-content\/uploads\/2023\/02\/img_1291.jpg\"  decoding=\"async\" width=\"300\" height=\"200\" src=\"data:image/svg+xml,%3Csvg%20viewBox%3D%220%200%20300%20200%22%20width%3D%22300%22%20height%3D%22200%22%20xmlns%3D%22http%3A%2F%2Fwww.w3.org%2F2000%2Fsvg%22%3E%3Crect%20width%3D%22300%22%20height%3D%22200%22%20fill%3D%22transparent%22%2F%3E%3C%2Fsvg%3E\" class=\"wp-image-14585\" old-srcset=\"https:\/\/mlbfrsat7ahr.i.optimole.com\/w:300\/h:200\/q:mauto\/ig:avif\/https:\/\/noticiasnoface.com.br\/wp-content\/uploads\/2023\/02\/img_1291.jpg 300w, https:\/\/mlbfrsat7ahr.i.optimole.com\/w:768\/h:512\/q:mauto\/ig:avif\/https:\/\/noticiasnoface.com.br\/wp-content\/uploads\/2023\/02\/img_1291.jpg 768w, https:\/\/mlbfrsat7ahr.i.optimole.com\/w:1000\/h:667\/q:mauto\/ig:avif\/https:\/\/noticiasnoface.com.br\/wp-content\/uploads\/2023\/02\/img_1291.jpg 1000w\" \/><figcaption class=\"wp-element-caption\">Calend\u00e1rio INSS <\/figcaption><\/figure>\n","protected":false},"excerpt":{"rendered":"","protected":false},"author":1,"featured_media":0,"comment_status":"open","ping_status":"open","sticky":false,"template":"","format":"standard","meta":{"site-sidebar-layout":"default","site-content-layout":"","ast-site-content-layout":"default","site-content-style":"default","site-sidebar-style":"default","ast-global-header-display":"","ast-banner-title-visibility":"","ast-main-header-display":"","ast-hfb-above-header-display":"","ast-hfb-below-header-display":"","ast-hfb-mobile-header-display":"","site-post-title":"","ast-breadcrumbs-content":"","ast-featured-img":"","footer-sml-layout":"","ast-disable-related-posts":"","theme-transparent-header-meta":"","adv-header-id-meta":"","stick-header-meta":"","header-above-stick-meta":"","header-main-stick-meta":"","header-below-stick-meta":"","astra-migrate-meta-layouts":"default","ast-page-background-enabled":"default","ast-page-background-meta":{"desktop":{"background-color":"var(--ast-global-color-4)","background-image":"","background-repeat":"repeat","background-position":"center center","background-size":"auto","background-attachment":"scroll","background-type":"","background-media":"","overlay-type":"","overlay-color":"","overlay-opacity":"","overlay-gradient":""},"tablet":{"background-color":"","background-image":"","background-repeat":"repeat","background-position":"center center","background-size":"auto","background-attachment":"scroll","background-type":"","background-media":"","overlay-type":"","overlay-color":"","overlay-opacity":"","overlay-gradient":""},"mobile":{"background-color":"","background-image":"","background-repeat":"repeat","background-position":"center center","background-size":"auto","background-attachment":"scroll","background-type":"","background-media":"","overlay-type":"","overlay-color":"","overlay-opacity":"","overlay-gradient":""}},"ast-content-background-meta":{"desktop":{"background-color":"var(--ast-global-color-5)","background-image":"","background-repeat":"repeat","background-position":"center center","background-size":"auto","background-attachment":"scroll","background-type":"","background-media":"","overlay-type":"","overlay-color":"","overlay-opacity":"","overlay-gradient":""},"tablet":{"background-color":"var(--ast-global-color-5)","background-image":"","background-repeat":"repeat","background-position":"center center","background-size":"auto","background-attachment":"scroll","background-type":"","background-media":"","overlay-type":"","overlay-color":"","overlay-opacity":"","overlay-gradient":""},"mobile":{"background-color":"var(--ast-global-color-5)","background-image":"","background-repeat":"repeat","background-position":"center center","background-size":"auto","background-attachment":"scroll","background-type":"","background-media":"","overlay-type":"","overlay-color":"","overlay-opacity":"","overlay-gradient":""}},"footnotes":""},"categories":[517],"tags":[2511,2188,2229,2236,199,2524],"class_list":["post-14586","post","type-post","status-publish","format-standard","hentry","category-aconteceu","tag-aposentadoria","tag-inss","tag-noticas-do-face","tag-noticas-no-face","tag-noticiasnoface","tag-pensionistas"],"_links":{"self":[{"href":"https:\/\/noticiasnoface.com.br\/index.php\/wp-json\/wp\/v2\/posts\/14586","targetHints":{"allow":["GET"]}}],"collection":[{"href":"https:\/\/noticiasnoface.com.br\/index.php\/wp-json\/wp\/v2\/posts"}],"about":[{"href":"https:\/\/noticiasnoface.com.br\/index.php\/wp-json\/wp\/v2\/types\/post"}],"author":[{"embeddable":true,"href":"https:\/\/noticiasnoface.com.br\/index.php\/wp-json\/wp\/v2\/users\/1"}],"replies":[{"embeddable":true,"href":"https:\/\/noticiasnoface.com.br\/index.php\/wp-json\/wp\/v2\/comments?post=14586"}],"version-history":[{"count":1,"href":"https:\/\/noticiasnoface.com.br\/index.php\/wp-json\/wp\/v2\/posts\/14586\/revisions"}],"predecessor-version":[{"id":14587,"href":"https:\/\/noticiasnoface.com.br\/index.php\/wp-json\/wp\/v2\/posts\/14586\/revisions\/14587"}],"wp:attachment":[{"href":"https:\/\/noticiasnoface.com.br\/index.php\/wp-json\/wp\/v2\/media?parent=14586"}],"wp:term":[{"taxonomy":"category","embeddable":true,"href":"https:\/\/noticiasnoface.com.br\/index.php\/wp-json\/wp\/v2\/categories?post=14586"},{"taxonomy":"post_tag","embeddable":true,"href":"https:\/\/noticiasnoface.com.br\/index.php\/wp-json\/wp\/v2\/tags?post=14586"}],"curies":[{"name":"wp","href":"https:\/\/api.w.org\/{rel}","templated":true}]}}