{"id":14592,"date":"2023-02-06T08:45:55","date_gmt":"2023-02-06T11:45:55","guid":{"rendered":"https:\/\/noticiasnoface.com.br\/?p=14592"},"modified":"2023-02-06T08:45:56","modified_gmt":"2023-02-06T11:45:56","slug":"tragedia-terremoto-mata-mais-de-mil-pessoas-na-turquia","status":"publish","type":"post","link":"https:\/\/noticiasnoface.com.br\/index.php\/2023\/02\/06\/tragedia-terremoto-mata-mais-de-mil-pessoas-na-turquia\/","title":{"rendered":"TRAG\u00c9DIA- Terremoto mata mais de mil pessoas na Turquia"},"content":{"rendered":"\n<figure class=\"wp-block-image size-large\"><img data-opt-id=1226372056  fetchpriority=\"high\" decoding=\"async\" width=\"1024\" height=\"766\" src=\"https:\/\/mlbfrsat7ahr.i.optimole.com\/w:1024\/h:766\/q:mauto\/ig:avif\/https:\/\/noticiasnoface.com.br\/wp-content\/uploads\/2023\/02\/img_1301.jpg\" class=\"wp-image-14591\" srcset=\"https:\/\/mlbfrsat7ahr.i.optimole.com\/w:1024\/h:766\/q:mauto\/ig:avif\/https:\/\/noticiasnoface.com.br\/wp-content\/uploads\/2023\/02\/img_1301.jpg 1024w, https:\/\/mlbfrsat7ahr.i.optimole.com\/w:300\/h:224\/q:mauto\/ig:avif\/https:\/\/noticiasnoface.com.br\/wp-content\/uploads\/2023\/02\/img_1301.jpg 300w, https:\/\/mlbfrsat7ahr.i.optimole.com\/w:768\/h:574\/q:mauto\/ig:avif\/https:\/\/noticiasnoface.com.br\/wp-content\/uploads\/2023\/02\/img_1301.jpg 768w, https:\/\/mlbfrsat7ahr.i.optimole.com\/w:1242\/h:929\/q:mauto\/ig:avif\/https:\/\/noticiasnoface.com.br\/wp-content\/uploads\/2023\/02\/img_1301.jpg 1242w\" sizes=\"(max-width: 1000px) 100vw, 1000px\" \/><figcaption class=\"wp-element-caption\">Terremoto de magnitude 7,8 mata mais de 1,5 mil na Turquia e S\u00edria<br>Tremor, o maior na regi\u00e3o desde 1939, durou mais de um minuto e meio, gerou dezenas de r\u00e9plicas &#8211; a \u00faltima delas de magnitude 7,5 &#8211; e tamb\u00e9m foi sentido em Israel, no L\u00edbano, no Iraque e no Chipre. Milhares de pessoas ainda est\u00e3o desaparecidas.<br><br>Um <a href=\"https:\/\/g1.globo.com\/tudo-sobre\/terremoto\/\" target=\"_blank\" rel=\"noopener\">terremoto <\/a>de magnitude 7,8 atingiu a regi\u00e3o central da <a href=\"https:\/\/g1.globo.com\/tudo-sobre\/turquia\/\" target=\"_blank\" rel=\"noopener\">Turquia<\/a> e o noroeste da S\u00edria na manh\u00e3 desta segunda-feira (6), causando <strong>mais de 1.500 mortes<\/strong> nos dois pa\u00edses e deixando mais 5 mil pessoas feridas, al\u00e9m de milhares de desaparecidos. <br><a rel=\"noreferrer noopener\" href=\"https:\/\/api.whatsapp.com\/send?text=https:\/\/g1.globo.com\/mundo\/noticia\/2023\/02\/05\/forte-terremoto-atinge-a-regiao-central-da-turquia.ghtml?utm_source%3Dwhatsapp%26utm_medium%3Dshare-engagement%26utm_campaign%3Dte-materias\" target=\"_blank\">Compartilhe esta not\u00edcia pelo WhatsApp<\/a><br><a rel=\"noreferrer noopener\" href=\"https:\/\/telegram.me\/share\/url?url=https:\/\/g1.globo.com\/mundo\/noticia\/2023\/02\/05\/forte-terremoto-atinge-a-regiao-central-da-turquia.ghtml?utm_source%3Dtelegram%26utm_medium%3Dshare-engagement%26utm_campaign%3Dte-materias\" target=\"_blank\">Compartilhe esta not\u00edcia pelo Telegram<\/a><br>Este \u00e9 o<strong> terremoto mais forte desde 1939 na regi\u00e3o,<\/strong> que fica sobre v\u00e1rias placas tect\u00f4nicas. Segundo relatos, o tremor<strong> durou mais de um minuto e meio<\/strong> e gerou<strong> dezenas de r\u00e9plicas.<\/strong> A \u00faltima delas foi<strong> outro terremoto de magnitude 7,6 <\/strong>tamb\u00e9m na regi\u00e3o central da Turquia por volta de 13h30 no hor\u00e1rio local (07h30 no hor\u00e1rio de Bras\u00edlia). <br>A <strong>profundidade, de cerca de dez quil\u00f4metros,<\/strong> e a<strong> dura\u00e7\u00e3o <\/strong>do tremor s\u00e3o dois fatores que explicam a grande destrui\u00e7\u00e3o provocada &#8211; imagens mostram pr\u00e9dios inteiros desabados e munic\u00edpios amplamente destru\u00eddos. <br>Segundo as autoridades, se sabe que: <br>Segundo o \u00faltimo balan\u00e7o do governo turco, <strong>912 pessoas morreram na Turquia<\/strong>;<br>Na <strong>S\u00edria<\/strong>, foram 592 <strong>mortos<\/strong>, segundo a ag\u00eancia de not\u00edcias s\u00edria Sana; <br>Mais de 50 mil pessoas ficaram feridas, e<strong>milhares<\/strong> ainda est\u00e3o<strong> desaparecidas<\/strong>; <br>At\u00e9 a \u00faltima atualiza\u00e7\u00e3o desta reportagem, mais de 40 r\u00e9plicas foram registradas;<br>O epicentro foi a<strong> 10 quil\u00f4metros da superf\u00edcie, segundo o Centro Alem\u00e3o de Pesquisa em Geoci\u00eancias &#8211;<\/strong> esta \u00e9 uma profundidade considerada baixa,<strong>muito pr\u00f3xima ao solo<\/strong>, e pode explicar, em parte, o tamanho da destrui\u00e7\u00e3o provocada; <br>O epicentro do tremor foi no povoado de Kahramanmaras, pr\u00f3ximo \u00e0 cidade de Gaziantep, no sudoeste, bem perto da fronteira com a S\u00edria, e atingiu um <strong>raio de cerca de 250 km<\/strong>; <br>O noroeste da S\u00edria tamb\u00e9m foi fortemente afetado; <br>O tremor tamb\u00e9m foi sentido em Israel, Chipre e no L\u00edbano; <br>Segundo o governo turco, mais de 45 pa\u00edses j\u00e1 anunciaram que enviar\u00e3o ajuda humanit\u00e1ria e equipes de busca (<strong>leia mais abaixo<\/strong>);<br><strong>ANTES E DEPOIS: <\/strong><a href=\"https:\/\/g1.globo.com\/mundo\/noticia\/2023\/02\/06\/castelo-ddanos-severos-apos-terremoto-na-turquia.ghtml\" target=\"_blank\" rel=\"noopener\">Castelo de mais de 2 mil anos sofre danos severos ap\u00f3s terremoto na Turquia<\/a>;<br><strong>V\u00cdDEO:<\/strong> <a href=\"https:\/\/g1.globo.com\/mundo\/video\/imagens-de-cameras-de-seguranca-mostram-momento-em-que-terremoto-atinge-a-turquia-11342439.ghtml\" target=\"_blank\" rel=\"noopener\">C\u00e2mera de seguran\u00e7a mostra momento em que terremoto atinge a Turquia; <\/a><br><strong>FOTOS:<\/strong> <a href=\"https:\/\/g1.globo.com\/mundo\/noticia\/2023\/02\/06\/imagens-terremoto.ghtml\" target=\"_blank\" rel=\"noopener\">Veja imagens do rastro de destrui\u00e7\u00e3o deixado pelo terromoto na Turquia e na S\u00edria<\/a>. <br><br>Buscas e resgates<br><br><img data-opt-id=205247023  fetchpriority=\"high\" decoding=\"async\" src=\"https:\/\/s2.glbimg.com\/qh5sJmbQO_YTflLtDPI1yjFMKLA=\/0x0:5760x3840\/600x0\/smart\/filters:gifv():strip_icc()\/i.s3.glbimg.com\/v1\/AUTH_59edd422c0c84a879bd37670ae4f538a\/internal_photos\/bs\/2023\/B\/N\/a5jLI6RfOYMjagfeNVQw\/2023-02-06t045620z-895667236-rc2g5z901j6v-rtrmadp-3-turkey-quake.jpg\" alt=\"Pessoas procuram conhecidos entre escombros ap\u00f3s terremoto. \u2014 Foto: Reuters\/Sertac Kayar\" class=\"extendsBeyondTextColumn\"><br>Pessoas procuram conhecidos entre escombros ap\u00f3s terremoto. \u2014 Foto: Reuters\/Sertac Kayar <br><img data-opt-id=697239473  decoding=\"async\" src=\"https:\/\/s2.glbimg.com\/Qy373i8x7MXxrKEahQCX6P3-BRc=\/0x131:1280x852\/600x0\/smart\/filters:gifv():strip_icc()\/i.s3.glbimg.com\/v1\/AUTH_59edd422c0c84a879bd37670ae4f538a\/internal_photos\/bs\/2023\/q\/k\/vRhBB0TYam0qUq3BuPrg\/2023-02-06t042115z-675772940-rc2f5z9giu9d-rtrmadp-3-turkey-quake-syria.jpg\" alt=\"Equipes de resgate carregam uma pessoa em uma maca em meio aos escombros  \u2014 Foto: Reuterus\" class=\"extendsBeyondTextColumn\"><br>Equipes de resgate carregam uma pessoa em uma maca em meio aos escombros \u2014 Foto: Reuterus <br>Equipes de resgate e aeronaves da Turquia ainda vasculham toda a regi\u00e3o ao redor da cidade de Kahramanmaras. <br>Edif\u00edcios foram danificados e <strong>pessoas se reuniram em ruas cobertas por neve <\/strong>para n\u00e3o ficar dentro de pr\u00e9dios, como a televis\u00e3o estatal TRT mostrou em sua programa\u00e7\u00e3o. <br>O presidente da Turquia, Recep Tayip Erdogan, lamentou o epis\u00f3dio.<br>&#8220;Transmito meus melhores votos a todos os nossos cidad\u00e3os que foram afetados pelo terremoto que ocorreu em Kahramanmara\u015f e foi sentido em muitas partes do nosso pa\u00eds. Todas as nossas unidades relevantes est\u00e3o em alerta sob a coordena\u00e7\u00e3o da AFAD&#8221;, disse.<br><img data-opt-id=1113595830  decoding=\"async\" src=\"https:\/\/s2.glbimg.com\/0jl9BG7ieAr6VFi2ANozrEvBd30=\/0x0:1200x1722\/600x0\/smart\/filters:gifv():strip_icc()\/i.s3.glbimg.com\/v1\/AUTH_59edd422c0c84a879bd37670ae4f538a\/internal_photos\/bs\/2023\/D\/e\/G82rL7TiA12miHRaLTig\/0602-terremoto2.jpg\" alt=\"Terremoto mata mais de mil na Turquia e na S\u00edria \u2014 Foto: Arte\/g1\" class=\"extendsBeyondTextColumn\"><br>Terremoto mata mais de mil na Turquia e na S\u00edria \u2014 Foto: Arte\/g1 <br><br>Ajuda global<br><br>Ap\u00f3s o tremor, o governo turco declarou alerta de n\u00edvel 4 de emerg\u00eancia nacional, o que significa um pedido de assist\u00eancia internacional.Diante da solicita\u00e7\u00e3o, mais de 45 pa\u00edses j\u00e1 anunciaram ajuda, entre eles os Estados Unidos, Israel e Ucr\u00e2nia:<br><strong>Estados Unidos: <\/strong>O presidente dos Estados Unidos, <a href=\"https:\/\/g1.globo.com\/tudo-sobre\/joe-biden\/\" target=\"_blank\" rel=\"noopener\">Biden, instruiu<\/a> \u00f3rg\u00e3os do governo federal a avaliar as op\u00e7\u00f5es de resposta \u00e0s \u00e1reas mais afetadas no terremoto da Turquia e da S\u00edria, disse o conselheiro de Seguran\u00e7a Nacional, Jake Sullivan, em comunicado;<br><a href=\"https:\/\/g1.globo.com\/tudo-sobre\/alemanha\/\" target=\"_blank\" rel=\"noopener\">Alemanha<\/a>: O pa\u00eds <strong>assumiu a coordena\u00e7\u00e3o da ajuda<\/strong> que sair\u00e1 da Uni\u00e3o Europeia, segundo um porta-voz do governo. O governo far\u00e1 reuni\u00e3o de crise nesta segunda. A Alemanha n\u00e3o tem rela\u00e7\u00f5es formais com a S\u00edria, mas tamb\u00e9m enviar\u00e1 ajuda por meio de organiza\u00e7\u00f5es; <br><strong>Ucr\u00e2nia:<\/strong> O presidente da Ucr\u00e2nia, <a href=\"https:\/\/g1.globo.com\/tudo-sobre\/volodymyr-zelensky\/\" target=\"_blank\" rel=\"noopener\">Volodymyr Zelenskiy<\/a>, disse que seu<strong> pa\u00eds est\u00e1 pronto para fornecer a assist\u00eancia necess\u00e1ria<\/strong> ao povo turco &#8220;amigo&#8221;;<br><strong>Israel<\/strong>: Governo disse estar preparado para ajudar a Turquia;<\/figcaption><\/figure>\n","protected":false},"excerpt":{"rendered":"","protected":false},"author":1,"featured_media":0,"comment_status":"open","ping_status":"open","sticky":false,"template":"","format":"standard","meta":{"site-sidebar-layout":"default","site-content-layout":"","ast-site-content-layout":"default","site-content-style":"default","site-sidebar-style":"default","ast-global-header-display":"","ast-banner-title-visibility":"","ast-main-header-display":"","ast-hfb-above-header-display":"","ast-hfb-below-header-display":"","ast-hfb-mobile-header-display":"","site-post-title":"","ast-breadcrumbs-content":"","ast-featured-img":"","footer-sml-layout":"","ast-disable-related-posts":"","theme-transparent-header-meta":"","adv-header-id-meta":"","stick-header-meta":"","header-above-stick-meta":"","header-main-stick-meta":"","header-below-stick-meta":"","astra-migrate-meta-layouts":"default","ast-page-background-enabled":"default","ast-page-background-meta":{"desktop":{"background-color":"var(--ast-global-color-4)","background-image":"","background-repeat":"repeat","background-position":"center center","background-size":"auto","background-attachment":"scroll","background-type":"","background-media":"","overlay-type":"","overlay-color":"","overlay-opacity":"","overlay-gradient":""},"tablet":{"background-color":"","background-image":"","background-repeat":"repeat","background-position":"center center","background-size":"auto","background-attachment":"scroll","background-type":"","background-media":"","overlay-type":"","overlay-color":"","overlay-opacity":"","overlay-gradient":""},"mobile":{"background-color":"","background-image":"","background-repeat":"repeat","background-position":"center center","background-size":"auto","background-attachment":"scroll","background-type":"","background-media":"","overlay-type":"","overlay-color":"","overlay-opacity":"","overlay-gradient":""}},"ast-content-background-meta":{"desktop":{"background-color":"var(--ast-global-color-5)","background-image":"","background-repeat":"repeat","background-position":"center center","background-size":"auto","background-attachment":"scroll","background-type":"","background-media":"","overlay-type":"","overlay-color":"","overlay-opacity":"","overlay-gradient":""},"tablet":{"background-color":"var(--ast-global-color-5)","background-image":"","background-repeat":"repeat","background-position":"center center","background-size":"auto","background-attachment":"scroll","background-type":"","background-media":"","overlay-type":"","overlay-color":"","overlay-opacity":"","overlay-gradient":""},"mobile":{"background-color":"var(--ast-global-color-5)","background-image":"","background-repeat":"repeat","background-position":"center center","background-size":"auto","background-attachment":"scroll","background-type":"","background-media":"","overlay-type":"","overlay-color":"","overlay-opacity":"","overlay-gradient":""}},"footnotes":""},"categories":[517],"tags":[914,2229,22,199,2526,70],"class_list":["post-14592","post","type-post","status-publish","format-standard","hentry","category-aconteceu","tag-mortos","tag-noticas-do-face","tag-noticias-no-face","tag-noticiasnoface","tag-terremoto","tag-tragedia"],"_links":{"self":[{"href":"https:\/\/noticiasnoface.com.br\/index.php\/wp-json\/wp\/v2\/posts\/14592","targetHints":{"allow":["GET"]}}],"collection":[{"href":"https:\/\/noticiasnoface.com.br\/index.php\/wp-json\/wp\/v2\/posts"}],"about":[{"href":"https:\/\/noticiasnoface.com.br\/index.php\/wp-json\/wp\/v2\/types\/post"}],"author":[{"embeddable":true,"href":"https:\/\/noticiasnoface.com.br\/index.php\/wp-json\/wp\/v2\/users\/1"}],"replies":[{"embeddable":true,"href":"https:\/\/noticiasnoface.com.br\/index.php\/wp-json\/wp\/v2\/comments?post=14592"}],"version-history":[{"count":1,"href":"https:\/\/noticiasnoface.com.br\/index.php\/wp-json\/wp\/v2\/posts\/14592\/revisions"}],"predecessor-version":[{"id":14593,"href":"https:\/\/noticiasnoface.com.br\/index.php\/wp-json\/wp\/v2\/posts\/14592\/revisions\/14593"}],"wp:attachment":[{"href":"https:\/\/noticiasnoface.com.br\/index.php\/wp-json\/wp\/v2\/media?parent=14592"}],"wp:term":[{"taxonomy":"category","embeddable":true,"href":"https:\/\/noticiasnoface.com.br\/index.php\/wp-json\/wp\/v2\/categories?post=14592"},{"taxonomy":"post_tag","embeddable":true,"href":"https:\/\/noticiasnoface.com.br\/index.php\/wp-json\/wp\/v2\/tags?post=14592"}],"curies":[{"name":"wp","href":"https:\/\/api.w.org\/{rel}","templated":true}]}}