{"id":14603,"date":"2023-02-07T07:46:06","date_gmt":"2023-02-07T10:46:06","guid":{"rendered":"https:\/\/noticiasnoface.com.br\/?p=14603"},"modified":"2023-02-07T07:46:07","modified_gmt":"2023-02-07T10:46:07","slug":"bonitona-do-trafico-e-assassinada-ao-chegar-de-balada","status":"publish","type":"post","link":"https:\/\/noticiasnoface.com.br\/index.php\/2023\/02\/07\/bonitona-do-trafico-e-assassinada-ao-chegar-de-balada\/","title":{"rendered":"Bonitona do tr\u00e1fico \u00e9 assassinada ao chegar de balada"},"content":{"rendered":"\n<figure class=\"wp-block-image size-large\"><img data-opt-id=711363529  fetchpriority=\"high\" decoding=\"async\" width=\"1024\" height=\"711\" src=\"https:\/\/mlbfrsat7ahr.i.optimole.com\/w:1024\/h:711\/q:mauto\/ig:avif\/https:\/\/noticiasnoface.com.br\/wp-content\/uploads\/2023\/02\/img_1348.jpg\" class=\"wp-image-14602\" srcset=\"https:\/\/mlbfrsat7ahr.i.optimole.com\/w:1024\/h:711\/q:mauto\/ig:avif\/https:\/\/noticiasnoface.com.br\/wp-content\/uploads\/2023\/02\/img_1348.jpg 1024w, https:\/\/mlbfrsat7ahr.i.optimole.com\/w:300\/h:208\/q:mauto\/ig:avif\/https:\/\/noticiasnoface.com.br\/wp-content\/uploads\/2023\/02\/img_1348.jpg 300w, https:\/\/mlbfrsat7ahr.i.optimole.com\/w:768\/h:533\/q:mauto\/ig:avif\/https:\/\/noticiasnoface.com.br\/wp-content\/uploads\/2023\/02\/img_1348.jpg 768w, https:\/\/mlbfrsat7ahr.i.optimole.com\/w:1242\/h:862\/q:mauto\/ig:avif\/https:\/\/noticiasnoface.com.br\/wp-content\/uploads\/2023\/02\/img_1348.jpg 1242w\" sizes=\"(max-width: 1000px) 100vw, 1000px\" \/><figcaption class=\"wp-element-caption\">Conhecida como \u2018Bonitona do Tr\u00e1fico\u2019 \u00e9 assassinada a tiros ao chegar de uma balada <br>Amanda Andressa Anacleto Novaske, de 27 anos, foi assassinada na madrugada desta segunda-feira (6), por volta das 4h, quando chegava em casa da balada. Ela desceu do carro dos amigos na Rua Bras\u00edlio Cavalim Carvalho, no bairro S\u00e3o Marcos, em S\u00e3o Jos\u00e9 dos Pinhais, na Regi\u00e3o Metropolitana de Curitiba, e foi surpreendida a tiros.A mulher era conhecida como \u201cBonitona do Tr\u00e1fico\u201d.<br>De acordo com as primeiras informa\u00e7\u00f5es, dois homens passaram de moto atirando e atingiram Amanda com v\u00e1rios disparos. O Siate foi acionado, mas a v\u00edtima n\u00e3o resistiu.<br>Conforme informa\u00e7\u00f5es do delegado F\u00e1bio Machado, da Pol\u00edcia Civil, Amanda j\u00e1 tinha sido presa em 2014, com 40 quilos de droga. Testemunhas afirmaram que a mulher estava envolvida com o tr\u00e1fico de drogas da regi\u00e3o, mas algumas pessoas chegaram a comentar que ela queria deixar o mundo do crime.<\/figcaption><\/figure>\n","protected":false},"excerpt":{"rendered":"","protected":false},"author":1,"featured_media":0,"comment_status":"open","ping_status":"open","sticky":false,"template":"","format":"standard","meta":{"site-sidebar-layout":"default","site-content-layout":"","ast-site-content-layout":"default","site-content-style":"default","site-sidebar-style":"default","ast-global-header-display":"","ast-banner-title-visibility":"","ast-main-header-display":"","ast-hfb-above-header-display":"","ast-hfb-below-header-display":"","ast-hfb-mobile-header-display":"","site-post-title":"","ast-breadcrumbs-content":"","ast-featured-img":"","footer-sml-layout":"","ast-disable-related-posts":"","theme-transparent-header-meta":"","adv-header-id-meta":"","stick-header-meta":"","header-above-stick-meta":"","header-main-stick-meta":"","header-below-stick-meta":"","astra-migrate-meta-layouts":"default","ast-page-background-enabled":"default","ast-page-background-meta":{"desktop":{"background-color":"var(--ast-global-color-4)","background-image":"","background-repeat":"repeat","background-position":"center center","background-size":"auto","background-attachment":"scroll","background-type":"","background-media":"","overlay-type":"","overlay-color":"","overlay-opacity":"","overlay-gradient":""},"tablet":{"background-color":"","background-image":"","background-repeat":"repeat","background-position":"center center","background-size":"auto","background-attachment":"scroll","background-type":"","background-media":"","overlay-type":"","overlay-color":"","overlay-opacity":"","overlay-gradient":""},"mobile":{"background-color":"","background-image":"","background-repeat":"repeat","background-position":"center center","background-size":"auto","background-attachment":"scroll","background-type":"","background-media":"","overlay-type":"","overlay-color":"","overlay-opacity":"","overlay-gradient":""}},"ast-content-background-meta":{"desktop":{"background-color":"var(--ast-global-color-5)","background-image":"","background-repeat":"repeat","background-position":"center center","background-size":"auto","background-attachment":"scroll","background-type":"","background-media":"","overlay-type":"","overlay-color":"","overlay-opacity":"","overlay-gradient":""},"tablet":{"background-color":"var(--ast-global-color-5)","background-image":"","background-repeat":"repeat","background-position":"center center","background-size":"auto","background-attachment":"scroll","background-type":"","background-media":"","overlay-type":"","overlay-color":"","overlay-opacity":"","overlay-gradient":""},"mobile":{"background-color":"var(--ast-global-color-5)","background-image":"","background-repeat":"repeat","background-position":"center center","background-size":"auto","background-attachment":"scroll","background-type":"","background-media":"","overlay-type":"","overlay-color":"","overlay-opacity":"","overlay-gradient":""}},"footnotes":""},"categories":[517],"tags":[2530,2529,964,2229,22,199],"class_list":["post-14603","post","type-post","status-publish","format-standard","hentry","category-aconteceu","tag-balada","tag-bonitona-do-trafico","tag-morta","tag-noticas-do-face","tag-noticias-no-face","tag-noticiasnoface"],"_links":{"self":[{"href":"https:\/\/noticiasnoface.com.br\/index.php\/wp-json\/wp\/v2\/posts\/14603","targetHints":{"allow":["GET"]}}],"collection":[{"href":"https:\/\/noticiasnoface.com.br\/index.php\/wp-json\/wp\/v2\/posts"}],"about":[{"href":"https:\/\/noticiasnoface.com.br\/index.php\/wp-json\/wp\/v2\/types\/post"}],"author":[{"embeddable":true,"href":"https:\/\/noticiasnoface.com.br\/index.php\/wp-json\/wp\/v2\/users\/1"}],"replies":[{"embeddable":true,"href":"https:\/\/noticiasnoface.com.br\/index.php\/wp-json\/wp\/v2\/comments?post=14603"}],"version-history":[{"count":1,"href":"https:\/\/noticiasnoface.com.br\/index.php\/wp-json\/wp\/v2\/posts\/14603\/revisions"}],"predecessor-version":[{"id":14604,"href":"https:\/\/noticiasnoface.com.br\/index.php\/wp-json\/wp\/v2\/posts\/14603\/revisions\/14604"}],"wp:attachment":[{"href":"https:\/\/noticiasnoface.com.br\/index.php\/wp-json\/wp\/v2\/media?parent=14603"}],"wp:term":[{"taxonomy":"category","embeddable":true,"href":"https:\/\/noticiasnoface.com.br\/index.php\/wp-json\/wp\/v2\/categories?post=14603"},{"taxonomy":"post_tag","embeddable":true,"href":"https:\/\/noticiasnoface.com.br\/index.php\/wp-json\/wp\/v2\/tags?post=14603"}],"curies":[{"name":"wp","href":"https:\/\/api.w.org\/{rel}","templated":true}]}}