{"id":14757,"date":"2023-02-13T03:37:50","date_gmt":"2023-02-13T06:37:50","guid":{"rendered":"https:\/\/noticiasnoface.com.br\/?p=14757"},"modified":"2023-02-13T03:37:51","modified_gmt":"2023-02-13T06:37:51","slug":"tarifa-de-energia-mais-cara-prepare-o-bolso","status":"publish","type":"post","link":"https:\/\/noticiasnoface.com.br\/index.php\/2023\/02\/13\/tarifa-de-energia-mais-cara-prepare-o-bolso\/","title":{"rendered":"Tarifa de energia mais cara, prepare o bolso"},"content":{"rendered":"\n<figure class=\"wp-block-image size-large\"><img data-opt-id=1262608815  fetchpriority=\"high\" decoding=\"async\" width=\"1024\" height=\"636\" src=\"https:\/\/mlbfrsat7ahr.i.optimole.com\/w:1024\/h:636\/q:mauto\/ig:avif\/https:\/\/noticiasnoface.com.br\/wp-content\/uploads\/2023\/02\/img_1727.jpg\" class=\"wp-image-14756\" srcset=\"https:\/\/mlbfrsat7ahr.i.optimole.com\/w:1024\/h:636\/q:mauto\/ig:avif\/https:\/\/noticiasnoface.com.br\/wp-content\/uploads\/2023\/02\/img_1727.jpg 1024w, https:\/\/mlbfrsat7ahr.i.optimole.com\/w:300\/h:186\/q:mauto\/ig:avif\/https:\/\/noticiasnoface.com.br\/wp-content\/uploads\/2023\/02\/img_1727.jpg 300w, https:\/\/mlbfrsat7ahr.i.optimole.com\/w:768\/h:477\/q:mauto\/ig:avif\/https:\/\/noticiasnoface.com.br\/wp-content\/uploads\/2023\/02\/img_1727.jpg 768w, https:\/\/mlbfrsat7ahr.i.optimole.com\/w:1242\/h:772\/q:mauto\/ig:avif\/https:\/\/noticiasnoface.com.br\/wp-content\/uploads\/2023\/02\/img_1727.jpg 1242w\" sizes=\"(max-width: 1000px) 100vw, 1000px\" \/><figcaption class=\"wp-element-caption\">Ministro do STF libera volta de cobran\u00e7a do ICMS sobre tarifas de energia el\u00e9trica<br>Para balizar sua decis\u00e3o o ministrou explicou que a estimativa \u00e9 de que os Estados deixariam de arrecadar, aproximadamente, R$ 16 bilh\u00f5es.<br>\u00daltima atualiza\u00e7\u00e3o 2023\/02\/11 at 5:25 PM<br><img data-opt-id=1872496139  fetchpriority=\"high\" decoding=\"async\" src=\"https:\/\/portalmanaus24h.com.br\/wp-content\/uploads\/2023\/02\/1-8.png\" alt=\"\" class=\"extendsBeyondTextColumn\"><br> 56,810 Total de visualiza\u00e7\u00f5es<br>Um trecho da lei que alterou a cobran\u00e7a do ICMS (Imposto sobre Circula\u00e7\u00e3o de Mercadorias e Servi\u00e7os) foi alterado, nesta sexta-feira (10), pelo ministro do Supremo Tribunal Federal Luiz Fux. A decis\u00e3o permite aos Estados voltar a cobrar as tarifas correspondentes aos custos de transmiss\u00e3o e distribui\u00e7\u00e3o. A mudan\u00e7a ainda ser\u00e1 analisada pelos demais ministros do Tribunal.<br><br>A mudan\u00e7a imposta na lei sancionada ainda pelo ex-presidente Jair <a rel=\"noreferrer noopener\" href=\"https:\/\/portalmanaus24h.com.br\/tag\/bolsonaro\/\" target=\"_blank\">Bolsonaro<\/a> representaria uma queda de arrecada\u00e7\u00e3o aos Estados. O c\u00e1lculo \u00e9 que a redu\u00e7\u00e3o seria de cerca de R$ 16 bilh\u00f5es por semestre. Essas tarifas s\u00e3o chamadas de Tust e Tusd, respectivamente.<br>Para balizar sua decis\u00e3o o ministrou explicou que a estimativa \u00e9 de que os Estados deixariam de arrecadar, aproxidamente, R$ 16 bilh\u00f5es.<br>Os demais membros do STF analisar\u00e3o a decis\u00e3o de Fux a partir de 24 de fevereiro at\u00e9 3 de mar\u00e7o. Os trabalhos se dar\u00e3o por meio do plen\u00e1rio virtual da Corte, quando n\u00e3o h\u00e1 a leitura individual de cada voto, apenas o registro dos votos no sistema do Tribunal.<\/figcaption><\/figure>\n","protected":false},"excerpt":{"rendered":"","protected":false},"author":1,"featured_media":0,"comment_status":"open","ping_status":"open","sticky":false,"template":"","format":"standard","meta":{"site-sidebar-layout":"default","site-content-layout":"","ast-site-content-layout":"default","site-content-style":"default","site-sidebar-style":"default","ast-global-header-display":"","ast-banner-title-visibility":"","ast-main-header-display":"","ast-hfb-above-header-display":"","ast-hfb-below-header-display":"","ast-hfb-mobile-header-display":"","site-post-title":"","ast-breadcrumbs-content":"","ast-featured-img":"","footer-sml-layout":"","ast-disable-related-posts":"","theme-transparent-header-meta":"","adv-header-id-meta":"","stick-header-meta":"","header-above-stick-meta":"","header-main-stick-meta":"","header-below-stick-meta":"","astra-migrate-meta-layouts":"default","ast-page-background-enabled":"default","ast-page-background-meta":{"desktop":{"background-color":"var(--ast-global-color-4)","background-image":"","background-repeat":"repeat","background-position":"center center","background-size":"auto","background-attachment":"scroll","background-type":"","background-media":"","overlay-type":"","overlay-color":"","overlay-opacity":"","overlay-gradient":""},"tablet":{"background-color":"","background-image":"","background-repeat":"repeat","background-position":"center center","background-size":"auto","background-attachment":"scroll","background-type":"","background-media":"","overlay-type":"","overlay-color":"","overlay-opacity":"","overlay-gradient":""},"mobile":{"background-color":"","background-image":"","background-repeat":"repeat","background-position":"center center","background-size":"auto","background-attachment":"scroll","background-type":"","background-media":"","overlay-type":"","overlay-color":"","overlay-opacity":"","overlay-gradient":""}},"ast-content-background-meta":{"desktop":{"background-color":"var(--ast-global-color-5)","background-image":"","background-repeat":"repeat","background-position":"center center","background-size":"auto","background-attachment":"scroll","background-type":"","background-media":"","overlay-type":"","overlay-color":"","overlay-opacity":"","overlay-gradient":""},"tablet":{"background-color":"var(--ast-global-color-5)","background-image":"","background-repeat":"repeat","background-position":"center center","background-size":"auto","background-attachment":"scroll","background-type":"","background-media":"","overlay-type":"","overlay-color":"","overlay-opacity":"","overlay-gradient":""},"mobile":{"background-color":"var(--ast-global-color-5)","background-image":"","background-repeat":"repeat","background-position":"center center","background-size":"auto","background-attachment":"scroll","background-type":"","background-media":"","overlay-type":"","overlay-color":"","overlay-opacity":"","overlay-gradient":""}},"footnotes":""},"categories":[165],"tags":[486,2585,2281,2229,2236,50],"class_list":["post-14757","post","type-post","status-publish","format-standard","hentry","category-economia","tag-consumidor","tag-energia-mais-cara","tag-governo-lula","tag-noticas-do-face","tag-noticas-no-face","tag-noticias-do-face"],"_links":{"self":[{"href":"https:\/\/noticiasnoface.com.br\/index.php\/wp-json\/wp\/v2\/posts\/14757","targetHints":{"allow":["GET"]}}],"collection":[{"href":"https:\/\/noticiasnoface.com.br\/index.php\/wp-json\/wp\/v2\/posts"}],"about":[{"href":"https:\/\/noticiasnoface.com.br\/index.php\/wp-json\/wp\/v2\/types\/post"}],"author":[{"embeddable":true,"href":"https:\/\/noticiasnoface.com.br\/index.php\/wp-json\/wp\/v2\/users\/1"}],"replies":[{"embeddable":true,"href":"https:\/\/noticiasnoface.com.br\/index.php\/wp-json\/wp\/v2\/comments?post=14757"}],"version-history":[{"count":1,"href":"https:\/\/noticiasnoface.com.br\/index.php\/wp-json\/wp\/v2\/posts\/14757\/revisions"}],"predecessor-version":[{"id":14758,"href":"https:\/\/noticiasnoface.com.br\/index.php\/wp-json\/wp\/v2\/posts\/14757\/revisions\/14758"}],"wp:attachment":[{"href":"https:\/\/noticiasnoface.com.br\/index.php\/wp-json\/wp\/v2\/media?parent=14757"}],"wp:term":[{"taxonomy":"category","embeddable":true,"href":"https:\/\/noticiasnoface.com.br\/index.php\/wp-json\/wp\/v2\/categories?post=14757"},{"taxonomy":"post_tag","embeddable":true,"href":"https:\/\/noticiasnoface.com.br\/index.php\/wp-json\/wp\/v2\/tags?post=14757"}],"curies":[{"name":"wp","href":"https:\/\/api.w.org\/{rel}","templated":true}]}}