{"id":14770,"date":"2023-02-13T13:13:11","date_gmt":"2023-02-13T16:13:11","guid":{"rendered":"https:\/\/noticiasnoface.com.br\/?p=14770"},"modified":"2023-02-13T17:23:13","modified_gmt":"2023-02-13T20:23:13","slug":"video-urgente-jovem-com-machadinha-ataca-escola-e-e-preso","status":"publish","type":"post","link":"https:\/\/noticiasnoface.com.br\/index.php\/2023\/02\/13\/video-urgente-jovem-com-machadinha-ataca-escola-e-e-preso\/","title":{"rendered":"(V\u00eddeo) URGENTE- Jovem com machadinha ataca escola e \u00e9 preso"},"content":{"rendered":"\n<figure class=\"wp-block-image size-large\"><img data-opt-id=1841083500  fetchpriority=\"high\" decoding=\"async\" width=\"1024\" height=\"991\" src=\"https:\/\/mlbfrsat7ahr.i.optimole.com\/w:1024\/h:991\/q:mauto\/ig:avif\/https:\/\/noticiasnoface.com.br\/wp-content\/uploads\/2023\/02\/img_1761.jpg\" alt=\"\" class=\"wp-image-14772\" srcset=\"https:\/\/mlbfrsat7ahr.i.optimole.com\/w:1024\/h:991\/q:mauto\/ig:avif\/https:\/\/noticiasnoface.com.br\/wp-content\/uploads\/2023\/02\/img_1761.jpg 1024w, https:\/\/mlbfrsat7ahr.i.optimole.com\/w:300\/h:290\/q:mauto\/ig:avif\/https:\/\/noticiasnoface.com.br\/wp-content\/uploads\/2023\/02\/img_1761.jpg 300w, https:\/\/mlbfrsat7ahr.i.optimole.com\/w:768\/h:743\/q:mauto\/ig:avif\/https:\/\/noticiasnoface.com.br\/wp-content\/uploads\/2023\/02\/img_1761.jpg 768w, https:\/\/mlbfrsat7ahr.i.optimole.com\/w:1115\/h:1080\/q:mauto\/ig:avif\/https:\/\/noticiasnoface.com.br\/wp-content\/uploads\/2023\/02\/img_1761.jpg 1242w\" sizes=\"(max-width: 1000px) 100vw, 1000px\" \/><figcaption class=\"wp-element-caption\">Adolescente \u00e9 detido ap\u00f3s atentado terrorista com bomba caseira em escola em Monte Mor; ele usava uma su\u00e1stica<br \/>Caso ocorreu na Escola Estadual Professor Antonio Sproesser, onde tamb\u00e9m funciona a Escola Municipal Vista Alegre, na manh\u00e3 desta segunda-feira (13). Houve explos\u00f5es, mas n\u00e3o h\u00e1 feridos.<br \/>Por Patr\u00edcia Teixeira e Helen Sacconi, g1 Campinas e Regi\u00e3o e EPTV<br \/>13\/02\/2023 09h28 Atualizado h\u00e1 5 minutos<br \/><br \/><br \/><br \/><br \/><img data-opt-id=2061601553  fetchpriority=\"high\" decoding=\"async\" src=\"https:\/\/s2.glbimg.com\/ARloAbzbcQw9xNL7DtFiJb5dhYA=\/0x0:1600x900\/600x0\/smart\/filters:gifv():strip_icc()\/i.s3.glbimg.com\/v1\/AUTH_59edd422c0c84a879bd37670ae4f538a\/internal_photos\/bs\/2023\/C\/t\/VsRJIDSueBh1mFZ0vgmQ\/bomba-caseira.jpeg\" alt=\"Garrafas com combust\u00edvel apreendidas em escola de Monte Mor que foi alvo de tentativa de ataque \u2014 Foto: Helen Sacconi\/EPTV\" class=\"extendsBeyondTextColumn\" \/><br \/>Garrafas com combust\u00edvel apreendidas em escola de Monte Mor que foi alvo de tentativa de ataque \u2014 Foto: Helen Sacconi\/EPTV<br \/>Um atentado terrorista com bomba caseira em uma escola de <a href=\"https:\/\/g1.globo.com\/sp\/campinas-regiao\/cidade\/monte-mor\/\" target=\"_blank\" rel=\"noopener\">Monte Mor (SP)<\/a> mobilizou as pol\u00edcias Civil, Militar e o Corpo de Bombeiros na manh\u00e3 desta segunda-feira (13). Um adolescente de 17 anos, que tamb\u00e9m portava uma machadinha e tinha uma su\u00e1stica &#8211; s\u00edmbolo nazista &#8211; no bra\u00e7o, foi detido. Houve duas explos\u00f5es, mas ningu\u00e9m se feriu.<br \/>A ocorr\u00eancia foi na Escola Estadual Professor Antonio Sproesser, onde tamb\u00e9m funciona a Escola Municipal Vista Alegre. O rapaz \u00e9 ex-aluno. Cerca de 300 estudantes de 12 a 15 anos estudam no per\u00edodo da manh\u00e3 na institui\u00e7\u00e3o.<br \/>Garrafas amarradas e cheias de combust\u00edvel e pregos foram apreendidas. Secret\u00e1rio de Seguran\u00e7a da cidade, Anderson Palmieri disse \u00e0 reportagem no local que o rapaz n\u00e3o conseguiu entrar na escola &#8211; corredores e salas -, mas chegou a jogar bombas caseiras na entrada da institui\u00e7\u00e3o.<br \/>Ningu\u00e9m ficou ferido.<br \/>Um jovem de 17 anos foi detido, ele tinha uma su\u00e1stica no bra\u00e7o e uma machadinha.<br \/>Ele estudou na Escola Vista Alegre quando estava no 5\u00ba ano do ensino fundamental.<br \/>Garrafas com combust\u00edvel e pregos foram apreendidas.<br \/>Duas das bombas foram jogadas pelo jovem na frente da escola e houve duas explos\u00f5es.<br \/>Alunos foram dispensados.<br \/>Rua da escola foi interditada.<br \/>Pol\u00edcias militar e civil, Corpo de Bombeiros e ambul\u00e2ncia foram para o local.<br \/>Carta com su\u00e1stica e r\u00e9plica de fuzil foram apreendidas.<br \/><br \/>Jovem detido ap\u00f3s atentado a escola de Monte Mor tinha su\u00e1stica no bra\u00e7o \u2014 Foto: Guarda Municipal\/Divulga\u00e7\u00e3o<br \/>Policiais militares do Batalh\u00e3o de A\u00e7\u00f5es Especiais (Baep) foram para o local no in\u00edcio desta manh\u00e3. Ambul\u00e2ncias tamb\u00e9m foram acionadas. Em nota, a prefeitura disse que a situa\u00e7\u00e3o foi contida e que os alunos foram dispensados.<br \/>&#8220;N\u00e3o houve feridos e o indiv\u00edduo foi capturado e encaminhado para delegacia.&#8221;, disse a administra\u00e7\u00e3o municipal.<br \/>O col\u00e9gio fica na Rua Pedro Eduardo Moler, no Jardim Fortuna. A via foi interditada.<br \/><br \/>Escola Municipal Vista Alegre em Monte Mor foi alvo de tentativa de atentado \u2014 Foto: Helen Sacconi\/EPTV<br \/><br \/>Bombas atiradas na escola<br \/><br \/>Inspetor da Guarda Civil Municipal, Denival Santana disse \u00e0 reportagem que a corpora\u00e7\u00e3o recebeu den\u00fancia por volta de 8h45 de que um indiv\u00edduo estaria atirando bombas na escola e causando transtornos. As aulas j\u00e1 estavam ocorrendo.<br \/>&#8220;Havia tumulto. Algumas pessoas informaram que o indiv\u00edduo jogou bomba na escola e que funcion\u00e1rios estavam atr\u00e1s dele. Iniciamos a dilig\u00eancia e tr\u00eas quarteir\u00f5es daqui conseguimos abordar o indiv\u00edduo, ele n\u00e3o relutou e tamb\u00e9m n\u00e3o passou nenhuma informa\u00e7\u00e3o&#8221;, disse.<br \/>O jovem teria usado o carro da fam\u00edlia para ir at\u00e9 a escola, e atirado ao menos quatro bombas na institui\u00e7\u00e3o. N\u00e3o houve danos significativos no pr\u00e9dio, disse a prefeitura.<br \/>&#8220;Houve algum tumulto, as crian\u00e7as ficaram com medo, um barulho estrondoso, por\u00e9m foi tudo acalmado com a chegada dos bombeiros e mais o apoio da Pol\u00edcia Militar&#8221;, contou o inspetor.<br \/><br \/>Carro usado por jovem que atirou bombas caseiras em escola de Monte Mor \u2014 Foto: Helen Sacconi\/EPTV<br \/>Segundo o secret\u00e1rio de Seguran\u00e7a, os artefatos &#8211; tipo coquetel molotov &#8211; foram atirados contra a grade do port\u00e3o da escola, que a diretora havia fechado, e vasos. Todos os alunos foram liberados para ir para suas casas.<br \/>&#8220;A prefeitura repudia veementemente o que ocorreu aqui e a gente est\u00e1 dando todo suporte para as escolas para poder n\u00e3o ter mais esse tipo de a\u00e7\u00e3o. A escola est\u00e1 fechada at\u00e9 a per\u00edcia&#8221;, disse o secret\u00e1rio de Seguran\u00e7a.<br \/>A escola passar\u00e1 por limpeza e ainda n\u00e3o se sabe quando voltar\u00e1 a funcionar. A unidade tem aulas compartilhadas entre munic\u00edpio, na parte da manh\u00e3, e estado, \u00e0 tarde e \u00e0 noite.<br \/>A Secretaria da Educa\u00e7\u00e3o do Estado de S\u00e3o Paulo (Seduc-SP) emitiu uma nota lamentando o ocorrido e ressaltou que n\u00e3o houve nenhum ferido. &#8220;A Diretoria de Ensino de Capivari e a unidade escolar est\u00e3o \u00e0 disposi\u00e7\u00e3o das autoridades para auxiliar na investiga\u00e7\u00e3o. A seguran\u00e7a da unidade ser\u00e1 refor\u00e7ada com o apoio da ronda escolar.&#8221; O caso foi registrado na Plataforma Conviva (Placon) e tamb\u00e9m no boletim de ocorr\u00eancia.<br \/><br \/>Rua interditada em Monte Mor onde fica a escola que foi alvo de uma tentativa de atentado, Escola Estadual Professor Antonio Sproesser. \u2014 Foto: Helen Sacconi\/EPTV<br \/><br \/>Carta com su\u00e1stica e r\u00e9plica de fuzil<br \/><br \/>Segundo o inspetor da Guarda, foram feitas verifica\u00e7\u00f5es no carro usado pelo rapaz, que tinha somente bolsas onde ele transportou as bombas caseiras, e tamb\u00e9m na resid\u00eancia dele, no Centro. Uma carta com s\u00edmbolos nazistas foi apreendida, e tamb\u00e9m havia uma r\u00e9plica de fuzil.<br \/>&#8220;Nesta carta consta que ele estava com o desejo de atacar esta escola, exclusivo a Escola Antonio Sproesser. A gente n\u00e3o sabe o motivo ainda, vai ser levantada essa informa\u00e7\u00e3o, [al\u00e9m de] uma r\u00e9plica de fuzil e livros de refer\u00eancia ao nazismo&#8221;, disse Santana.<br \/>O rapaz estava sozinho e n\u00e3o portava documentos. Segundo a Guarda, foi verificado que ele tem 17 anos.<br \/>&#8220;Ele ficou perplexo, parado a todo momento, n\u00e3o esbo\u00e7ou rea\u00e7\u00e3o nenhuma. N\u00e3o nos passou informa\u00e7\u00e3o, nada que pudesse ajudar l\u00e1 no momento&#8221;, completou.<br \/>Os materiais apreendidos e itens da vestimenta dele foram encaminhados para a Delegacia de Monte Mor.<\/figcaption><\/figure>\n\n\n\n<figure class=\"wp-block-video\"><video height=\"480\" style=\"aspect-ratio: 848 \/ 480;\" width=\"848\" controls src=\"https:\/\/noticiasnoface.com.br\/wp-content\/uploads\/2023\/02\/de5b1e16-960c-418d-b8e4-f8ec15fcf2ab.mp4\"><\/video><figcaption class=\"wp-element-caption\">Jovem ataca escola <\/figcaption><\/figure>\n","protected":false},"excerpt":{"rendered":"","protected":false},"author":1,"featured_media":0,"comment_status":"open","ping_status":"open","sticky":false,"template":"","format":"standard","meta":{"site-sidebar-layout":"default","site-content-layout":"","ast-site-content-layout":"default","site-content-style":"default","site-sidebar-style":"default","ast-global-header-display":"","ast-banner-title-visibility":"","ast-main-header-display":"","ast-hfb-above-header-display":"","ast-hfb-below-header-display":"","ast-hfb-mobile-header-display":"","site-post-title":"","ast-breadcrumbs-content":"","ast-featured-img":"","footer-sml-layout":"","ast-disable-related-posts":"","theme-transparent-header-meta":"","adv-header-id-meta":"","stick-header-meta":"","header-above-stick-meta":"","header-main-stick-meta":"","header-below-stick-meta":"","astra-migrate-meta-layouts":"default","ast-page-background-enabled":"default","ast-page-background-meta":{"desktop":{"background-color":"var(--ast-global-color-4)","background-image":"","background-repeat":"repeat","background-position":"center center","background-size":"auto","background-attachment":"scroll","background-type":"","background-media":"","overlay-type":"","overlay-color":"","overlay-opacity":"","overlay-gradient":""},"tablet":{"background-color":"","background-image":"","background-repeat":"repeat","background-position":"center center","background-size":"auto","background-attachment":"scroll","background-type":"","background-media":"","overlay-type":"","overlay-color":"","overlay-opacity":"","overlay-gradient":""},"mobile":{"background-color":"","background-image":"","background-repeat":"repeat","background-position":"center center","background-size":"auto","background-attachment":"scroll","background-type":"","background-media":"","overlay-type":"","overlay-color":"","overlay-opacity":"","overlay-gradient":""}},"ast-content-background-meta":{"desktop":{"background-color":"var(--ast-global-color-5)","background-image":"","background-repeat":"repeat","background-position":"center center","background-size":"auto","background-attachment":"scroll","background-type":"","background-media":"","overlay-type":"","overlay-color":"","overlay-opacity":"","overlay-gradient":""},"tablet":{"background-color":"var(--ast-global-color-5)","background-image":"","background-repeat":"repeat","background-position":"center center","background-size":"auto","background-attachment":"scroll","background-type":"","background-media":"","overlay-type":"","overlay-color":"","overlay-opacity":"","overlay-gradient":""},"mobile":{"background-color":"var(--ast-global-color-5)","background-image":"","background-repeat":"repeat","background-position":"center center","background-size":"auto","background-attachment":"scroll","background-type":"","background-media":"","overlay-type":"","overlay-color":"","overlay-opacity":"","overlay-gradient":""}},"footnotes":""},"categories":[517],"tags":[1751,231,1186,525,1656],"class_list":["post-14770","post","type-post","status-publish","format-standard","hentry","category-aconteceu","tag-ataca","tag-escola","tag-jovem","tag-preso","tag-urgente"],"_links":{"self":[{"href":"https:\/\/noticiasnoface.com.br\/index.php\/wp-json\/wp\/v2\/posts\/14770","targetHints":{"allow":["GET"]}}],"collection":[{"href":"https:\/\/noticiasnoface.com.br\/index.php\/wp-json\/wp\/v2\/posts"}],"about":[{"href":"https:\/\/noticiasnoface.com.br\/index.php\/wp-json\/wp\/v2\/types\/post"}],"author":[{"embeddable":true,"href":"https:\/\/noticiasnoface.com.br\/index.php\/wp-json\/wp\/v2\/users\/1"}],"replies":[{"embeddable":true,"href":"https:\/\/noticiasnoface.com.br\/index.php\/wp-json\/wp\/v2\/comments?post=14770"}],"version-history":[{"count":3,"href":"https:\/\/noticiasnoface.com.br\/index.php\/wp-json\/wp\/v2\/posts\/14770\/revisions"}],"predecessor-version":[{"id":14778,"href":"https:\/\/noticiasnoface.com.br\/index.php\/wp-json\/wp\/v2\/posts\/14770\/revisions\/14778"}],"wp:attachment":[{"href":"https:\/\/noticiasnoface.com.br\/index.php\/wp-json\/wp\/v2\/media?parent=14770"}],"wp:term":[{"taxonomy":"category","embeddable":true,"href":"https:\/\/noticiasnoface.com.br\/index.php\/wp-json\/wp\/v2\/categories?post=14770"},{"taxonomy":"post_tag","embeddable":true,"href":"https:\/\/noticiasnoface.com.br\/index.php\/wp-json\/wp\/v2\/tags?post=14770"}],"curies":[{"name":"wp","href":"https:\/\/api.w.org\/{rel}","templated":true}]}}