{"id":14797,"date":"2023-02-14T18:59:49","date_gmt":"2023-02-14T21:59:49","guid":{"rendered":"https:\/\/noticiasnoface.com.br\/?p=14797"},"modified":"2023-02-14T18:59:50","modified_gmt":"2023-02-14T21:59:50","slug":"carlos-eduardo-inelegivel","status":"publish","type":"post","link":"https:\/\/noticiasnoface.com.br\/index.php\/2023\/02\/14\/carlos-eduardo-inelegivel\/","title":{"rendered":"Carlos Eduardo ineleg\u00edvel"},"content":{"rendered":"\n<figure class=\"wp-block-image size-large\"><img data-opt-id=30296151  fetchpriority=\"high\" decoding=\"async\" width=\"1024\" height=\"867\" src=\"https:\/\/mlbfrsat7ahr.i.optimole.com\/w:1024\/h:867\/q:mauto\/ig:avif\/https:\/\/noticiasnoface.com.br\/wp-content\/uploads\/2023\/02\/img_1830.jpg\" class=\"wp-image-14796\" srcset=\"https:\/\/mlbfrsat7ahr.i.optimole.com\/w:1024\/h:867\/q:mauto\/ig:avif\/https:\/\/noticiasnoface.com.br\/wp-content\/uploads\/2023\/02\/img_1830.jpg 1024w, https:\/\/mlbfrsat7ahr.i.optimole.com\/w:300\/h:254\/q:mauto\/ig:avif\/https:\/\/noticiasnoface.com.br\/wp-content\/uploads\/2023\/02\/img_1830.jpg 300w, https:\/\/mlbfrsat7ahr.i.optimole.com\/w:768\/h:650\/q:mauto\/ig:avif\/https:\/\/noticiasnoface.com.br\/wp-content\/uploads\/2023\/02\/img_1830.jpg 768w, https:\/\/mlbfrsat7ahr.i.optimole.com\/w:1242\/h:1051\/q:mauto\/ig:avif\/https:\/\/noticiasnoface.com.br\/wp-content\/uploads\/2023\/02\/img_1830.jpg 1242w\" sizes=\"(max-width: 1000px) 100vw, 1000px\" \/><figcaption class=\"wp-element-caption\">CARLOS EDUARDO CAI NAS M\u00c3OS DOS VEREADORES<br><br>Derrotado nas elei\u00e7\u00f5es de 2022, quando tentou ser senador com o apoio do PT, o ex-prefeito Carlos Eduardo Alves voltou ao notici\u00e1rio em raz\u00e3o da sucess\u00e3o seguinte: a da Prefeitura do Natal. <br><br>A disputa foi colocada na rua com duas pr\u00e9-candidaturas assumidas: a de Nat\u00e1lia Bonavides (PT) e Bruno Giovanni (Sem partido). O nome do ex-prefeito \u00e9 naturalmente lembrado como candidato, bem como s\u00e3o lembradas as dificuldades que ele vai enfrentar.<br><br>Parte delas constam de levantamento realizado pelo Blog do Dina no Tribunal de Contas do Estado. Nele, h\u00e1 cinco processos de an\u00e1lise de contas de quando Carlos Eduardo foi prefeito de Natal. <br><br>Quatro dos cinco processos t\u00eam pareceres contundentes pela reprova\u00e7\u00e3o das contas do ex-prefeito, o que pode lhe tornar ineleg\u00edvel e deix\u00e1-lo de fora da disputa de 2024.<br><br>Irregularidades<br><br>T\u00e9cnicos do TCE pedem reprova\u00e7\u00e3o das contas de Carlos Eduardo Alves<br><br>O TCE arrasta a an\u00e1lise das contas de Carlos Eduardo h\u00e1 10 anos. O ex-prefeito tem processos abertos de 2013, 2014, 2015, 2016 e 2017. Apenas 2013 tem parecer para aprova\u00e7\u00e3o das contas com ressalvas. <br><br>Em todos os demais, os t\u00e9cnicos do TCE apontam enfaticamente, pelas irregularidades destacadas, que as contas de gest\u00e3o do ex-prefeito devem ser reprovadas por afrontas a normas b\u00e1sicas da administra\u00e7\u00e3o p\u00fablica.<br><br>\u00c9 como se um mandato inteiro de Carlos Eduardo (de 2014 a 2017) tivesse sido alheio \u00e0 responsabilidade fiscal e cont\u00e1bil.<br><br>A lista de irregularidades \u00e9 tamanha que, por mais de uma vez, os t\u00e9cnicos do TCE recomendam que o Minist\u00e9rio P\u00fablico Estadual seja acionado para apurar crime de responsabilidade contra Carlos Eduardo Alves.<br><br>Mas os encaminhamentos s\u00f3 ocorrem, via de regra, ap\u00f3s decis\u00f5es nos processos, o que parece dif\u00edcil acontecer no caso do ex-prefeito, j\u00e1 que o TCE n\u00e3o julga os processos de que ele \u00e9 alvo na Corte.<br><br>Inelegibilidade<br><br>O destino pol\u00edtico do ex-prefeito depende do rumo que esses processos tomar\u00e3o. A reprova\u00e7\u00e3o ou aprova\u00e7\u00e3o das contas n\u00e3o configura ato autom\u00e1tico de elegibilidade ou inelegibilidade.<br><br>Um dos encaminhamentos que o Tribunal de Contas do Estado faz \u00e9 para a C\u00e2mara Municipal de Vereadores julgar as contas do prefeito. <br><br>Cabe \u00e0 C\u00e2mara Municipal decidir sobre a mat\u00e9ria, mas tradicionalmente o parecer do TCE \u00e9 levado em conta. Como h\u00e1 quatro processos com recomenda\u00e7\u00e3o para reprova\u00e7\u00e3o das contas, os vereadores precisariam estar dispostos a um desgaste pol\u00edtico consider\u00e1vel para seguir um entendimento contr\u00e1rio e aprovar as contas do ex-prefeito.<br><br>Carlos Eduardo Alves foi procurado para comentar esta mat\u00e9ria por dois dias consecutivos. Ele n\u00e3o atendeu nem retornou.<br><br>Por Dinarte Assun\u00e7\u00e3o (Blog do Dina)<\/figcaption><\/figure>\n","protected":false},"excerpt":{"rendered":"","protected":false},"author":1,"featured_media":0,"comment_status":"open","ping_status":"open","sticky":false,"template":"","format":"standard","meta":{"site-sidebar-layout":"default","site-content-layout":"","ast-site-content-layout":"default","site-content-style":"default","site-sidebar-style":"default","ast-global-header-display":"","ast-banner-title-visibility":"","ast-main-header-display":"","ast-hfb-above-header-display":"","ast-hfb-below-header-display":"","ast-hfb-mobile-header-display":"","site-post-title":"","ast-breadcrumbs-content":"","ast-featured-img":"","footer-sml-layout":"","ast-disable-related-posts":"","theme-transparent-header-meta":"","adv-header-id-meta":"","stick-header-meta":"","header-above-stick-meta":"","header-main-stick-meta":"","header-below-stick-meta":"","astra-migrate-meta-layouts":"default","ast-page-background-enabled":"default","ast-page-background-meta":{"desktop":{"background-color":"var(--ast-global-color-4)","background-image":"","background-repeat":"repeat","background-position":"center center","background-size":"auto","background-attachment":"scroll","background-type":"","background-media":"","overlay-type":"","overlay-color":"","overlay-opacity":"","overlay-gradient":""},"tablet":{"background-color":"","background-image":"","background-repeat":"repeat","background-position":"center center","background-size":"auto","background-attachment":"scroll","background-type":"","background-media":"","overlay-type":"","overlay-color":"","overlay-opacity":"","overlay-gradient":""},"mobile":{"background-color":"","background-image":"","background-repeat":"repeat","background-position":"center center","background-size":"auto","background-attachment":"scroll","background-type":"","background-media":"","overlay-type":"","overlay-color":"","overlay-opacity":"","overlay-gradient":""}},"ast-content-background-meta":{"desktop":{"background-color":"var(--ast-global-color-5)","background-image":"","background-repeat":"repeat","background-position":"center center","background-size":"auto","background-attachment":"scroll","background-type":"","background-media":"","overlay-type":"","overlay-color":"","overlay-opacity":"","overlay-gradient":""},"tablet":{"background-color":"var(--ast-global-color-5)","background-image":"","background-repeat":"repeat","background-position":"center center","background-size":"auto","background-attachment":"scroll","background-type":"","background-media":"","overlay-type":"","overlay-color":"","overlay-opacity":"","overlay-gradient":""},"mobile":{"background-color":"var(--ast-global-color-5)","background-image":"","background-repeat":"repeat","background-position":"center center","background-size":"auto","background-attachment":"scroll","background-type":"","background-media":"","overlay-type":"","overlay-color":"","overlay-opacity":"","overlay-gradient":""}},"footnotes":""},"categories":[517],"tags":[1012,2594,2229,2236,199,937],"class_list":["post-14797","post","type-post","status-publish","format-standard","hentry","category-aconteceu","tag-carlos-eduardo-alves","tag-inelegivel","tag-noticas-do-face","tag-noticas-no-face","tag-noticiasnoface","tag-prefeito"],"_links":{"self":[{"href":"https:\/\/noticiasnoface.com.br\/index.php\/wp-json\/wp\/v2\/posts\/14797","targetHints":{"allow":["GET"]}}],"collection":[{"href":"https:\/\/noticiasnoface.com.br\/index.php\/wp-json\/wp\/v2\/posts"}],"about":[{"href":"https:\/\/noticiasnoface.com.br\/index.php\/wp-json\/wp\/v2\/types\/post"}],"author":[{"embeddable":true,"href":"https:\/\/noticiasnoface.com.br\/index.php\/wp-json\/wp\/v2\/users\/1"}],"replies":[{"embeddable":true,"href":"https:\/\/noticiasnoface.com.br\/index.php\/wp-json\/wp\/v2\/comments?post=14797"}],"version-history":[{"count":1,"href":"https:\/\/noticiasnoface.com.br\/index.php\/wp-json\/wp\/v2\/posts\/14797\/revisions"}],"predecessor-version":[{"id":14798,"href":"https:\/\/noticiasnoface.com.br\/index.php\/wp-json\/wp\/v2\/posts\/14797\/revisions\/14798"}],"wp:attachment":[{"href":"https:\/\/noticiasnoface.com.br\/index.php\/wp-json\/wp\/v2\/media?parent=14797"}],"wp:term":[{"taxonomy":"category","embeddable":true,"href":"https:\/\/noticiasnoface.com.br\/index.php\/wp-json\/wp\/v2\/categories?post=14797"},{"taxonomy":"post_tag","embeddable":true,"href":"https:\/\/noticiasnoface.com.br\/index.php\/wp-json\/wp\/v2\/tags?post=14797"}],"curies":[{"name":"wp","href":"https:\/\/api.w.org\/{rel}","templated":true}]}}