{"id":14806,"date":"2023-02-15T08:10:25","date_gmt":"2023-02-15T11:10:25","guid":{"rendered":"https:\/\/noticiasnoface.com.br\/?p=14806"},"modified":"2023-02-15T08:10:26","modified_gmt":"2023-02-15T11:10:26","slug":"caixa-e-bb-comecam-a-pagar-hoje-abono-de-r-130200-veja-qual-seu-dia","status":"publish","type":"post","link":"https:\/\/noticiasnoface.com.br\/index.php\/2023\/02\/15\/caixa-e-bb-comecam-a-pagar-hoje-abono-de-r-130200-veja-qual-seu-dia\/","title":{"rendered":"Caixa e BB come\u00e7am a pagar hoje abono de R$ 1302,00, veja qual seu dia"},"content":{"rendered":"\n<figure class=\"wp-block-image size-large\"><img data-opt-id=2109621345  fetchpriority=\"high\" decoding=\"async\" width=\"1024\" height=\"673\" src=\"https:\/\/mlbfrsat7ahr.i.optimole.com\/w:1024\/h:673\/q:mauto\/ig:avif\/https:\/\/noticiasnoface.com.br\/wp-content\/uploads\/2023\/02\/img_1846.jpg\" class=\"wp-image-14805\" srcset=\"https:\/\/mlbfrsat7ahr.i.optimole.com\/w:1024\/h:673\/q:mauto\/ig:avif\/https:\/\/noticiasnoface.com.br\/wp-content\/uploads\/2023\/02\/img_1846.jpg 1024w, https:\/\/mlbfrsat7ahr.i.optimole.com\/w:300\/h:197\/q:mauto\/ig:avif\/https:\/\/noticiasnoface.com.br\/wp-content\/uploads\/2023\/02\/img_1846.jpg 300w, https:\/\/mlbfrsat7ahr.i.optimole.com\/w:768\/h:505\/q:mauto\/ig:avif\/https:\/\/noticiasnoface.com.br\/wp-content\/uploads\/2023\/02\/img_1846.jpg 768w, https:\/\/mlbfrsat7ahr.i.optimole.com\/w:1242\/h:816\/q:mauto\/ig:avif\/https:\/\/noticiasnoface.com.br\/wp-content\/uploads\/2023\/02\/img_1846.jpg 1242w\" sizes=\"(max-width: 1000px) 100vw, 1000px\" \/><figcaption class=\"wp-element-caption\">Caixa e Banco do Brasil come\u00e7am a pagar hoje o abono salarial do PIS\/Pasep 2023<br><br><img data-opt-id=1800732095  fetchpriority=\"high\" decoding=\"async\" src=\"https:\/\/m.extra.globo.com\/incoming\/25628772-8ac-dab\/w488h275-PROP\/caixa.jpg\" alt=\"img\" width=\"5184\" height=\"3456\" class=\"extendsBeyondTextColumn\">O abono salarial do PIS \u00e9 pago pela Caixa Econ\u00f4mica Federal Foto: Fabiano Rocha \/ Ag\u00eancia O Globo<br>-A A A+<strong>A Caixa Econ\u00f4mica Federal e o Banco do Brasil (BB) come\u00e7am a pagar<\/strong>, nesta quarta-feira (dia 15), o <strong>abono salarial do PIS\/Pasep 2023 (ano-base 2021)<\/strong> para trabalhadores de baixa renda. O benef\u00edcio pode chegar a um sal\u00e1rio m\u00ednimo, a depender do n\u00famero de meses trabalhados com registro formal no ano de refer\u00eancia (2021).<br>Neste ano, a expectativa \u00e9 que a Caixa Econ\u00f4mica Federal \u2014 respons\u00e1vel pelo pagamento do abono do <strong>PIS<\/strong> aos trabalhadores da iniciativa privada \u2014 <strong>deposite o benef\u00edcio para 20,4 milh\u00f5es de pessoas<\/strong>. <br>Em rela\u00e7\u00e3o ao <strong>Pasep <\/strong>\u2014 cujos recursos s\u00e3o liberados pelo Banco do Brasil (BB) a servidores e empregados de empresas p\u00fablicas \u2014 ser\u00e3o contemplados <strong>mais 2,5 milh\u00f5es de benefici\u00e1rios.<\/strong><br><strong>De acordo com o Minist\u00e9rio do Trabalho e Emprego<\/strong>, ao todo, ser\u00e3o creditados R$ 22 bilh\u00f5es em abonos. Os dep\u00f3sitos ser\u00e3o feitos <strong>a partir de hoje<\/strong>, conforme o <strong>m\u00eas de anivers\u00e1rio <\/strong>do trabalhador, no caso do PIS, ou segundo o final de inscri\u00e7\u00e3o no programa, no caso do Pasep (confira os calend\u00e1rios abaixo). <br>Todos ter\u00e3o <strong>at\u00e9 o dia 28 de dezembro<\/strong> para fazer o saque. <br><img data-opt-id=1574530300  data-opt-src=\"https:\/\/m.extra.globo.com\/incoming\/25655523-009-8ff\/w480h720-PROP\/pis.jpg\"  decoding=\"async\" src=\"data:image/svg+xml,%3Csvg%20viewBox%3D%220%200%20100%%20100%%22%20width%3D%22100%%22%20height%3D%22100%%22%20xmlns%3D%22http%3A%2F%2Fwww.w3.org%2F2000%2Fsvg%22%3E%3Crect%20width%3D%22100%%22%20height%3D%22100%%22%20fill%3D%22transparent%22%2F%3E%3C%2Fsvg%3E\" alt=\"Confira o calend\u00e1rio de pagamento do Pis\" class=\"extendsBeyondTextColumn\">Confira o calend\u00e1rio de pagamento do Pis Foto: Editoria de Arte<br><img data-opt-id=2126204859  data-opt-src=\"https:\/\/m.extra.globo.com\/incoming\/25655526-452-47f\/w480h720-PROP\/pasep.jpg\"  decoding=\"async\" src=\"data:image/svg+xml,%3Csvg%20viewBox%3D%220%200%20100%%20100%%22%20width%3D%22100%%22%20height%3D%22100%%22%20xmlns%3D%22http%3A%2F%2Fwww.w3.org%2F2000%2Fsvg%22%3E%3Crect%20width%3D%22100%%22%20height%3D%22100%%22%20fill%3D%22transparent%22%2F%3E%3C%2Fsvg%3E\" alt=\"Confira o calend\u00e1rio de pagamento do Pasep\" class=\"extendsBeyondTextColumn\">Confira o calend\u00e1rio de pagamento do Pasep<br><strong>Como consultar<\/strong><br>Para saber se tem direito ao benef\u00edcio, o trabalhador precisa de uma conta autenticada no portal Gov.br, se ainda n\u00e3o a tiver, ou tem que baixar o aplicativo Carteira de Trabalho Digital (CTPS Digital). O download \u00e9 gratuito nas lojas virtuais App Store e Play Store. Ap\u00f3s o login, deve-se consultar a op\u00e7\u00e3o &#8220;Benef\u00edcios&#8221;, no menu inferior, e selecionar &#8220;Abono salarial&#8221;. Outra op\u00e7\u00e3o \u00e9 ligar para 158.<br>Para trabalhadores de empresas privadas, o n\u00famero da Caixa para saber sobre o PIS \u00e9 0800-726-0207. <br>Para servidores p\u00fablicos, \u00e9 poss\u00edvel se informar sobre o Pasep na central de atendimento do BB, pelo n\u00famero 4004-0001 ou 0800-729-0001, ou ainda pelo site bb. com.br. Basta preencher o n\u00famero de inscri\u00e7\u00e3o do Pasep ou o CPF e a data de nascimento.<br><strong>Quem tem direito ao benef\u00edcio<\/strong><br>Tem direito ao abono quem trabalhou com registro formal por, pelo menos, 30 dias durante o ano-base (neste caso, 2021), recebendo, em m\u00e9dia, at\u00e9 dois sal\u00e1rios m\u00ednimos nacionais por m\u00eas. <br>Tamb\u00e9m \u00e9 preciso estar inscrito no PIS\/Pasep h\u00e1, pelo menos, cinco anos. Ainda \u00e9 necess\u00e1rio que o empregador tenha informado os dados do trabalhador corretamente na Rela\u00e7\u00e3o Anual de Informa\u00e7\u00f5es Sociais (Rais).<br>Vale destacar que a Resolu\u00e7\u00e3o 838, de 2019, determina que os valores n\u00e3o recebidos em vida pelos titulares ficam assegurados aos dependentes ou sucessores legais.<br><strong>Qual o valor a receber e como sacar<\/strong><br>O montante a receber varia de acordo com o n\u00famero de meses trabalhados. Valores quebrados poder\u00e3o ser arredondados.  S\u00f3 receber\u00e1 o valor m\u00e1ximo \u2014 equivalente ao piso nacional \u2014 quem trabalhou os 12 meses de 2021.<br><img data-opt-id=1501603339  data-opt-src=\"https:\/\/m.extra.globo.com\/incoming\/25655529-499-b79\/w480h720-PROP\/valores-proporcionais.jpg\"  decoding=\"async\" src=\"data:image/svg+xml,%3Csvg%20viewBox%3D%220%200%20100%%20100%%22%20width%3D%22100%%22%20height%3D%22100%%22%20xmlns%3D%22http%3A%2F%2Fwww.w3.org%2F2000%2Fsvg%22%3E%3Crect%20width%3D%22100%%22%20height%3D%22100%%22%20fill%3D%22transparent%22%2F%3E%3C%2Fsvg%3E\" alt=\"Veja a tabela de valores proporcionais ao n\u00famero de meses trabalhados em 2021\" class=\"extendsBeyondTextColumn\">Veja a tabela de valores proporcionais ao n\u00famero de meses trabalhados em 2021 Foto: Editoria de Arte<br>Quem tem conta-corrente ou poupan\u00e7a na Caixa (no caso do PIS) ou no BB (quem recebe o Pasep) t\u00eam direito ao cr\u00e9dito autom\u00e1tico dos valores. Quem n\u00e3o \u00e9 cliente, por\u00e9m, deve procurar as institui\u00e7\u00f5es financeiras para a retirada, levando um documento de identifica\u00e7\u00e3o oficial com foto e o n\u00famero do PIS\/Pasep. <br>Esse n\u00famero pode ser checado no site do Meu INSS, pelo Cadastro Nacional de Informa\u00e7\u00f5es Sociais (CNIS), no aplicativo do FGTS ou no aplicativo Caixa Trabalhador.<br>Tamb\u00e9m \u00e9 poss\u00edvel ter acesso ao valor pelo aplicativo Caixa Tem ou usando o Cart\u00e3o do Cidad\u00e3o com senha nos terminais de autoatendimento, nas lot\u00e9ricas ou nos correspondentes Caixa Aqui (no caso do PIS).<br><strong>Quem n\u00e3o faz jus ao pagamento<\/strong><br>Entre os que n\u00e3o t\u00eam direito ao pagamento do abono est\u00e3o os empregados dom\u00e9sticos, os trabalhadores rurais e urbanos empregados por pessoa f\u00edsica e os trabalhadores empregados por pessoa f\u00edsica equiparada \u00e0 jur\u00eddica.<br><strong>Mudan\u00e7a no calend\u00e1rio<\/strong><br>At\u00e9 pouco tempo, a libera\u00e7\u00e3o do abono considerava quem tinha trabalhado com registro formal no ano-base imediatamente anterior. Al\u00e9m disso, o calend\u00e1rio de pagamento tinha in\u00edcio no segundo semestre de um ano e terminava no primeiro semestre do outro. Por exemplo, o abono pago em 2019\/2020 levou em conta quem tinha trabalhado em 2018. <br>Na pandemia, isso mudou. O governo Bolsonaro precisava reter recursos para bancar o aux\u00edlio emergencial e alterou o cronograma. Agora, o pagamento \u00e9 para quem trabalhou dois anos antes. O calend\u00e1rio de 2023 considera quem teve registro formal em 2021.<\/figcaption><\/figure>\n","protected":false},"excerpt":{"rendered":"","protected":false},"author":1,"featured_media":0,"comment_status":"open","ping_status":"open","sticky":false,"template":"","format":"standard","meta":{"site-sidebar-layout":"default","site-content-layout":"","ast-site-content-layout":"default","site-content-style":"default","site-sidebar-style":"default","ast-global-header-display":"","ast-banner-title-visibility":"","ast-main-header-display":"","ast-hfb-above-header-display":"","ast-hfb-below-header-display":"","ast-hfb-mobile-header-display":"","site-post-title":"","ast-breadcrumbs-content":"","ast-featured-img":"","footer-sml-layout":"","ast-disable-related-posts":"","theme-transparent-header-meta":"","adv-header-id-meta":"","stick-header-meta":"","header-above-stick-meta":"","header-main-stick-meta":"","header-below-stick-meta":"","astra-migrate-meta-layouts":"default","ast-page-background-enabled":"default","ast-page-background-meta":{"desktop":{"background-color":"var(--ast-global-color-4)","background-image":"","background-repeat":"repeat","background-position":"center center","background-size":"auto","background-attachment":"scroll","background-type":"","background-media":"","overlay-type":"","overlay-color":"","overlay-opacity":"","overlay-gradient":""},"tablet":{"background-color":"","background-image":"","background-repeat":"repeat","background-position":"center center","background-size":"auto","background-attachment":"scroll","background-type":"","background-media":"","overlay-type":"","overlay-color":"","overlay-opacity":"","overlay-gradient":""},"mobile":{"background-color":"","background-image":"","background-repeat":"repeat","background-position":"center center","background-size":"auto","background-attachment":"scroll","background-type":"","background-media":"","overlay-type":"","overlay-color":"","overlay-opacity":"","overlay-gradient":""}},"ast-content-background-meta":{"desktop":{"background-color":"var(--ast-global-color-5)","background-image":"","background-repeat":"repeat","background-position":"center center","background-size":"auto","background-attachment":"scroll","background-type":"","background-media":"","overlay-type":"","overlay-color":"","overlay-opacity":"","overlay-gradient":""},"tablet":{"background-color":"var(--ast-global-color-5)","background-image":"","background-repeat":"repeat","background-position":"center center","background-size":"auto","background-attachment":"scroll","background-type":"","background-media":"","overlay-type":"","overlay-color":"","overlay-opacity":"","overlay-gradient":""},"mobile":{"background-color":"var(--ast-global-color-5)","background-image":"","background-repeat":"repeat","background-position":"center center","background-size":"auto","background-attachment":"scroll","background-type":"","background-media":"","overlay-type":"","overlay-color":"","overlay-opacity":"","overlay-gradient":""}},"footnotes":""},"categories":[517],"tags":[2595,2596,2417,2229,22,199,2491],"class_list":["post-14806","post","type-post","status-publish","format-standard","hentry","category-aconteceu","tag-abono-salarial","tag-banco-do-brasil","tag-caixa-economica-federal","tag-noticas-do-face","tag-noticias-no-face","tag-noticiasnoface","tag-pis-pasep"],"_links":{"self":[{"href":"https:\/\/noticiasnoface.com.br\/index.php\/wp-json\/wp\/v2\/posts\/14806","targetHints":{"allow":["GET"]}}],"collection":[{"href":"https:\/\/noticiasnoface.com.br\/index.php\/wp-json\/wp\/v2\/posts"}],"about":[{"href":"https:\/\/noticiasnoface.com.br\/index.php\/wp-json\/wp\/v2\/types\/post"}],"author":[{"embeddable":true,"href":"https:\/\/noticiasnoface.com.br\/index.php\/wp-json\/wp\/v2\/users\/1"}],"replies":[{"embeddable":true,"href":"https:\/\/noticiasnoface.com.br\/index.php\/wp-json\/wp\/v2\/comments?post=14806"}],"version-history":[{"count":1,"href":"https:\/\/noticiasnoface.com.br\/index.php\/wp-json\/wp\/v2\/posts\/14806\/revisions"}],"predecessor-version":[{"id":14807,"href":"https:\/\/noticiasnoface.com.br\/index.php\/wp-json\/wp\/v2\/posts\/14806\/revisions\/14807"}],"wp:attachment":[{"href":"https:\/\/noticiasnoface.com.br\/index.php\/wp-json\/wp\/v2\/media?parent=14806"}],"wp:term":[{"taxonomy":"category","embeddable":true,"href":"https:\/\/noticiasnoface.com.br\/index.php\/wp-json\/wp\/v2\/categories?post=14806"},{"taxonomy":"post_tag","embeddable":true,"href":"https:\/\/noticiasnoface.com.br\/index.php\/wp-json\/wp\/v2\/tags?post=14806"}],"curies":[{"name":"wp","href":"https:\/\/api.w.org\/{rel}","templated":true}]}}