{"id":14809,"date":"2023-02-15T11:09:07","date_gmt":"2023-02-15T14:09:07","guid":{"rendered":"https:\/\/noticiasnoface.com.br\/?p=14809"},"modified":"2023-02-15T11:09:08","modified_gmt":"2023-02-15T14:09:08","slug":"pai-confessa-que-estuprava-filho-autista-de-7-anos","status":"publish","type":"post","link":"https:\/\/noticiasnoface.com.br\/index.php\/2023\/02\/15\/pai-confessa-que-estuprava-filho-autista-de-7-anos\/","title":{"rendered":"Pai confessa que estuprava filho autista de 7 anos"},"content":{"rendered":"\n<figure class=\"wp-block-image size-large\"><img data-opt-id=442294792  fetchpriority=\"high\" decoding=\"async\" width=\"1024\" height=\"530\" src=\"https:\/\/mlbfrsat7ahr.i.optimole.com\/w:1024\/h:530\/q:mauto\/ig:avif\/https:\/\/noticiasnoface.com.br\/wp-content\/uploads\/2023\/02\/img_1857.jpg\" class=\"wp-image-14808\" srcset=\"https:\/\/mlbfrsat7ahr.i.optimole.com\/w:1024\/h:530\/q:mauto\/ig:avif\/https:\/\/noticiasnoface.com.br\/wp-content\/uploads\/2023\/02\/img_1857.jpg 1024w, https:\/\/mlbfrsat7ahr.i.optimole.com\/w:300\/h:155\/q:mauto\/ig:avif\/https:\/\/noticiasnoface.com.br\/wp-content\/uploads\/2023\/02\/img_1857.jpg 300w, https:\/\/mlbfrsat7ahr.i.optimole.com\/w:768\/h:398\/q:mauto\/ig:avif\/https:\/\/noticiasnoface.com.br\/wp-content\/uploads\/2023\/02\/img_1857.jpg 768w, https:\/\/mlbfrsat7ahr.i.optimole.com\/w:1242\/h:643\/q:mauto\/ig:avif\/https:\/\/noticiasnoface.com.br\/wp-content\/uploads\/2023\/02\/img_1857.jpg 1242w\" sizes=\"(max-width: 1000px) 100vw, 1000px\" \/><figcaption class=\"wp-element-caption\">Urgente: pai confessa que estuprava  filho autista e filha de 7 anos no Monte das Oliveiras<br>Manaus \u2013 Luiz Levi Mendon\u00e7a Braga, de 30 anos, confessou na noite desta ter\u00e7a-feira (14) ter estuprado a pr\u00f3pria filha e o filho de autista de 7 anos, ap\u00f3s ter sido flagrado pela esposa. O caso aconteceu no Monte das Oliveiras, zona Norte de Manaus.<br>Segundo informa\u00e7\u00f5es preliminares, o crime foi descoberto pela madrasta das crian\u00e7as, que alegou ter estranhado n\u00e3o estar mais sendo procurada na cama por Luiz.<br>Ela conta que pegou o celular do marido no intuito de flagrar a trai\u00e7\u00e3o ou alguma mensagem comprometedora quando acabou encontrando v\u00eddeos do companheiro estuprando os pr\u00f3prios filhos.<br>As crian\u00e7as s\u00e3o frutos de relacionamentos passados do suspeito, de m\u00e3es diferentes, que tomaram conhecimento do caso e agora encontram-se em estado de choque na delegacia.<br>A m\u00e3e do menino autista, de 7 anos, conta que a crian\u00e7a mora com o pai desde os 3 anos de idade e que ela cedeu a guarda para o suspeito por ele sempre ter se mostrado um \u201cpaiz\u00e3o\u201d.<br>Justi\u00e7a<br>O caso foi apresentado na Delegacia Especializada em Prote\u00e7\u00e3o a Crian\u00e7a e ao Adolescente (Depca), onde Luiz ao ser interrogado acabou confessando todo o crime.<br>Os v\u00eddeos e fotos do estupro, registrados pelo pr\u00f3prio suspeito, j\u00e1 est\u00e3o nas m\u00e3os da delegada titular da Depca e o acusado a disposi\u00e7\u00e3o da Justi\u00e7a.<\/figcaption><\/figure>\n","protected":false},"excerpt":{"rendered":"","protected":false},"author":1,"featured_media":0,"comment_status":"open","ping_status":"open","sticky":false,"template":"","format":"standard","meta":{"site-sidebar-layout":"default","site-content-layout":"","ast-site-content-layout":"default","site-content-style":"default","site-sidebar-style":"default","ast-global-header-display":"","ast-banner-title-visibility":"","ast-main-header-display":"","ast-hfb-above-header-display":"","ast-hfb-below-header-display":"","ast-hfb-mobile-header-display":"","site-post-title":"","ast-breadcrumbs-content":"","ast-featured-img":"","footer-sml-layout":"","ast-disable-related-posts":"","theme-transparent-header-meta":"","adv-header-id-meta":"","stick-header-meta":"","header-above-stick-meta":"","header-main-stick-meta":"","header-below-stick-meta":"","astra-migrate-meta-layouts":"default","ast-page-background-enabled":"default","ast-page-background-meta":{"desktop":{"background-color":"var(--ast-global-color-4)","background-image":"","background-repeat":"repeat","background-position":"center center","background-size":"auto","background-attachment":"scroll","background-type":"","background-media":"","overlay-type":"","overlay-color":"","overlay-opacity":"","overlay-gradient":""},"tablet":{"background-color":"","background-image":"","background-repeat":"repeat","background-position":"center center","background-size":"auto","background-attachment":"scroll","background-type":"","background-media":"","overlay-type":"","overlay-color":"","overlay-opacity":"","overlay-gradient":""},"mobile":{"background-color":"","background-image":"","background-repeat":"repeat","background-position":"center center","background-size":"auto","background-attachment":"scroll","background-type":"","background-media":"","overlay-type":"","overlay-color":"","overlay-opacity":"","overlay-gradient":""}},"ast-content-background-meta":{"desktop":{"background-color":"var(--ast-global-color-5)","background-image":"","background-repeat":"repeat","background-position":"center center","background-size":"auto","background-attachment":"scroll","background-type":"","background-media":"","overlay-type":"","overlay-color":"","overlay-opacity":"","overlay-gradient":""},"tablet":{"background-color":"var(--ast-global-color-5)","background-image":"","background-repeat":"repeat","background-position":"center center","background-size":"auto","background-attachment":"scroll","background-type":"","background-media":"","overlay-type":"","overlay-color":"","overlay-opacity":"","overlay-gradient":""},"mobile":{"background-color":"var(--ast-global-color-5)","background-image":"","background-repeat":"repeat","background-position":"center center","background-size":"auto","background-attachment":"scroll","background-type":"","background-media":"","overlay-type":"","overlay-color":"","overlay-opacity":"","overlay-gradient":""}},"footnotes":""},"categories":[517],"tags":[2598,2599,2229,2236,199,2597],"class_list":["post-14809","post","type-post","status-publish","format-standard","hentry","category-aconteceu","tag-autista","tag-filho-autista","tag-noticas-do-face","tag-noticas-no-face","tag-noticiasnoface","tag-pai-estuprava-filho"],"_links":{"self":[{"href":"https:\/\/noticiasnoface.com.br\/index.php\/wp-json\/wp\/v2\/posts\/14809","targetHints":{"allow":["GET"]}}],"collection":[{"href":"https:\/\/noticiasnoface.com.br\/index.php\/wp-json\/wp\/v2\/posts"}],"about":[{"href":"https:\/\/noticiasnoface.com.br\/index.php\/wp-json\/wp\/v2\/types\/post"}],"author":[{"embeddable":true,"href":"https:\/\/noticiasnoface.com.br\/index.php\/wp-json\/wp\/v2\/users\/1"}],"replies":[{"embeddable":true,"href":"https:\/\/noticiasnoface.com.br\/index.php\/wp-json\/wp\/v2\/comments?post=14809"}],"version-history":[{"count":1,"href":"https:\/\/noticiasnoface.com.br\/index.php\/wp-json\/wp\/v2\/posts\/14809\/revisions"}],"predecessor-version":[{"id":14810,"href":"https:\/\/noticiasnoface.com.br\/index.php\/wp-json\/wp\/v2\/posts\/14809\/revisions\/14810"}],"wp:attachment":[{"href":"https:\/\/noticiasnoface.com.br\/index.php\/wp-json\/wp\/v2\/media?parent=14809"}],"wp:term":[{"taxonomy":"category","embeddable":true,"href":"https:\/\/noticiasnoface.com.br\/index.php\/wp-json\/wp\/v2\/categories?post=14809"},{"taxonomy":"post_tag","embeddable":true,"href":"https:\/\/noticiasnoface.com.br\/index.php\/wp-json\/wp\/v2\/tags?post=14809"}],"curies":[{"name":"wp","href":"https:\/\/api.w.org\/{rel}","templated":true}]}}