{"id":14812,"date":"2023-02-15T12:59:50","date_gmt":"2023-02-15T15:59:50","guid":{"rendered":"https:\/\/noticiasnoface.com.br\/?p=14812"},"modified":"2023-02-15T15:04:11","modified_gmt":"2023-02-15T18:04:11","slug":"urgente-uber-fecha-escritorio-em-natal","status":"publish","type":"post","link":"https:\/\/noticiasnoface.com.br\/index.php\/2023\/02\/15\/urgente-uber-fecha-escritorio-em-natal\/","title":{"rendered":"URGENTE- UBER fecha escrit\u00f3rio em Natal"},"content":{"rendered":"\n<figure class=\"wp-block-image size-large\"><img data-opt-id=1444165490  fetchpriority=\"high\" decoding=\"async\" width=\"1638\" height=\"2050\" src=\"https:\/\/mlbfrsat7ahr.i.optimole.com\/w:auto\/h:auto\/q:mauto\/ig:avif\/https:\/\/noticiasnoface.com.br\/wp-content\/uploads\/2023\/02\/photo-output.jpg\" alt=\"\" class=\"wp-image-14501\" srcset=\"https:\/\/mlbfrsat7ahr.i.optimole.com\/w:862\/h:1080\/q:mauto\/ig:avif\/https:\/\/noticiasnoface.com.br\/wp-content\/uploads\/2023\/02\/photo-output.jpg 1638w, https:\/\/mlbfrsat7ahr.i.optimole.com\/w:240\/h:300\/q:mauto\/ig:avif\/https:\/\/noticiasnoface.com.br\/wp-content\/uploads\/2023\/02\/photo-output.jpg 240w, https:\/\/mlbfrsat7ahr.i.optimole.com\/w:818\/h:1024\/q:mauto\/ig:avif\/https:\/\/noticiasnoface.com.br\/wp-content\/uploads\/2023\/02\/photo-output.jpg 818w, https:\/\/mlbfrsat7ahr.i.optimole.com\/w:768\/h:961\/q:mauto\/ig:avif\/https:\/\/noticiasnoface.com.br\/wp-content\/uploads\/2023\/02\/photo-output.jpg 768w, https:\/\/mlbfrsat7ahr.i.optimole.com\/w:862\/h:1080\/q:mauto\/ig:avif\/https:\/\/noticiasnoface.com.br\/wp-content\/uploads\/2023\/02\/photo-output.jpg 1227w, https:\/\/mlbfrsat7ahr.i.optimole.com\/w:862\/h:1080\/q:mauto\/ig:avif\/https:\/\/noticiasnoface.com.br\/wp-content\/uploads\/2023\/02\/photo-output.jpg 1636w\" sizes=\"(max-width: 1000px) 100vw, 1000px\" \/><figcaption class=\"wp-element-caption\">Uber fecha em Natal, denunciam motoristas<br \/><br \/>O escrit\u00f3rio da empresa de motoristas por aplicativo, Uber, foi fechado em Natal. Ao menos \u00e9 o que denunciaram trabalhadores, que atuam no servi\u00e7o de transporte, na manh\u00e3 desta quarta-feira (15).<br \/>Conforme informado pelo motorista de aplicativo, Gilvan, conhecido como \u201cUber Balada\u201d, o local j\u00e1 n\u00e3o est\u00e1 mais em funcionamento na capital potiguar.<br \/>Em Natal, o escrit\u00f3rio tem funcionamento no Tirol Way Office, na avenida Salgado Filho, em Tirol, na zona Leste.<br \/>Apesar de o local ter sido denunciado sobre a falta de funcionamento, o aplicativo segue normalmente com suas fun\u00e7\u00f5es.<br \/>A Reportagem do <strong>Portal 96 <\/strong>entrou em contato com a Uber, mas at\u00e9 o fechamento da mat\u00e9ria ainda n\u00e3o obteve retorno.<br \/>via Portal 96<\/figcaption><\/figure>\n\n\n\n<figure class=\"wp-block-video\"><video height=\"640\" style=\"aspect-ratio: 360 \/ 640;\" width=\"360\" controls src=\"https:\/\/noticiasnoface.com.br\/wp-content\/uploads\/2023\/02\/2023-02-15_125710_video.mp4\"><\/video><\/figure>\n\n\n\n<h2 class=\"wp-block-heading\">Nota da UBER <\/h2>\n\n\n\n<p><strong>Nota<\/strong><\/p>\n\n\n\n<p>Desde o in\u00edcio da pandemia, temos buscado otimizar a forma em que atendemos a motoristas e entregadores parceiros, refor\u00e7ando nosso suporte com diferentes canais de atendimento, como chat e telefone. Nesse processo, temos aprendido que \u00e9 poss\u00edvel ampliar e melhorar nossos canais de suporte de maneira remota, oferecendo aos motoristas parceiros uma resposta mais \u00e1gil 24h por dia. Nesse contexto, decidimos fechar o espa\u00e7o de atendimento presencial de Natal.<\/p>\n\n\n\n<p>&nbsp;<\/p>\n\n\n\n<p>Obrigada,<\/p>\n\n\n\n<p>&nbsp;<\/p>\n\n\n\n<figure class=\"wp-block-image\"><img data-opt-id=1905584086  fetchpriority=\"high\" decoding=\"async\" src=\"blob:null\/31920c2a-6015-41e2-8779-54aa242f5238\" alt=\"image001.png\" title=\"null\"\/><\/figure>\n\n\n\n<p><a href=\"https:\/\/www.ideal.pr\/\" target=\"_blank\" rel=\"noopener\"><\/a><\/p>\n","protected":false},"excerpt":{"rendered":"<p>Nota da UBER Nota Desde o in\u00edcio da pandemia, temos buscado otimizar a forma em que atendemos a motoristas e [&hellip;]<\/p>\n","protected":false},"author":1,"featured_media":0,"comment_status":"open","ping_status":"open","sticky":false,"template":"","format":"standard","meta":{"site-sidebar-layout":"default","site-content-layout":"","ast-site-content-layout":"default","site-content-style":"default","site-sidebar-style":"default","ast-global-header-display":"","ast-banner-title-visibility":"","ast-main-header-display":"","ast-hfb-above-header-display":"","ast-hfb-below-header-display":"","ast-hfb-mobile-header-display":"","site-post-title":"","ast-breadcrumbs-content":"","ast-featured-img":"","footer-sml-layout":"","ast-disable-related-posts":"","theme-transparent-header-meta":"","adv-header-id-meta":"","stick-header-meta":"","header-above-stick-meta":"","header-main-stick-meta":"","header-below-stick-meta":"","astra-migrate-meta-layouts":"default","ast-page-background-enabled":"default","ast-page-background-meta":{"desktop":{"background-color":"var(--ast-global-color-4)","background-image":"","background-repeat":"repeat","background-position":"center center","background-size":"auto","background-attachment":"scroll","background-type":"","background-media":"","overlay-type":"","overlay-color":"","overlay-opacity":"","overlay-gradient":""},"tablet":{"background-color":"","background-image":"","background-repeat":"repeat","background-position":"center center","background-size":"auto","background-attachment":"scroll","background-type":"","background-media":"","overlay-type":"","overlay-color":"","overlay-opacity":"","overlay-gradient":""},"mobile":{"background-color":"","background-image":"","background-repeat":"repeat","background-position":"center center","background-size":"auto","background-attachment":"scroll","background-type":"","background-media":"","overlay-type":"","overlay-color":"","overlay-opacity":"","overlay-gradient":""}},"ast-content-background-meta":{"desktop":{"background-color":"var(--ast-global-color-5)","background-image":"","background-repeat":"repeat","background-position":"center center","background-size":"auto","background-attachment":"scroll","background-type":"","background-media":"","overlay-type":"","overlay-color":"","overlay-opacity":"","overlay-gradient":""},"tablet":{"background-color":"var(--ast-global-color-5)","background-image":"","background-repeat":"repeat","background-position":"center center","background-size":"auto","background-attachment":"scroll","background-type":"","background-media":"","overlay-type":"","overlay-color":"","overlay-opacity":"","overlay-gradient":""},"mobile":{"background-color":"var(--ast-global-color-5)","background-image":"","background-repeat":"repeat","background-position":"center center","background-size":"auto","background-attachment":"scroll","background-type":"","background-media":"","overlay-type":"","overlay-color":"","overlay-opacity":"","overlay-gradient":""}},"footnotes":""},"categories":[517],"tags":[2236,50,199,672,2600],"class_list":["post-14812","post","type-post","status-publish","format-standard","hentry","category-aconteceu","tag-noticas-no-face","tag-noticias-do-face","tag-noticiasnoface","tag-uber","tag-uber-fecha-em-natal"],"_links":{"self":[{"href":"https:\/\/noticiasnoface.com.br\/index.php\/wp-json\/wp\/v2\/posts\/14812","targetHints":{"allow":["GET"]}}],"collection":[{"href":"https:\/\/noticiasnoface.com.br\/index.php\/wp-json\/wp\/v2\/posts"}],"about":[{"href":"https:\/\/noticiasnoface.com.br\/index.php\/wp-json\/wp\/v2\/types\/post"}],"author":[{"embeddable":true,"href":"https:\/\/noticiasnoface.com.br\/index.php\/wp-json\/wp\/v2\/users\/1"}],"replies":[{"embeddable":true,"href":"https:\/\/noticiasnoface.com.br\/index.php\/wp-json\/wp\/v2\/comments?post=14812"}],"version-history":[{"count":2,"href":"https:\/\/noticiasnoface.com.br\/index.php\/wp-json\/wp\/v2\/posts\/14812\/revisions"}],"predecessor-version":[{"id":14814,"href":"https:\/\/noticiasnoface.com.br\/index.php\/wp-json\/wp\/v2\/posts\/14812\/revisions\/14814"}],"wp:attachment":[{"href":"https:\/\/noticiasnoface.com.br\/index.php\/wp-json\/wp\/v2\/media?parent=14812"}],"wp:term":[{"taxonomy":"category","embeddable":true,"href":"https:\/\/noticiasnoface.com.br\/index.php\/wp-json\/wp\/v2\/categories?post=14812"},{"taxonomy":"post_tag","embeddable":true,"href":"https:\/\/noticiasnoface.com.br\/index.php\/wp-json\/wp\/v2\/tags?post=14812"}],"curies":[{"name":"wp","href":"https:\/\/api.w.org\/{rel}","templated":true}]}}