{"id":14817,"date":"2023-02-15T18:06:11","date_gmt":"2023-02-15T21:06:11","guid":{"rendered":"https:\/\/noticiasnoface.com.br\/?p=14817"},"modified":"2023-02-15T18:06:11","modified_gmt":"2023-02-15T21:06:11","slug":"video-sou-seu-babao-de-carteirinha-diz-vereador-para-prefeito","status":"publish","type":"post","link":"https:\/\/noticiasnoface.com.br\/index.php\/2023\/02\/15\/video-sou-seu-babao-de-carteirinha-diz-vereador-para-prefeito\/","title":{"rendered":"(V\u00eddeo)- &#8220;Sou seu bab\u00e3o de carteirinha&#8221; diz vereador para prefeito"},"content":{"rendered":"\n<figure class=\"wp-block-image size-large\"><img data-opt-id=1359785612  fetchpriority=\"high\" decoding=\"async\" width=\"1024\" height=\"467\" src=\"https:\/\/mlbfrsat7ahr.i.optimole.com\/w:1024\/h:467\/q:mauto\/ig:avif\/https:\/\/noticiasnoface.com.br\/wp-content\/uploads\/2023\/02\/img_1890.jpg\" class=\"wp-image-14815\" srcset=\"https:\/\/mlbfrsat7ahr.i.optimole.com\/w:1024\/h:467\/q:mauto\/ig:avif\/https:\/\/noticiasnoface.com.br\/wp-content\/uploads\/2023\/02\/img_1890.jpg 1024w, https:\/\/mlbfrsat7ahr.i.optimole.com\/w:300\/h:137\/q:mauto\/ig:avif\/https:\/\/noticiasnoface.com.br\/wp-content\/uploads\/2023\/02\/img_1890.jpg 300w, https:\/\/mlbfrsat7ahr.i.optimole.com\/w:768\/h:350\/q:mauto\/ig:avif\/https:\/\/noticiasnoface.com.br\/wp-content\/uploads\/2023\/02\/img_1890.jpg 768w, https:\/\/mlbfrsat7ahr.i.optimole.com\/w:1242\/h:566\/q:mauto\/ig:avif\/https:\/\/noticiasnoface.com.br\/wp-content\/uploads\/2023\/02\/img_1890.jpg 1242w\" sizes=\"(max-width: 1000px) 100vw, 1000px\" \/><figcaption class=\"wp-element-caption\">Vereador de cidade da Para\u00edba assume que \u00e9 &#8216;bab\u00e3o do prefeito&#8217;<br><br><strong>\u201cEu sou seu bab\u00e3o de carteirinha\u201d. Foi com essa frase que um vereador se declarou para o prefeito Jarson Santos da Silva durante sess\u00e3o solene de retorno aos trabalhos legislativo na C\u00e2mara Municipal de Nova Floresta.<br><\/strong><br><strong>N\u00e3o satisfeito, o parlamentar completou dizendo que n\u00e3o seria o \u00fanico [bab\u00e3o] e incluiu v\u00e1rios outros colegas na declara\u00e7\u00e3o. \u201cE digo mais: n\u00e3o sou s\u00f3 eu n\u00e3o. Muitos da nossa equipe, que a grande maioria t\u00e1 aqui, tamb\u00e9m \u00e9 o seu bab\u00e3o\u201d, disse.<\/strong><\/figcaption><\/figure>\n\n\n\n<figure class=\"wp-block-video\"><video height=\"720\" style=\"aspect-ratio: 1536 \/ 720;\" width=\"1536\" controls src=\"https:\/\/noticiasnoface.com.br\/wp-content\/uploads\/2023\/02\/video-output-5b83e9de-49e4-41ed-b8a7-57f9c39b622b.mp4\"><\/video><figcaption class=\"wp-element-caption\">&#8220;Sou seu bab\u00e3o de carteirinha&#8221; disse vereador a prefeito <\/figcaption><\/figure>\n","protected":false},"excerpt":{"rendered":"","protected":false},"author":1,"featured_media":0,"comment_status":"open","ping_status":"open","sticky":false,"template":"","format":"standard","meta":{"site-sidebar-layout":"default","site-content-layout":"","ast-site-content-layout":"default","site-content-style":"default","site-sidebar-style":"default","ast-global-header-display":"","ast-banner-title-visibility":"","ast-main-header-display":"","ast-hfb-above-header-display":"","ast-hfb-below-header-display":"","ast-hfb-mobile-header-display":"","site-post-title":"","ast-breadcrumbs-content":"","ast-featured-img":"","footer-sml-layout":"","ast-disable-related-posts":"","theme-transparent-header-meta":"","adv-header-id-meta":"","stick-header-meta":"","header-above-stick-meta":"","header-main-stick-meta":"","header-below-stick-meta":"","astra-migrate-meta-layouts":"default","ast-page-background-enabled":"default","ast-page-background-meta":{"desktop":{"background-color":"var(--ast-global-color-4)","background-image":"","background-repeat":"repeat","background-position":"center center","background-size":"auto","background-attachment":"scroll","background-type":"","background-media":"","overlay-type":"","overlay-color":"","overlay-opacity":"","overlay-gradient":""},"tablet":{"background-color":"","background-image":"","background-repeat":"repeat","background-position":"center center","background-size":"auto","background-attachment":"scroll","background-type":"","background-media":"","overlay-type":"","overlay-color":"","overlay-opacity":"","overlay-gradient":""},"mobile":{"background-color":"","background-image":"","background-repeat":"repeat","background-position":"center center","background-size":"auto","background-attachment":"scroll","background-type":"","background-media":"","overlay-type":"","overlay-color":"","overlay-opacity":"","overlay-gradient":""}},"ast-content-background-meta":{"desktop":{"background-color":"var(--ast-global-color-5)","background-image":"","background-repeat":"repeat","background-position":"center center","background-size":"auto","background-attachment":"scroll","background-type":"","background-media":"","overlay-type":"","overlay-color":"","overlay-opacity":"","overlay-gradient":""},"tablet":{"background-color":"var(--ast-global-color-5)","background-image":"","background-repeat":"repeat","background-position":"center center","background-size":"auto","background-attachment":"scroll","background-type":"","background-media":"","overlay-type":"","overlay-color":"","overlay-opacity":"","overlay-gradient":""},"mobile":{"background-color":"var(--ast-global-color-5)","background-image":"","background-repeat":"repeat","background-position":"center center","background-size":"auto","background-attachment":"scroll","background-type":"","background-media":"","overlay-type":"","overlay-color":"","overlay-opacity":"","overlay-gradient":""}},"footnotes":""},"categories":[517],"tags":[621,2601,2229,2236,199,937,887],"class_list":["post-14817","post","type-post","status-publish","format-standard","hentry","category-aconteceu","tag-babao","tag-babao-de-carteirinha","tag-noticas-do-face","tag-noticas-no-face","tag-noticiasnoface","tag-prefeito","tag-vereador"],"_links":{"self":[{"href":"https:\/\/noticiasnoface.com.br\/index.php\/wp-json\/wp\/v2\/posts\/14817","targetHints":{"allow":["GET"]}}],"collection":[{"href":"https:\/\/noticiasnoface.com.br\/index.php\/wp-json\/wp\/v2\/posts"}],"about":[{"href":"https:\/\/noticiasnoface.com.br\/index.php\/wp-json\/wp\/v2\/types\/post"}],"author":[{"embeddable":true,"href":"https:\/\/noticiasnoface.com.br\/index.php\/wp-json\/wp\/v2\/users\/1"}],"replies":[{"embeddable":true,"href":"https:\/\/noticiasnoface.com.br\/index.php\/wp-json\/wp\/v2\/comments?post=14817"}],"version-history":[{"count":1,"href":"https:\/\/noticiasnoface.com.br\/index.php\/wp-json\/wp\/v2\/posts\/14817\/revisions"}],"predecessor-version":[{"id":14818,"href":"https:\/\/noticiasnoface.com.br\/index.php\/wp-json\/wp\/v2\/posts\/14817\/revisions\/14818"}],"wp:attachment":[{"href":"https:\/\/noticiasnoface.com.br\/index.php\/wp-json\/wp\/v2\/media?parent=14817"}],"wp:term":[{"taxonomy":"category","embeddable":true,"href":"https:\/\/noticiasnoface.com.br\/index.php\/wp-json\/wp\/v2\/categories?post=14817"},{"taxonomy":"post_tag","embeddable":true,"href":"https:\/\/noticiasnoface.com.br\/index.php\/wp-json\/wp\/v2\/tags?post=14817"}],"curies":[{"name":"wp","href":"https:\/\/api.w.org\/{rel}","templated":true}]}}