{"id":14838,"date":"2023-02-16T17:00:53","date_gmt":"2023-02-16T20:00:53","guid":{"rendered":"https:\/\/noticiasnoface.com.br\/?p=14838"},"modified":"2023-02-16T20:56:34","modified_gmt":"2023-02-16T23:56:34","slug":"video-pai-estupra-bebe-de-27-dias-ate-a-morte-e-e-preso-no-enterro","status":"publish","type":"post","link":"https:\/\/noticiasnoface.com.br\/index.php\/2023\/02\/16\/video-pai-estupra-bebe-de-27-dias-ate-a-morte-e-e-preso-no-enterro\/","title":{"rendered":"(V\u00eddeo)-Pai estupra beb\u00ea de 27 dias at\u00e9 a morte e \u00e9 preso no enterro"},"content":{"rendered":"\n<figure class=\"wp-block-image size-large\"><img data-opt-id=332994797  fetchpriority=\"high\" decoding=\"async\" width=\"1024\" height=\"711\" src=\"https:\/\/mlbfrsat7ahr.i.optimole.com\/w:1024\/h:711\/q:mauto\/ig:avif\/https:\/\/noticiasnoface.com.br\/wp-content\/uploads\/2023\/02\/img_1961.jpg\" alt=\"\" class=\"wp-image-14845\" srcset=\"https:\/\/mlbfrsat7ahr.i.optimole.com\/w:1024\/h:711\/q:mauto\/ig:avif\/https:\/\/noticiasnoface.com.br\/wp-content\/uploads\/2023\/02\/img_1961.jpg 1024w, https:\/\/mlbfrsat7ahr.i.optimole.com\/w:300\/h:208\/q:mauto\/ig:avif\/https:\/\/noticiasnoface.com.br\/wp-content\/uploads\/2023\/02\/img_1961.jpg 300w, https:\/\/mlbfrsat7ahr.i.optimole.com\/w:768\/h:533\/q:mauto\/ig:avif\/https:\/\/noticiasnoface.com.br\/wp-content\/uploads\/2023\/02\/img_1961.jpg 768w, https:\/\/mlbfrsat7ahr.i.optimole.com\/w:1242\/h:862\/q:mauto\/ig:avif\/https:\/\/noticiasnoface.com.br\/wp-content\/uploads\/2023\/02\/img_1961.jpg 1242w\" sizes=\"(max-width: 1000px) 100vw, 1000px\" \/><figcaption class=\"wp-element-caption\">Homem \u00e9 preso por estuprar filha rec\u00e9m-nascida at\u00e9 a morte na Regi\u00e3o dos Lagos<br \/><br \/><img data-opt-id=1553313383  fetchpriority=\"high\" decoding=\"async\" src=\"https:\/\/m.extra.globo.com\/incoming\/25659490-9b7-79b\/w640h360-PROP\/118dp.jpg\" class=\"extendsBeyondTextColumn\" \/><br \/>V\u00edtima tinha apenas 27 dias de vida; suspeito foi preso no enterro da filha Foto: Reprodu\u00e7\u00e3o<br \/>Policiais da 118\u00aa DP (Araruama) prenderam, neste fim de semana, um homem suspeito de estuprar e matar a pr\u00f3pria filha, de apenas 27 dias de vida, no munic\u00edpio da Regi\u00e3o dos Lagos. Ele foi preso durante o sepultamento da crian\u00e7a. Segundo a Pol\u00edcia Civil, o suspeito teria violentado a filha na madrugada da \u00faltima sexta-feira.<br \/>De acordo com as investiga\u00e7\u00f5es \u2014 que tiveram in\u00edcio ap\u00f3s o Instituto M\u00e9dico Legal constatar que a crian\u00e7a fora v\u00edtima de viol\u00eancia sexual \u2014, a menina teria dormido com o pai naquele dia. Na ocasi\u00e3o, apenas ele e a companheira estavam em casa.<br \/>Em depoimento \u00e0 pol\u00edcia, o suspeito narrou que, enquanto dormia, sua filha teria se sentido mal. Ele teria ido, ent\u00e3o, acalm\u00e1-la. Segundo ele, no entanto, na manh\u00e3 de sexta-feira ela j\u00e1 foi encontrada morta. De acordo com o delegado Jos\u00e9 Mascarenhas Perez, titular da unidade, a morte se deu devido a uma penetra\u00e7\u00e3o nas partes \u00edntimas da crian\u00e7a.<br \/>\u2014 O IML nos passou a ocorr\u00eancia de viol\u00eancia sexual contra a crian\u00e7a. A partir da\u00ed, tivemos intensa investiga\u00e7\u00e3o buscando autoria e mais materialidade. Com isso, conseguimos obter informa\u00e7\u00f5es da participa\u00e7\u00e3o do pai da crian\u00e7a \u2014 explica.<br \/>O pai da v\u00edtima e autor do crime foi encaminhado ao sistema penal, onde permanecer\u00e1 sob cust\u00f3dia e \u00e0 disposi\u00e7\u00e3o da Justi\u00e7a.<\/figcaption><\/figure>\n\n\n\n<figure class=\"wp-block-video\"><video height=\"360\" style=\"aspect-ratio: 640 \/ 360;\" width=\"640\" controls src=\"https:\/\/noticiasnoface.com.br\/wp-content\/uploads\/2023\/02\/2023-02-16_165352_video-1.mp4\"><\/video><figcaption class=\"wp-element-caption\">Pai estupra beb\u00ea de 27 dias at\u00e9 a morte &#8211; PARTE 1<\/figcaption><\/figure>\n\n\n\n<figure class=\"wp-block-video\"><video height=\"360\" style=\"aspect-ratio: 640 \/ 360;\" width=\"640\" controls src=\"https:\/\/noticiasnoface.com.br\/wp-content\/uploads\/2023\/02\/2023-02-16_165529_video-1.mp4\"><\/video><figcaption class=\"wp-element-caption\">Pai estupra beb\u00ea de 27 dias at\u00e9 a morte &#8211; PARTE 2<\/figcaption><\/figure>\n","protected":false},"excerpt":{"rendered":"","protected":false},"author":1,"featured_media":0,"comment_status":"open","ping_status":"open","sticky":false,"template":"","format":"standard","meta":{"site-sidebar-layout":"default","site-content-layout":"","ast-site-content-layout":"default","site-content-style":"default","site-sidebar-style":"default","ast-global-header-display":"","ast-banner-title-visibility":"","ast-main-header-display":"","ast-hfb-above-header-display":"","ast-hfb-below-header-display":"","ast-hfb-mobile-header-display":"","site-post-title":"","ast-breadcrumbs-content":"","ast-featured-img":"","footer-sml-layout":"","ast-disable-related-posts":"","theme-transparent-header-meta":"","adv-header-id-meta":"","stick-header-meta":"","header-above-stick-meta":"","header-main-stick-meta":"","header-below-stick-meta":"","astra-migrate-meta-layouts":"default","ast-page-background-enabled":"default","ast-page-background-meta":{"desktop":{"background-color":"var(--ast-global-color-4)","background-image":"","background-repeat":"repeat","background-position":"center center","background-size":"auto","background-attachment":"scroll","background-type":"","background-media":"","overlay-type":"","overlay-color":"","overlay-opacity":"","overlay-gradient":""},"tablet":{"background-color":"","background-image":"","background-repeat":"repeat","background-position":"center center","background-size":"auto","background-attachment":"scroll","background-type":"","background-media":"","overlay-type":"","overlay-color":"","overlay-opacity":"","overlay-gradient":""},"mobile":{"background-color":"","background-image":"","background-repeat":"repeat","background-position":"center center","background-size":"auto","background-attachment":"scroll","background-type":"","background-media":"","overlay-type":"","overlay-color":"","overlay-opacity":"","overlay-gradient":""}},"ast-content-background-meta":{"desktop":{"background-color":"var(--ast-global-color-5)","background-image":"","background-repeat":"repeat","background-position":"center center","background-size":"auto","background-attachment":"scroll","background-type":"","background-media":"","overlay-type":"","overlay-color":"","overlay-opacity":"","overlay-gradient":""},"tablet":{"background-color":"var(--ast-global-color-5)","background-image":"","background-repeat":"repeat","background-position":"center center","background-size":"auto","background-attachment":"scroll","background-type":"","background-media":"","overlay-type":"","overlay-color":"","overlay-opacity":"","overlay-gradient":""},"mobile":{"background-color":"var(--ast-global-color-5)","background-image":"","background-repeat":"repeat","background-position":"center center","background-size":"auto","background-attachment":"scroll","background-type":"","background-media":"","overlay-type":"","overlay-color":"","overlay-opacity":"","overlay-gradient":""}},"footnotes":""},"categories":[517],"tags":[643,2609,2236,50,199,2608,525],"class_list":["post-14838","post","type-post","status-publish","format-standard","hentry","category-aconteceu","tag-bebe","tag-enterro","tag-noticas-no-face","tag-noticias-do-face","tag-noticiasnoface","tag-pai-estupra-filho","tag-preso"],"_links":{"self":[{"href":"https:\/\/noticiasnoface.com.br\/index.php\/wp-json\/wp\/v2\/posts\/14838","targetHints":{"allow":["GET"]}}],"collection":[{"href":"https:\/\/noticiasnoface.com.br\/index.php\/wp-json\/wp\/v2\/posts"}],"about":[{"href":"https:\/\/noticiasnoface.com.br\/index.php\/wp-json\/wp\/v2\/types\/post"}],"author":[{"embeddable":true,"href":"https:\/\/noticiasnoface.com.br\/index.php\/wp-json\/wp\/v2\/users\/1"}],"replies":[{"embeddable":true,"href":"https:\/\/noticiasnoface.com.br\/index.php\/wp-json\/wp\/v2\/comments?post=14838"}],"version-history":[{"count":5,"href":"https:\/\/noticiasnoface.com.br\/index.php\/wp-json\/wp\/v2\/posts\/14838\/revisions"}],"predecessor-version":[{"id":14847,"href":"https:\/\/noticiasnoface.com.br\/index.php\/wp-json\/wp\/v2\/posts\/14838\/revisions\/14847"}],"wp:attachment":[{"href":"https:\/\/noticiasnoface.com.br\/index.php\/wp-json\/wp\/v2\/media?parent=14838"}],"wp:term":[{"taxonomy":"category","embeddable":true,"href":"https:\/\/noticiasnoface.com.br\/index.php\/wp-json\/wp\/v2\/categories?post=14838"},{"taxonomy":"post_tag","embeddable":true,"href":"https:\/\/noticiasnoface.com.br\/index.php\/wp-json\/wp\/v2\/tags?post=14838"}],"curies":[{"name":"wp","href":"https:\/\/api.w.org\/{rel}","templated":true}]}}