{"id":14860,"date":"2023-02-18T02:55:27","date_gmt":"2023-02-18T05:55:27","guid":{"rendered":"https:\/\/noticiasnoface.com.br\/?p=14860"},"modified":"2023-02-18T02:55:28","modified_gmt":"2023-02-18T05:55:28","slug":"atencao-correios-abre-concurso-em-2023-veja-vagas-e-salarios","status":"publish","type":"post","link":"https:\/\/noticiasnoface.com.br\/index.php\/2023\/02\/18\/atencao-correios-abre-concurso-em-2023-veja-vagas-e-salarios\/","title":{"rendered":"ATEN\u00c7\u00c3O- Correios abre concurso em 2023, veja vagas e sal\u00e1rios"},"content":{"rendered":"\n<figure class=\"wp-block-image size-large\"><img data-opt-id=559492624  fetchpriority=\"high\" decoding=\"async\" width=\"1024\" height=\"679\" src=\"https:\/\/mlbfrsat7ahr.i.optimole.com\/w:1024\/h:679\/q:mauto\/ig:avif\/https:\/\/noticiasnoface.com.br\/wp-content\/uploads\/2023\/02\/img_2029.jpg\" class=\"wp-image-14859\" srcset=\"https:\/\/mlbfrsat7ahr.i.optimole.com\/w:1024\/h:679\/q:mauto\/ig:avif\/https:\/\/noticiasnoface.com.br\/wp-content\/uploads\/2023\/02\/img_2029.jpg 1024w, https:\/\/mlbfrsat7ahr.i.optimole.com\/w:300\/h:199\/q:mauto\/ig:avif\/https:\/\/noticiasnoface.com.br\/wp-content\/uploads\/2023\/02\/img_2029.jpg 300w, https:\/\/mlbfrsat7ahr.i.optimole.com\/w:768\/h:510\/q:mauto\/ig:avif\/https:\/\/noticiasnoface.com.br\/wp-content\/uploads\/2023\/02\/img_2029.jpg 768w, https:\/\/mlbfrsat7ahr.i.optimole.com\/w:1242\/h:824\/q:mauto\/ig:avif\/https:\/\/noticiasnoface.com.br\/wp-content\/uploads\/2023\/02\/img_2029.jpg 1242w\" sizes=\"(max-width: 1000px) 100vw, 1000px\" \/><figcaption class=\"wp-element-caption\">Oportunidade! Correios abre concurso 2023, Veja edital de inscri\u00e7\u00e3o, vagas e sal\u00e1rios.<br><strong>Concurso dos Correios 2023<br><\/strong><br>O \u00faltimo concurso que a Funda\u00e7\u00e3o realizou foi em 2011, com cerca de um milh\u00e3o de inscri\u00e7\u00f5es, e desde ent\u00e3o n\u00e3o se falou mais de concorr\u00eancia dentro da empresa. Grande parte da falta de nova concorr\u00eancia deve-se a crises e iniciativas de privatiza\u00e7\u00e3o dos correios.<br><br><br>Entre 2011 e 2016, a empresa registou um aumento significativo da despesa corrente, uma diminui\u00e7\u00e3o da atividade econ\u00f3mica, um d\u00e9fice tarif\u00e1rio e muitos outros fatores que contribu\u00edram para a ru\u00edna do empreendimento durante este per\u00edodo. A avalia\u00e7\u00e3o do Comandante-em-Chefe Supremo da Uni\u00e3o neste momento mostrou uma s\u00e9rie de riscos para a continuidade dos correios e mais perdas.<br><br><br>O comandante-em-chefe do sindicato continua a informar que, se nenhuma a\u00e7\u00e3o for tomada para evitar que a empresa seja arruinada, os correios se tornar\u00e3o cada vez mais dependentes dos recursos do sindicato, o que o tornar\u00e1 uma subsidi\u00e1ria.<br><br><br>Por tudo isso, a empresa passou por um processo de privatiza\u00e7\u00e3o, votado e aprovado pela C\u00e2mara dos Deputados. No entanto, o processo de privatiza\u00e7\u00e3o permanece estagnado e o novo governo garante que n\u00e3o prosseguir\u00e1 com a privatiza\u00e7\u00e3o de empresas estatais.<br><br><br>Em 2 de janeiro de 2023, o ent\u00e3o presidente Luiz In\u00e1cio Lula da Silva, por meio do Di\u00e1rio Oficial da Uni\u00e3o, emitiu uma ordem sobre o impacto do projeto de privatiza\u00e7\u00e3o dos Correios e de outras empresas estatais.<br><br><br>Com o cancelamento da privatiza\u00e7\u00e3o, 2023 pode ser muito favor\u00e1vel para os Concruceiros. Al\u00e9m da potencial concorr\u00eancia dos Correios 2023, outras estatais podem realizar mais processos seletivos e oferecer suas vagas.<br><br><br><strong>Edital Correios 2023.<\/strong><br><strong><br><\/strong><br>Com a recente crise e o in\u00edcio do processo de privatiza\u00e7\u00e3o dos correios, a privatiza\u00e7\u00e3o dos correios e o cont\u00ednuo crescimento econ\u00f3mico dos \u00faltimos tr\u00eas anos tornaram o novo concurso f\u00fatil. O pa\u00eds provavelmente ter\u00e1 um novo concurso para os Correios 2023 e oferecer\u00e1 algumas vagas.<br><br><br>Com o fim do trabalho de privatiza\u00e7\u00e3o, uma nova concorr\u00eancia ser\u00e1 considerada. De acordo com o \u00faltimo fato descrito acima, n\u00e3o h\u00e1 obje\u00e7\u00f5es ao parecer e, portanto, o decreto n\u00e3o est\u00e1 dispon\u00edvel. Tenha certeza de que no momento em que a licita\u00e7\u00e3o para o novo estado for anunciada e o decreto for emitido, atualizaremos a ordem e cobriremos todas as informa\u00e7\u00f5es que a notifica\u00e7\u00e3o cont\u00e9m sobre o novo processo seletivo.<br><br><br>Para quem \u00e9 novo no estilo de vida &#8220;concurseiro&#8221;, o decreto \u00e9 apenas a organiza\u00e7\u00e3o de todo o concurso no documento em quest\u00e3o. Ele cont\u00e9m todas as informa\u00e7\u00f5es sobre as vagas fornecidas, o procedimento para a testagem, os meios de elimina\u00e7\u00e3o e aprova\u00e7\u00e3o dos candidatos, bem como informa\u00e7\u00f5es sobre datas e b\u00f4nus.<\/figcaption><\/figure>\n","protected":false},"excerpt":{"rendered":"","protected":false},"author":1,"featured_media":0,"comment_status":"open","ping_status":"open","sticky":false,"template":"","format":"standard","meta":{"site-sidebar-layout":"default","site-content-layout":"","ast-site-content-layout":"default","site-content-style":"default","site-sidebar-style":"default","ast-global-header-display":"","ast-banner-title-visibility":"","ast-main-header-display":"","ast-hfb-above-header-display":"","ast-hfb-below-header-display":"","ast-hfb-mobile-header-display":"","site-post-title":"","ast-breadcrumbs-content":"","ast-featured-img":"","footer-sml-layout":"","ast-disable-related-posts":"","theme-transparent-header-meta":"","adv-header-id-meta":"","stick-header-meta":"","header-above-stick-meta":"","header-main-stick-meta":"","header-below-stick-meta":"","astra-migrate-meta-layouts":"default","ast-page-background-enabled":"default","ast-page-background-meta":{"desktop":{"background-color":"var(--ast-global-color-4)","background-image":"","background-repeat":"repeat","background-position":"center center","background-size":"auto","background-attachment":"scroll","background-type":"","background-media":"","overlay-type":"","overlay-color":"","overlay-opacity":"","overlay-gradient":""},"tablet":{"background-color":"","background-image":"","background-repeat":"repeat","background-position":"center center","background-size":"auto","background-attachment":"scroll","background-type":"","background-media":"","overlay-type":"","overlay-color":"","overlay-opacity":"","overlay-gradient":""},"mobile":{"background-color":"","background-image":"","background-repeat":"repeat","background-position":"center center","background-size":"auto","background-attachment":"scroll","background-type":"","background-media":"","overlay-type":"","overlay-color":"","overlay-opacity":"","overlay-gradient":""}},"ast-content-background-meta":{"desktop":{"background-color":"var(--ast-global-color-5)","background-image":"","background-repeat":"repeat","background-position":"center center","background-size":"auto","background-attachment":"scroll","background-type":"","background-media":"","overlay-type":"","overlay-color":"","overlay-opacity":"","overlay-gradient":""},"tablet":{"background-color":"var(--ast-global-color-5)","background-image":"","background-repeat":"repeat","background-position":"center center","background-size":"auto","background-attachment":"scroll","background-type":"","background-media":"","overlay-type":"","overlay-color":"","overlay-opacity":"","overlay-gradient":""},"mobile":{"background-color":"var(--ast-global-color-5)","background-image":"","background-repeat":"repeat","background-position":"center center","background-size":"auto","background-attachment":"scroll","background-type":"","background-media":"","overlay-type":"","overlay-color":"","overlay-opacity":"","overlay-gradient":""}},"footnotes":""},"categories":[517],"tags":[2615,2616,2617,2236,50,199,2235],"class_list":["post-14860","post","type-post","status-publish","format-standard","hentry","category-aconteceu","tag-concurso","tag-concurso-correios","tag-edital","tag-noticas-no-face","tag-noticias-do-face","tag-noticiasnoface","tag-salarios"],"_links":{"self":[{"href":"https:\/\/noticiasnoface.com.br\/index.php\/wp-json\/wp\/v2\/posts\/14860","targetHints":{"allow":["GET"]}}],"collection":[{"href":"https:\/\/noticiasnoface.com.br\/index.php\/wp-json\/wp\/v2\/posts"}],"about":[{"href":"https:\/\/noticiasnoface.com.br\/index.php\/wp-json\/wp\/v2\/types\/post"}],"author":[{"embeddable":true,"href":"https:\/\/noticiasnoface.com.br\/index.php\/wp-json\/wp\/v2\/users\/1"}],"replies":[{"embeddable":true,"href":"https:\/\/noticiasnoface.com.br\/index.php\/wp-json\/wp\/v2\/comments?post=14860"}],"version-history":[{"count":1,"href":"https:\/\/noticiasnoface.com.br\/index.php\/wp-json\/wp\/v2\/posts\/14860\/revisions"}],"predecessor-version":[{"id":14861,"href":"https:\/\/noticiasnoface.com.br\/index.php\/wp-json\/wp\/v2\/posts\/14860\/revisions\/14861"}],"wp:attachment":[{"href":"https:\/\/noticiasnoface.com.br\/index.php\/wp-json\/wp\/v2\/media?parent=14860"}],"wp:term":[{"taxonomy":"category","embeddable":true,"href":"https:\/\/noticiasnoface.com.br\/index.php\/wp-json\/wp\/v2\/categories?post=14860"},{"taxonomy":"post_tag","embeddable":true,"href":"https:\/\/noticiasnoface.com.br\/index.php\/wp-json\/wp\/v2\/tags?post=14860"}],"curies":[{"name":"wp","href":"https:\/\/api.w.org\/{rel}","templated":true}]}}