{"id":14897,"date":"2023-02-22T12:26:04","date_gmt":"2023-02-22T15:26:04","guid":{"rendered":"https:\/\/noticiasnoface.com.br\/?p=14897"},"modified":"2023-02-23T11:29:53","modified_gmt":"2023-02-23T14:29:53","slug":"vergonha-prefeita-de-extremoz-tenta-aumentar-iptu-escondido-da-populacao","status":"publish","type":"post","link":"https:\/\/noticiasnoface.com.br\/index.php\/2023\/02\/22\/vergonha-prefeita-de-extremoz-tenta-aumentar-iptu-escondido-da-populacao\/","title":{"rendered":"VERGONHA: Prefeita de Extremoz tenta aumentar IPTU escondido da popula\u00e7\u00e3o"},"content":{"rendered":"\n<figure class=\"wp-block-image size-large\"><img data-opt-id=2056014419  fetchpriority=\"high\" decoding=\"async\" width=\"1024\" height=\"796\" src=\"https:\/\/mlbfrsat7ahr.i.optimole.com\/w:1024\/h:796\/q:mauto\/ig:avif\/https:\/\/noticiasnoface.com.br\/wp-content\/uploads\/2023\/02\/img_2160.jpg\" alt=\"\" class=\"wp-image-14896\" srcset=\"https:\/\/mlbfrsat7ahr.i.optimole.com\/w:1024\/h:796\/q:mauto\/ig:avif\/https:\/\/noticiasnoface.com.br\/wp-content\/uploads\/2023\/02\/img_2160.jpg 1024w, https:\/\/mlbfrsat7ahr.i.optimole.com\/w:300\/h:233\/q:mauto\/ig:avif\/https:\/\/noticiasnoface.com.br\/wp-content\/uploads\/2023\/02\/img_2160.jpg 300w, https:\/\/mlbfrsat7ahr.i.optimole.com\/w:768\/h:597\/q:mauto\/ig:avif\/https:\/\/noticiasnoface.com.br\/wp-content\/uploads\/2023\/02\/img_2160.jpg 768w, https:\/\/mlbfrsat7ahr.i.optimole.com\/w:1242\/h:965\/q:mauto\/ig:avif\/https:\/\/noticiasnoface.com.br\/wp-content\/uploads\/2023\/02\/img_2160.jpg 1242w\" sizes=\"(max-width: 1000px) 100vw, 1000px\" \/><figcaption class=\"wp-element-caption\"><em>Prefeita Jussara Sales aporiveita o carnaval e apresenta Projeto de Lei em regime de urg\u00eancia para aumentar IPTU de quatro bairros de Extremoz<\/em><br \/><br \/>Quando parecia que a popula\u00e7\u00e3o teria impostos mais baixos, o Executivo Municipal se articula para reverter benef\u00edcios importantes conquistados em bairros que comp\u00f5em a \u00c1rea de Prote\u00e7\u00e3o Ambiental de Genipabu &#8211; APAJ.<br \/>A prefeita de Extremoz Jussara Sales apresentou na C\u00e2mara Municipal um Projeto de Lei, em regime de urg\u00eancia, para revogar artigos da Lei que baixou o IPTU dos bairros Redinha Nova, Santa Rita, Genipabu e distrito de Campinas.<br \/>O Projeto de Lei no 064\/2023 ser\u00e1 votado em dois turnos, nesta quinta-feira (23) e na pr\u00f3xima ter\u00e7a-feira (28). O PL apresentado pela prefeita modifica artigos do novo C\u00f3digo Tribut\u00e1rio do Munic\u00edpio, da Lei 1.121\/2022.<br \/>A proposta do Poder Executivo de Extremoz visa arrecadar anualmente dos bairros dentro da APAJ, aproximadamente R$ 3.256.000 (tr\u00eas milhoes duzentos e cinquenta e seis mil reais) a mais das \u00e1reas inseridas na tabela 01. Em novembro do ano passado, uma emenda modificativa para aplica\u00e7\u00e3o de imposto percentual m\u00ednimo para im\u00f3veis que est\u00e3o inseridos dentro da APAJ havia sido aprovada por unanimidade pela C\u00e2mara e posteriormente sancionada pela pr\u00f3pria Prefeitura.<br \/>Mesmo sem oferecer saneamento, cal\u00e7amento ou qualquer tipo de conserva\u00e7\u00e3o, o Poder Executivo tenta reverter uma importante Lei, prejudicando moradores ao tentar aumentar o valor cobrado no IPTU.<\/figcaption><\/figure>\n\n\n\n<h2 class=\"wp-block-heading\">Prefeitura enviou para o blog uma nota de esclarecimento<\/h2>\n\n\n\n<p>NOTA DE ESCLARECIMENTO<\/p>\n\n\n\n<p>A Prefeitura Municipal de Extremoz, vem a p\u00fablico esclarecer que em hip\u00f3tese alguma aumentar\u00e1 impostos de qualquer localidade do limite de Extremoz.<\/p>\n\n\n\n<p>Com a aprova\u00e7\u00e3o de algumas altera\u00e7\u00f5es do C\u00f3digo Tribut\u00e1rio Municipal, foi colocado uma emenda que levaria a faixa 1, da planta gen\u00e9rica de valores todos os im\u00f3veis da APA de Genipabu, em que compreende as localidades de Redinha Nova, Santa Rita e Genipabu.<br \/>Feito essa mudan\u00e7a, chegaria ao valor venal baix\u00edssimo, e aplicado al\u00edquota n\u00e3o geraria valor m\u00ednimo de cobran\u00e7a do imposto, ou seja, isentaria do pagamento de IPTU toda essa popula\u00e7\u00e3o, o que levando em conta o princ\u00edpio da impessoalidade n\u00e3o poderia deixar de cobrar o litoral e as demais localidades cobrar normalmente.<\/p>\n\n\n\n<p><em>Ressalta-se que essa emenda n\u00e3o teve an\u00e1lise t\u00e9cnica, sendo colocada para aprova\u00e7\u00e3o sem os estudos necess\u00e1rios.<\/em><\/p>\n\n\n\n<p>Ao perceber o erro, imediatamente foi reportado para a Procuradoria do Munic\u00edpio, afim de evitar problemas jur\u00eddicos para a Gest\u00e3o Municipal, tanto executivo como legislativo, pois podem responder por Ren\u00fancia Fiscal, al\u00e9m do crime de Improbidade Administrativa.<\/p>\n\n\n\n<p>Portanto, esclarecemos que n\u00e3o ter\u00e1 aumento de imposto, apenas ser\u00e1 cobrado o que sempre foi no litoral ou em qualquer outro lugar do munic\u00edpio de Extremoz\/RN.<\/p>\n\n\n\n<p>Agradecemos a compreens\u00e3o.<\/p>\n","protected":false},"excerpt":{"rendered":"<p>Prefeitura enviou para o blog uma nota de esclarecimento NOTA DE ESCLARECIMENTO A Prefeitura Municipal de Extremoz, vem a p\u00fablico [&hellip;]<\/p>\n","protected":false},"author":1,"featured_media":0,"comment_status":"open","ping_status":"open","sticky":false,"template":"","format":"standard","meta":{"site-sidebar-layout":"default","site-content-layout":"","ast-site-content-layout":"default","site-content-style":"default","site-sidebar-style":"default","ast-global-header-display":"","ast-banner-title-visibility":"","ast-main-header-display":"","ast-hfb-above-header-display":"","ast-hfb-below-header-display":"","ast-hfb-mobile-header-display":"","site-post-title":"","ast-breadcrumbs-content":"","ast-featured-img":"","footer-sml-layout":"","ast-disable-related-posts":"","theme-transparent-header-meta":"","adv-header-id-meta":"","stick-header-meta":"","header-above-stick-meta":"","header-main-stick-meta":"","header-below-stick-meta":"","astra-migrate-meta-layouts":"default","ast-page-background-enabled":"default","ast-page-background-meta":{"desktop":{"background-color":"var(--ast-global-color-4)","background-image":"","background-repeat":"repeat","background-position":"center center","background-size":"auto","background-attachment":"scroll","background-type":"","background-media":"","overlay-type":"","overlay-color":"","overlay-opacity":"","overlay-gradient":""},"tablet":{"background-color":"","background-image":"","background-repeat":"repeat","background-position":"center center","background-size":"auto","background-attachment":"scroll","background-type":"","background-media":"","overlay-type":"","overlay-color":"","overlay-opacity":"","overlay-gradient":""},"mobile":{"background-color":"","background-image":"","background-repeat":"repeat","background-position":"center center","background-size":"auto","background-attachment":"scroll","background-type":"","background-media":"","overlay-type":"","overlay-color":"","overlay-opacity":"","overlay-gradient":""}},"ast-content-background-meta":{"desktop":{"background-color":"var(--ast-global-color-5)","background-image":"","background-repeat":"repeat","background-position":"center center","background-size":"auto","background-attachment":"scroll","background-type":"","background-media":"","overlay-type":"","overlay-color":"","overlay-opacity":"","overlay-gradient":""},"tablet":{"background-color":"var(--ast-global-color-5)","background-image":"","background-repeat":"repeat","background-position":"center center","background-size":"auto","background-attachment":"scroll","background-type":"","background-media":"","overlay-type":"","overlay-color":"","overlay-opacity":"","overlay-gradient":""},"mobile":{"background-color":"var(--ast-global-color-5)","background-image":"","background-repeat":"repeat","background-position":"center center","background-size":"auto","background-attachment":"scroll","background-type":"","background-media":"","overlay-type":"","overlay-color":"","overlay-opacity":"","overlay-gradient":""}},"footnotes":""},"categories":[517],"tags":[2627,2229,2236,199,2626,2463,402],"class_list":["post-14897","post","type-post","status-publish","format-standard","hentry","category-aconteceu","tag-iptu","tag-noticas-do-face","tag-noticas-no-face","tag-noticiasnoface","tag-prefeita-extremoz","tag-prefeita-jussara","tag-vergonha"],"_links":{"self":[{"href":"https:\/\/noticiasnoface.com.br\/index.php\/wp-json\/wp\/v2\/posts\/14897","targetHints":{"allow":["GET"]}}],"collection":[{"href":"https:\/\/noticiasnoface.com.br\/index.php\/wp-json\/wp\/v2\/posts"}],"about":[{"href":"https:\/\/noticiasnoface.com.br\/index.php\/wp-json\/wp\/v2\/types\/post"}],"author":[{"embeddable":true,"href":"https:\/\/noticiasnoface.com.br\/index.php\/wp-json\/wp\/v2\/users\/1"}],"replies":[{"embeddable":true,"href":"https:\/\/noticiasnoface.com.br\/index.php\/wp-json\/wp\/v2\/comments?post=14897"}],"version-history":[{"count":2,"href":"https:\/\/noticiasnoface.com.br\/index.php\/wp-json\/wp\/v2\/posts\/14897\/revisions"}],"predecessor-version":[{"id":14907,"href":"https:\/\/noticiasnoface.com.br\/index.php\/wp-json\/wp\/v2\/posts\/14897\/revisions\/14907"}],"wp:attachment":[{"href":"https:\/\/noticiasnoface.com.br\/index.php\/wp-json\/wp\/v2\/media?parent=14897"}],"wp:term":[{"taxonomy":"category","embeddable":true,"href":"https:\/\/noticiasnoface.com.br\/index.php\/wp-json\/wp\/v2\/categories?post=14897"},{"taxonomy":"post_tag","embeddable":true,"href":"https:\/\/noticiasnoface.com.br\/index.php\/wp-json\/wp\/v2\/tags?post=14897"}],"curies":[{"name":"wp","href":"https:\/\/api.w.org\/{rel}","templated":true}]}}