{"id":14902,"date":"2023-02-23T08:55:44","date_gmt":"2023-02-23T11:55:44","guid":{"rendered":"https:\/\/noticiasnoface.com.br\/?p=14902"},"modified":"2023-02-23T08:55:44","modified_gmt":"2023-02-23T11:55:44","slug":"urgente-saude-e-educacao-em-greve","status":"publish","type":"post","link":"https:\/\/noticiasnoface.com.br\/index.php\/2023\/02\/23\/urgente-saude-e-educacao-em-greve\/","title":{"rendered":"URGENTE: Sa\u00fade e educa\u00e7\u00e3o em GREVE"},"content":{"rendered":"\n<figure class=\"wp-block-image size-large\"><img data-opt-id=1407467859  fetchpriority=\"high\" decoding=\"async\" width=\"1638\" height=\"2050\" src=\"https:\/\/mlbfrsat7ahr.i.optimole.com\/w:auto\/h:auto\/q:mauto\/ig:avif\/https:\/\/noticiasnoface.com.br\/wp-content\/uploads\/2023\/02\/photo-output-3.jpg\" alt=\"\" class=\"wp-image-14668\" srcset=\"https:\/\/mlbfrsat7ahr.i.optimole.com\/w:862\/h:1080\/q:mauto\/ig:avif\/https:\/\/noticiasnoface.com.br\/wp-content\/uploads\/2023\/02\/photo-output-3.jpg 1638w, https:\/\/mlbfrsat7ahr.i.optimole.com\/w:240\/h:300\/q:mauto\/ig:avif\/https:\/\/noticiasnoface.com.br\/wp-content\/uploads\/2023\/02\/photo-output-3.jpg 240w, https:\/\/mlbfrsat7ahr.i.optimole.com\/w:818\/h:1024\/q:mauto\/ig:avif\/https:\/\/noticiasnoface.com.br\/wp-content\/uploads\/2023\/02\/photo-output-3.jpg 818w, https:\/\/mlbfrsat7ahr.i.optimole.com\/w:768\/h:961\/q:mauto\/ig:avif\/https:\/\/noticiasnoface.com.br\/wp-content\/uploads\/2023\/02\/photo-output-3.jpg 768w, https:\/\/mlbfrsat7ahr.i.optimole.com\/w:862\/h:1080\/q:mauto\/ig:avif\/https:\/\/noticiasnoface.com.br\/wp-content\/uploads\/2023\/02\/photo-output-3.jpg 1227w, https:\/\/mlbfrsat7ahr.i.optimole.com\/w:862\/h:1080\/q:mauto\/ig:avif\/https:\/\/noticiasnoface.com.br\/wp-content\/uploads\/2023\/02\/photo-output-3.jpg 1636w\" sizes=\"(max-width: 1000px) 100vw, 1000px\" \/><figcaption class=\"wp-element-caption\"><br><br>Se no Brasil o ano s\u00f3 come\u00e7a efetivamente ap\u00f3s o Carnaval, o momento agora \u00e9 de deixar de lado a empolga\u00e7\u00e3o da folia e correr em busca do que se pretende para 2023. \u00c9 isso que est\u00e3o fazendo os sindicatos dos trabalhadores em educa\u00e7\u00e3o (Sinte-RN) e em sa\u00fade (Sindsa\u00fade-RN), que j\u00e1 elencaram suas prioridades para iniciarem as discuss\u00f5es com o Governo do Estado e Prefeitura do Natal e j\u00e1 falam at\u00e9 em greve caso n\u00e3o sejam minimamente atendidos pela administra\u00e7\u00e3o p\u00fablica.<br><br>Em entrevista ao AGORA RN nesta Quarta-Feira de Cinzas 22, os coordenadores dos sindicatos informaram o que pretendem priorizar junto ao Executivo durante esse ano.<br>No caso dos trabalhadores da educa\u00e7\u00e3o, a pauta que ganhar\u00e1 destaque se refere \u00e0 implementa\u00e7\u00e3o dos 14,9% do piso salarial, definido pelo Minist\u00e9rio da Educa\u00e7\u00e3o (MEC) para 2023.<br>\u201cEm rela\u00e7\u00e3o ao piso, foi apresentada uma proposta pelo Governo do Estado, que foi rejeitada em assembleia no dia 16 de fevereiro. Dia 27 n\u00f3s teremos uma nova assembleia para avaliar se tem alguma novidade \u2013 at\u00e9 aqui n\u00e3o tem \u2013 e n\u00f3s iremos fazer a avalia\u00e7\u00e3o do indicativo de greve no dia 27\u201d, explica o coordenador-geral do Sinte-RN, Bruno Vital.<br><br>Ainda segundo o coordenador, a nova proposta apresentada pelo governo foi considerada \u201cmuito ruim\u201d e rejeitada pela categoria. A Secretaria de Educa\u00e7\u00e3o prop\u00f4s pagar 5,79% do piso em mar\u00e7o, integralizar os 14,95% em dezembro e quitar o retroativo a partir de maio de 2024.<br>Al\u00e9m da implementa\u00e7\u00e3o do piso, outras pautas que marcar\u00e3o os debates do Sinte com o governo estadual ser\u00e3o os planos dos funcion\u00e1rios das escolas, a lei das escolas em tempo integral, a lei do porte das escolas, al\u00e9m das reformas das estruturas escolares e da atualiza\u00e7\u00e3o do plano de carreira. J\u00e1 houve tr\u00eas audi\u00eancias com o governo esse ano, sendo a \u00faltima antes do Carnaval. A categoria aguarda agora uma nova reuni\u00e3o com a administra\u00e7\u00e3o estadual.<br>EDUCA\u00c7\u00c3O MUNICIPAL<br><br>No que concerne ao munic\u00edpio de Natal, as discuss\u00f5es sequer tiveram in\u00edcio em 2023. De acordo com o coordenador do Sinte-RN, a Secretaria de Educa\u00e7\u00e3o prometeu marcar uma audi\u00eancia at\u00e9 o in\u00edcio de mar\u00e7o para iniciar as negocia\u00e7\u00f5es.<br>Os trabalhadores exigem da Prefeitura de Natal o pagamento do reajuste do piso do magist\u00e9rio referente aos anos de 2020 (a metade remanescente), 2022 e 2023, al\u00e9m de reformas das escolas da rede, atualiza\u00e7\u00e3o do plano de carreira, pagamento da reposi\u00e7\u00e3o de greve, entre outros pleitos.<br>A \u00faltima audi\u00eancia com representantes do governo municipal foi h\u00e1 quase um ano, em mar\u00e7o do ano passado. A falta de di\u00e1logo desagrada a categoria, que aguarda uma audi\u00eancia com a prefeitura para definir os rumos das negocia\u00e7\u00f5es.<br><br>\u201cA pauta do munic\u00edpio est\u00e1 mais indefinida, as respostas est\u00e3o mais indefinidas, porque a gente n\u00e3o tem tido negocia\u00e7\u00e3o e o ponto principal para a categoria \u00e9 a situa\u00e7\u00e3o desses reajustes que est\u00e3o pendentes\u201d, afirma.<br>SA\u00daDE ESTADUAL<br>O coordenador-geral do Sindsa\u00fade-RN, Carlos Alexandre, afirma que o governo F\u00e1tima Bezerra vem descumprindo v\u00e1rios acordos feitos com o sindicato. Um deles se refere ao pagamento da data-base, que \u00e9 para ser efetivado sempre no m\u00eas de mar\u00e7o, mas o governo at\u00e9 o momento n\u00e3o apresentou proposta, apesar de um of\u00edcio enviado desde novembro pelos representantes da classe trabalhadora.<br>Al\u00e9m disso, segundo o l\u00edder sindical, outro tema descumprido pelo governo versa sobre o Plano de Cargos, Carreiras e Remunera\u00e7\u00e3o dos servidores efetivos da Secretaria de Estado da Sa\u00fade P\u00fablica (Sesap). Essa pauta, aliada ao pagamento do piso salarial da enfermagem, t\u00eam sido as principais demandas da categoria atualmente.<br>\u201cA gente quer que a governadora sinalize alguma coisa sobre o piso da enfermagem, que est\u00e1 suspenso pelo STF, mas tem alguns estados e munic\u00edpios que j\u00e1 est\u00e3o pagando o piso e a governadora, infelizmente, est\u00e1 fugindo da realidade\u201d, lamenta o coordenador.<br>Diante das demandas n\u00e3o atendidas pelo governo F\u00e1tima, Carlos Alexandre diz que j\u00e1 h\u00e1 \u201cmotivos de sobra\u201d para a deflagra\u00e7\u00e3o de uma greve. Ele garante que se o Governo do RN n\u00e3o sinalizar com o pagamento do piso da enfermagem at\u00e9 o m\u00eas de mar\u00e7o, h\u00e1 grande chance de haver uma greve geral da categoria.<br><br>\u201cEnt\u00e3o tudo indica que dia dez, se n\u00e3o for resolvido o piso da enfermagem, vai ter uma greve geral dos profissionais da enfermagem, a\u00ed engloba munic\u00edpio, Estado, n\u00e3o sei se o setor privado e filantr\u00f3pico v\u00e3o acompanhar tamb\u00e9m, mas os sindicatos v\u00e3o chamar uma greve para o dia 10, se n\u00e3o for resolvida a quest\u00e3o do piso. Ent\u00e3o \u00e9 um pulo para sair a greve geral dos servidores do Estado em rela\u00e7\u00e3o ao plano de cargos tamb\u00e9m. Est\u00e1 na agulha j\u00e1 para sair uma greve ou de um lado ou de outro\u201d, pontua o coordenador-geral.<br><br><strong>Via Agora RN<\/strong><\/figcaption><\/figure>\n","protected":false},"excerpt":{"rendered":"","protected":false},"author":1,"featured_media":0,"comment_status":"open","ping_status":"open","sticky":false,"template":"","format":"standard","meta":{"site-sidebar-layout":"default","site-content-layout":"","ast-site-content-layout":"default","site-content-style":"default","site-sidebar-style":"default","ast-global-header-display":"","ast-banner-title-visibility":"","ast-main-header-display":"","ast-hfb-above-header-display":"","ast-hfb-below-header-display":"","ast-hfb-mobile-header-display":"","site-post-title":"","ast-breadcrumbs-content":"","ast-featured-img":"","footer-sml-layout":"","ast-disable-related-posts":"","theme-transparent-header-meta":"","adv-header-id-meta":"","stick-header-meta":"","header-above-stick-meta":"","header-main-stick-meta":"","header-below-stick-meta":"","astra-migrate-meta-layouts":"default","ast-page-background-enabled":"default","ast-page-background-meta":{"desktop":{"background-color":"var(--ast-global-color-4)","background-image":"","background-repeat":"repeat","background-position":"center center","background-size":"auto","background-attachment":"scroll","background-type":"","background-media":"","overlay-type":"","overlay-color":"","overlay-opacity":"","overlay-gradient":""},"tablet":{"background-color":"","background-image":"","background-repeat":"repeat","background-position":"center center","background-size":"auto","background-attachment":"scroll","background-type":"","background-media":"","overlay-type":"","overlay-color":"","overlay-opacity":"","overlay-gradient":""},"mobile":{"background-color":"","background-image":"","background-repeat":"repeat","background-position":"center center","background-size":"auto","background-attachment":"scroll","background-type":"","background-media":"","overlay-type":"","overlay-color":"","overlay-opacity":"","overlay-gradient":""}},"ast-content-background-meta":{"desktop":{"background-color":"var(--ast-global-color-5)","background-image":"","background-repeat":"repeat","background-position":"center center","background-size":"auto","background-attachment":"scroll","background-type":"","background-media":"","overlay-type":"","overlay-color":"","overlay-opacity":"","overlay-gradient":""},"tablet":{"background-color":"var(--ast-global-color-5)","background-image":"","background-repeat":"repeat","background-position":"center center","background-size":"auto","background-attachment":"scroll","background-type":"","background-media":"","overlay-type":"","overlay-color":"","overlay-opacity":"","overlay-gradient":""},"mobile":{"background-color":"var(--ast-global-color-5)","background-image":"","background-repeat":"repeat","background-position":"center center","background-size":"auto","background-attachment":"scroll","background-type":"","background-media":"","overlay-type":"","overlay-color":"","overlay-opacity":"","overlay-gradient":""}},"footnotes":""},"categories":[517],"tags":[232,120,2439,36,2229,22,199,245],"class_list":["post-14902","post","type-post","status-publish","format-standard","hentry","category-aconteceu","tag-educacao","tag-governo-do-estado","tag-governo-pt","tag-greve","tag-noticas-do-face","tag-noticias-no-face","tag-noticiasnoface","tag-saude"],"_links":{"self":[{"href":"https:\/\/noticiasnoface.com.br\/index.php\/wp-json\/wp\/v2\/posts\/14902","targetHints":{"allow":["GET"]}}],"collection":[{"href":"https:\/\/noticiasnoface.com.br\/index.php\/wp-json\/wp\/v2\/posts"}],"about":[{"href":"https:\/\/noticiasnoface.com.br\/index.php\/wp-json\/wp\/v2\/types\/post"}],"author":[{"embeddable":true,"href":"https:\/\/noticiasnoface.com.br\/index.php\/wp-json\/wp\/v2\/users\/1"}],"replies":[{"embeddable":true,"href":"https:\/\/noticiasnoface.com.br\/index.php\/wp-json\/wp\/v2\/comments?post=14902"}],"version-history":[{"count":1,"href":"https:\/\/noticiasnoface.com.br\/index.php\/wp-json\/wp\/v2\/posts\/14902\/revisions"}],"predecessor-version":[{"id":14903,"href":"https:\/\/noticiasnoface.com.br\/index.php\/wp-json\/wp\/v2\/posts\/14902\/revisions\/14903"}],"wp:attachment":[{"href":"https:\/\/noticiasnoface.com.br\/index.php\/wp-json\/wp\/v2\/media?parent=14902"}],"wp:term":[{"taxonomy":"category","embeddable":true,"href":"https:\/\/noticiasnoface.com.br\/index.php\/wp-json\/wp\/v2\/categories?post=14902"},{"taxonomy":"post_tag","embeddable":true,"href":"https:\/\/noticiasnoface.com.br\/index.php\/wp-json\/wp\/v2\/tags?post=14902"}],"curies":[{"name":"wp","href":"https:\/\/api.w.org\/{rel}","templated":true}]}}