{"id":14915,"date":"2023-02-24T09:21:46","date_gmt":"2023-02-24T12:21:46","guid":{"rendered":"https:\/\/noticiasnoface.com.br\/?p=14915"},"modified":"2023-02-24T09:22:50","modified_gmt":"2023-02-24T12:22:50","slug":"nao-gosto-de-pobres-diz-empresaria-em-ceara-mirim","status":"publish","type":"post","link":"https:\/\/noticiasnoface.com.br\/index.php\/2023\/02\/24\/nao-gosto-de-pobres-diz-empresaria-em-ceara-mirim\/","title":{"rendered":"&#8220;N\u00e3o gosto de pobres&#8221; diz empres\u00e1ria em Cear\u00e1 Mirim"},"content":{"rendered":"\n<figure class=\"wp-block-image size-large\"><img data-opt-id=758092159  fetchpriority=\"high\" decoding=\"async\" width=\"1024\" height=\"972\" src=\"https:\/\/mlbfrsat7ahr.i.optimole.com\/w:1024\/h:972\/q:mauto\/ig:avif\/https:\/\/noticiasnoface.com.br\/wp-content\/uploads\/2023\/02\/img_2216.jpg\" alt=\"\" class=\"wp-image-14913\" srcset=\"https:\/\/mlbfrsat7ahr.i.optimole.com\/w:1024\/h:972\/q:mauto\/ig:avif\/https:\/\/noticiasnoface.com.br\/wp-content\/uploads\/2023\/02\/img_2216.jpg 1024w, https:\/\/mlbfrsat7ahr.i.optimole.com\/w:300\/h:285\/q:mauto\/ig:avif\/https:\/\/noticiasnoface.com.br\/wp-content\/uploads\/2023\/02\/img_2216.jpg 300w, https:\/\/mlbfrsat7ahr.i.optimole.com\/w:768\/h:729\/q:mauto\/ig:avif\/https:\/\/noticiasnoface.com.br\/wp-content\/uploads\/2023\/02\/img_2216.jpg 768w, https:\/\/mlbfrsat7ahr.i.optimole.com\/w:1137\/h:1080\/q:mauto\/ig:avif\/https:\/\/noticiasnoface.com.br\/wp-content\/uploads\/2023\/02\/img_2216.jpg 1242w\" sizes=\"(max-width: 1000px) 100vw, 1000px\" \/><figcaption class=\"wp-element-caption\"><em>DONA DE UMA ESFIRRARIA EM CEARA MIRIM DIZ QUE nao gosta de POBRE<\/em><br \/>EITA! \ud83d\udca3 Dona de esfirraria em Cear\u00e1-Mirim e consultora de imagem Rafaela Ferreiro causou pol\u00eamica ap\u00f3s dizer que n\u00e3o gosta do \u201ctal do pobre\u201d e cham\u00e1-los de pregui\u00e7osos e descansados.<br \/>Tudo come\u00e7ou quando a mesma anunciou que abriria a esfirraria na quarta-feira, o que ela n\u00e3o esperava era que os funcion\u00e1rios n\u00e3o iriam trabalhar.<br \/>Bastante revoltada dando a not\u00edcia do n\u00e3o-funcionamento do estabelecimento por esse motivo, ela acaba dando a declara\u00e7\u00e3o pol\u00eamica, Rafaela diz: \u201cN\u00e3o gosto do tal do pobre, o pobre \u00e9 pregui\u00e7oso, \u00e9 descansado e o pobre sempre vai ser pobre\u201d.<br \/>Ap\u00f3s repercuss\u00e3o negativa da declara\u00e7\u00e3o, a empres\u00e1ria veio aos stories se pronunciar e explicar o termo usado.<br \/>Ela termina a sua declara\u00e7\u00e3o dizendo que n\u00e3o est\u00e1 nem a\u00ed para quem interpretou errado e tamb\u00e9m pra quem \u00e9 burro o suficiente para n\u00e3o entender o que ela quis dizer. Um tempo ap\u00f3s isso ela apagou todos os stories. E a\u00ed ? Qual sua opini\u00e3o ? <\/figcaption><\/figure>\n\n\n\n<figure class=\"wp-block-video\"><video height=\"640\" style=\"aspect-ratio: 360 \/ 640;\" width=\"360\" controls src=\"https:\/\/noticiasnoface.com.br\/wp-content\/uploads\/2023\/02\/2023-02-24_091723_video.mp4\"><\/video><figcaption class=\"wp-element-caption\">Empres\u00e1ria diz que n\u00e3o gosta de pobre, qual sua opini\u00e3o ? <\/figcaption><\/figure>\n","protected":false},"excerpt":{"rendered":"","protected":false},"author":1,"featured_media":0,"comment_status":"open","ping_status":"open","sticky":false,"template":"","format":"standard","meta":{"site-sidebar-layout":"default","site-content-layout":"","ast-site-content-layout":"default","site-content-style":"default","site-sidebar-style":"default","ast-global-header-display":"","ast-banner-title-visibility":"","ast-main-header-display":"","ast-hfb-above-header-display":"","ast-hfb-below-header-display":"","ast-hfb-mobile-header-display":"","site-post-title":"","ast-breadcrumbs-content":"","ast-featured-img":"","footer-sml-layout":"","ast-disable-related-posts":"","theme-transparent-header-meta":"","adv-header-id-meta":"","stick-header-meta":"","header-above-stick-meta":"","header-main-stick-meta":"","header-below-stick-meta":"","astra-migrate-meta-layouts":"default","ast-page-background-enabled":"default","ast-page-background-meta":{"desktop":{"background-color":"var(--ast-global-color-4)","background-image":"","background-repeat":"repeat","background-position":"center center","background-size":"auto","background-attachment":"scroll","background-type":"","background-media":"","overlay-type":"","overlay-color":"","overlay-opacity":"","overlay-gradient":""},"tablet":{"background-color":"","background-image":"","background-repeat":"repeat","background-position":"center center","background-size":"auto","background-attachment":"scroll","background-type":"","background-media":"","overlay-type":"","overlay-color":"","overlay-opacity":"","overlay-gradient":""},"mobile":{"background-color":"","background-image":"","background-repeat":"repeat","background-position":"center center","background-size":"auto","background-attachment":"scroll","background-type":"","background-media":"","overlay-type":"","overlay-color":"","overlay-opacity":"","overlay-gradient":""}},"ast-content-background-meta":{"desktop":{"background-color":"var(--ast-global-color-5)","background-image":"","background-repeat":"repeat","background-position":"center center","background-size":"auto","background-attachment":"scroll","background-type":"","background-media":"","overlay-type":"","overlay-color":"","overlay-opacity":"","overlay-gradient":""},"tablet":{"background-color":"var(--ast-global-color-5)","background-image":"","background-repeat":"repeat","background-position":"center center","background-size":"auto","background-attachment":"scroll","background-type":"","background-media":"","overlay-type":"","overlay-color":"","overlay-opacity":"","overlay-gradient":""},"mobile":{"background-color":"var(--ast-global-color-5)","background-image":"","background-repeat":"repeat","background-position":"center center","background-size":"auto","background-attachment":"scroll","background-type":"","background-media":"","overlay-type":"","overlay-color":"","overlay-opacity":"","overlay-gradient":""}},"footnotes":""},"categories":[517],"tags":[978,2634,2229,2236,199,2633],"class_list":["post-14915","post","type-post","status-publish","format-standard","hentry","category-aconteceu","tag-ceara-mirim","tag-empresaria","tag-noticas-do-face","tag-noticas-no-face","tag-noticiasnoface","tag-odeio-pobre"],"_links":{"self":[{"href":"https:\/\/noticiasnoface.com.br\/index.php\/wp-json\/wp\/v2\/posts\/14915","targetHints":{"allow":["GET"]}}],"collection":[{"href":"https:\/\/noticiasnoface.com.br\/index.php\/wp-json\/wp\/v2\/posts"}],"about":[{"href":"https:\/\/noticiasnoface.com.br\/index.php\/wp-json\/wp\/v2\/types\/post"}],"author":[{"embeddable":true,"href":"https:\/\/noticiasnoface.com.br\/index.php\/wp-json\/wp\/v2\/users\/1"}],"replies":[{"embeddable":true,"href":"https:\/\/noticiasnoface.com.br\/index.php\/wp-json\/wp\/v2\/comments?post=14915"}],"version-history":[{"count":3,"href":"https:\/\/noticiasnoface.com.br\/index.php\/wp-json\/wp\/v2\/posts\/14915\/revisions"}],"predecessor-version":[{"id":14918,"href":"https:\/\/noticiasnoface.com.br\/index.php\/wp-json\/wp\/v2\/posts\/14915\/revisions\/14918"}],"wp:attachment":[{"href":"https:\/\/noticiasnoface.com.br\/index.php\/wp-json\/wp\/v2\/media?parent=14915"}],"wp:term":[{"taxonomy":"category","embeddable":true,"href":"https:\/\/noticiasnoface.com.br\/index.php\/wp-json\/wp\/v2\/categories?post=14915"},{"taxonomy":"post_tag","embeddable":true,"href":"https:\/\/noticiasnoface.com.br\/index.php\/wp-json\/wp\/v2\/tags?post=14915"}],"curies":[{"name":"wp","href":"https:\/\/api.w.org\/{rel}","templated":true}]}}