{"id":14935,"date":"2023-02-25T08:54:27","date_gmt":"2023-02-25T11:54:27","guid":{"rendered":"https:\/\/noticiasnoface.com.br\/?p=14935"},"modified":"2023-02-25T08:54:28","modified_gmt":"2023-02-25T11:54:28","slug":"assassino-de-crianca-filmou-ela-morta-e-mandou-para-familiares","status":"publish","type":"post","link":"https:\/\/noticiasnoface.com.br\/index.php\/2023\/02\/25\/assassino-de-crianca-filmou-ela-morta-e-mandou-para-familiares\/","title":{"rendered":"Assassino de crian\u00e7a filmou ela morta e mandou para familiares"},"content":{"rendered":"\n<figure class=\"wp-block-image size-large\"><img data-opt-id=592962665  fetchpriority=\"high\" decoding=\"async\" width=\"1024\" height=\"752\" src=\"https:\/\/mlbfrsat7ahr.i.optimole.com\/w:1024\/h:752\/q:mauto\/ig:avif\/https:\/\/noticiasnoface.com.br\/wp-content\/uploads\/2023\/02\/img_2254.jpg\" class=\"wp-image-14934\" srcset=\"https:\/\/mlbfrsat7ahr.i.optimole.com\/w:1024\/h:752\/q:mauto\/ig:avif\/https:\/\/noticiasnoface.com.br\/wp-content\/uploads\/2023\/02\/img_2254.jpg 1024w, https:\/\/mlbfrsat7ahr.i.optimole.com\/w:300\/h:220\/q:mauto\/ig:avif\/https:\/\/noticiasnoface.com.br\/wp-content\/uploads\/2023\/02\/img_2254.jpg 300w, https:\/\/mlbfrsat7ahr.i.optimole.com\/w:768\/h:564\/q:mauto\/ig:avif\/https:\/\/noticiasnoface.com.br\/wp-content\/uploads\/2023\/02\/img_2254.jpg 768w, https:\/\/mlbfrsat7ahr.i.optimole.com\/w:1242\/h:912\/q:mauto\/ig:avif\/https:\/\/noticiasnoface.com.br\/wp-content\/uploads\/2023\/02\/img_2254.jpg 1242w\" sizes=\"(max-width: 1000px) 100vw, 1000px\" \/><figcaption class=\"wp-element-caption\">Suspeito de matar menina de 14 anos premeditou o crime: \u2018gravou v\u00eddeos dela morta e mandou para familiares<br><img data-opt-id=610785220  fetchpriority=\"high\" decoding=\"async\" src=\"https:\/\/arquivos-f7noticias.sfo3.digitaloceanspaces.com\/2023\/02\/beatrizferreira-758x505.jpg\" alt=\"\" srcset=\"https:\/\/arquivos-f7noticias.sfo3.digitaloceanspaces.com\/2023\/02\/beatrizferreira-300x200.jpg 300w, https:\/\/arquivos-f7noticias.sfo3.digitaloceanspaces.com\/2023\/02\/beatrizferreira-1024x683.jpg 1024w, https:\/\/arquivos-f7noticias.sfo3.digitaloceanspaces.com\/2023\/02\/beatrizferreira-768x512.jpg 768w, https:\/\/arquivos-f7noticias.sfo3.digitaloceanspaces.com\/2023\/02\/beatrizferreira-180x135.jpg 180w, https:\/\/arquivos-f7noticias.sfo3.digitaloceanspaces.com\/2023\/02\/PmgLRdzw-beatrizferreira-364x156.jpg 364w, https:\/\/arquivos-f7noticias.sfo3.digitaloceanspaces.com\/2023\/02\/PmgLRdzw-beatrizferreira-728x312.jpg 728w, https:\/\/arquivos-f7noticias.sfo3.digitaloceanspaces.com\/2023\/02\/beatrizferreira-265x177.jpg 265w, https:\/\/arquivos-f7noticias.sfo3.digitaloceanspaces.com\/2023\/02\/beatrizferreira-531x354.jpg 531w, https:\/\/arquivos-f7noticias.sfo3.digitaloceanspaces.com\/2023\/02\/beatrizferreira-561x374.jpg 561w, https:\/\/arquivos-f7noticias.sfo3.digitaloceanspaces.com\/2023\/02\/beatrizferreira-1122x748.jpg 1122w, https:\/\/arquivos-f7noticias.sfo3.digitaloceanspaces.com\/2023\/02\/beatrizferreira-608x405.jpg 608w, https:\/\/arquivos-f7noticias.sfo3.digitaloceanspaces.com\/2023\/02\/beatrizferreira-758x379.jpg 758w, https:\/\/arquivos-f7noticias.sfo3.digitaloceanspaces.com\/2023\/02\/beatrizferreira-1152x648.jpg 1152w, https:\/\/arquivos-f7noticias.sfo3.digitaloceanspaces.com\/2023\/02\/beatrizferreira-72x48.jpg 72w, https:\/\/arquivos-f7noticias.sfo3.digitaloceanspaces.com\/2023\/02\/beatrizferreira-144x96.jpg 144w, https:\/\/arquivos-f7noticias.sfo3.digitaloceanspaces.com\/2023\/02\/beatrizferreira-313x209.jpg 313w, https:\/\/arquivos-f7noticias.sfo3.digitaloceanspaces.com\/2023\/02\/beatrizferreira-150x100.jpg 150w, https:\/\/arquivos-f7noticias.sfo3.digitaloceanspaces.com\/2023\/02\/beatrizferreira.jpg 1200w\" class=\"extendsBeyondTextColumn\"><br>O inqu\u00e9rito do caso de Beatriz Ferreira foi finalizado nesta semana e o caso repassado ao Minist\u00e9rio P\u00fablico de Rond\u00f4nia (MP-RO). A adolescente de 14 anos foi encontrada morta no in\u00edcio de fevereiro, em uma estrada em Colina Verde (RO), distrito de Governador Jorge Teixeira.<br>As marcas no corpo da v\u00edtima indicam que ela estava quase degolada. O principal suspeito do crime de feminic\u00eddio \u00e9 ex-namorado da v\u00edtima. Ele tem 22 anos e est\u00e1 preso.<br>Segundo as investiga\u00e7\u00f5es da Pol\u00edcia Civil, o crime foi premeditado ap\u00f3s a menina terminar o relacionamento com o agressor. Mas mesmo depois da separa\u00e7\u00e3o o suspeito continuava procurando a v\u00edtima. At\u00e9 que no dia do crime ele a convidou \u201capenas para uma conversa como amigos\u201d.<br>\u201cMas ele assassinou ela. Depois ainda gravou o ato e encaminhou v\u00eddeos da adolescente morta, quase decapitada, para alguns familiares. Quando ele foi questionado pela investigadora sobre o motivo de ter gravado a menina morta, ele disse que \u00e9 porque queria que a pol\u00edcia acreditasse que ele realmente era o autor\u201d, informou a delegada Caritiana Cuellar.<br><strong>Relacionamento abusivo:<\/strong><br>A delegada tamb\u00e9m informou que antes do fim do relacionamento os dois tiveram discuss\u00f5es, principalmente por causa de ci\u00fames.<br>\u201c\u00c9 um crime brutal. Um feminic\u00eddio brutal praticado por ci\u00fames. Ele ficou com ci\u00fames por causa da roupa que ela estava usando, um short, que na opini\u00e3o dele, era curto. Porque ela foi em um lugar e n\u00e3o avisou pra ele que tinha ido e isso motivou uma briga. Ela colocou fim no relacionamento e ele, insatisfeito, decidiu mat\u00e1-la\u201d, disse a delegada.<br><strong>O crime:<\/strong><br>A adolescente de 14 anos foi morta com facadas no pesco\u00e7o na madrugada de segunda-feira (6). O crime aconteceu no distrito Colina Verde, munic\u00edpio de Governador Jorge Teixeira (RO).<br>O namorado da menina, um homem de 22 anos, foi quem ligou para pol\u00edcia e relatou o crime. Ele foi preso como suspeito pelo crime.<br>De acordo com o boletim de ocorr\u00eancia da Pol\u00edcia Militar (PM), ao chegar no local do crime, o namorado da v\u00edtima relatou que havia dado o golpe no pesco\u00e7o da adolescente. Inicialmente havia a hip\u00f3tese da arma do crime ser um canivete, mas as investiga\u00e7\u00f5es da Pol\u00edcia Civil apontam que foi usada uma faca.<br>Aos policiais, o suspeito teria explicado que ficou com ci\u00fames da adolescente e por isso a feriu. Ele tamb\u00e9m teria dito que eles estavam juntos h\u00e1 cerca de tr\u00eas meses.<br>Ap\u00f3s ouvir o homem, foi dada a voz de pris\u00e3o em flagrante. No local, foi verificado pelos militares o \u00f3bito da v\u00edtima. Ele foi levado \u00e0 delegacia de Jaru, que investigar\u00e1 o caso.<\/figcaption><\/figure>\n","protected":false},"excerpt":{"rendered":"","protected":false},"author":1,"featured_media":0,"comment_status":"open","ping_status":"open","sticky":false,"template":"","format":"standard","meta":{"site-sidebar-layout":"default","site-content-layout":"","ast-site-content-layout":"default","site-content-style":"default","site-sidebar-style":"default","ast-global-header-display":"","ast-banner-title-visibility":"","ast-main-header-display":"","ast-hfb-above-header-display":"","ast-hfb-below-header-display":"","ast-hfb-mobile-header-display":"","site-post-title":"","ast-breadcrumbs-content":"","ast-featured-img":"","footer-sml-layout":"","ast-disable-related-posts":"","theme-transparent-header-meta":"","adv-header-id-meta":"","stick-header-meta":"","header-above-stick-meta":"","header-main-stick-meta":"","header-below-stick-meta":"","astra-migrate-meta-layouts":"default","ast-page-background-enabled":"default","ast-page-background-meta":{"desktop":{"background-color":"var(--ast-global-color-4)","background-image":"","background-repeat":"repeat","background-position":"center center","background-size":"auto","background-attachment":"scroll","background-type":"","background-media":"","overlay-type":"","overlay-color":"","overlay-opacity":"","overlay-gradient":""},"tablet":{"background-color":"","background-image":"","background-repeat":"repeat","background-position":"center center","background-size":"auto","background-attachment":"scroll","background-type":"","background-media":"","overlay-type":"","overlay-color":"","overlay-opacity":"","overlay-gradient":""},"mobile":{"background-color":"","background-image":"","background-repeat":"repeat","background-position":"center center","background-size":"auto","background-attachment":"scroll","background-type":"","background-media":"","overlay-type":"","overlay-color":"","overlay-opacity":"","overlay-gradient":""}},"ast-content-background-meta":{"desktop":{"background-color":"var(--ast-global-color-5)","background-image":"","background-repeat":"repeat","background-position":"center center","background-size":"auto","background-attachment":"scroll","background-type":"","background-media":"","overlay-type":"","overlay-color":"","overlay-opacity":"","overlay-gradient":""},"tablet":{"background-color":"var(--ast-global-color-5)","background-image":"","background-repeat":"repeat","background-position":"center center","background-size":"auto","background-attachment":"scroll","background-type":"","background-media":"","overlay-type":"","overlay-color":"","overlay-opacity":"","overlay-gradient":""},"mobile":{"background-color":"var(--ast-global-color-5)","background-image":"","background-repeat":"repeat","background-position":"center center","background-size":"auto","background-attachment":"scroll","background-type":"","background-media":"","overlay-type":"","overlay-color":"","overlay-opacity":"","overlay-gradient":""}},"footnotes":""},"categories":[517],"tags":[225,1625,2642,2229,22,199],"class_list":["post-14935","post","type-post","status-publish","format-standard","hentry","category-aconteceu","tag-assassino","tag-crianca","tag-filmou-e-mandou-para-familiares","tag-noticas-do-face","tag-noticias-no-face","tag-noticiasnoface"],"_links":{"self":[{"href":"https:\/\/noticiasnoface.com.br\/index.php\/wp-json\/wp\/v2\/posts\/14935","targetHints":{"allow":["GET"]}}],"collection":[{"href":"https:\/\/noticiasnoface.com.br\/index.php\/wp-json\/wp\/v2\/posts"}],"about":[{"href":"https:\/\/noticiasnoface.com.br\/index.php\/wp-json\/wp\/v2\/types\/post"}],"author":[{"embeddable":true,"href":"https:\/\/noticiasnoface.com.br\/index.php\/wp-json\/wp\/v2\/users\/1"}],"replies":[{"embeddable":true,"href":"https:\/\/noticiasnoface.com.br\/index.php\/wp-json\/wp\/v2\/comments?post=14935"}],"version-history":[{"count":1,"href":"https:\/\/noticiasnoface.com.br\/index.php\/wp-json\/wp\/v2\/posts\/14935\/revisions"}],"predecessor-version":[{"id":14936,"href":"https:\/\/noticiasnoface.com.br\/index.php\/wp-json\/wp\/v2\/posts\/14935\/revisions\/14936"}],"wp:attachment":[{"href":"https:\/\/noticiasnoface.com.br\/index.php\/wp-json\/wp\/v2\/media?parent=14935"}],"wp:term":[{"taxonomy":"category","embeddable":true,"href":"https:\/\/noticiasnoface.com.br\/index.php\/wp-json\/wp\/v2\/categories?post=14935"},{"taxonomy":"post_tag","embeddable":true,"href":"https:\/\/noticiasnoface.com.br\/index.php\/wp-json\/wp\/v2\/tags?post=14935"}],"curies":[{"name":"wp","href":"https:\/\/api.w.org\/{rel}","templated":true}]}}