{"id":14939,"date":"2023-02-25T16:02:49","date_gmt":"2023-02-25T19:02:49","guid":{"rendered":"https:\/\/noticiasnoface.com.br\/?p=14939"},"modified":"2023-02-25T16:02:49","modified_gmt":"2023-02-25T19:02:49","slug":"lula-da-entrada-em-hospital","status":"publish","type":"post","link":"https:\/\/noticiasnoface.com.br\/index.php\/2023\/02\/25\/lula-da-entrada-em-hospital\/","title":{"rendered":"Lula da entrada em hospital"},"content":{"rendered":"\n<figure class=\"wp-block-image size-large\"><img data-opt-id=1832701684  fetchpriority=\"high\" decoding=\"async\" width=\"300\" height=\"168\" src=\"https:\/\/mlbfrsat7ahr.i.optimole.com\/w:300\/h:168\/q:mauto\/ig:avif\/https:\/\/noticiasnoface.com.br\/wp-content\/uploads\/2023\/02\/img_2288.jpg\" class=\"wp-image-14938\" srcset=\"https:\/\/mlbfrsat7ahr.i.optimole.com\/w:300\/h:168\/q:mauto\/ig:avif\/https:\/\/noticiasnoface.com.br\/wp-content\/uploads\/2023\/02\/img_2288.jpg 300w, https:\/\/mlbfrsat7ahr.i.optimole.com\/w:739\/h:415\/q:mauto\/ig:avif\/https:\/\/noticiasnoface.com.br\/wp-content\/uploads\/2023\/02\/img_2288.jpg 739w\" sizes=\"(max-width: 300px) 100vw, 300px\" \/><figcaption class=\"wp-element-caption\">Lula faz exame de resson\u00e2ncia magn\u00e9tica no quadril em hospital de Bras\u00edlia<br>Petista vem se queixando de dores ap\u00f3s retomada de exerc\u00edcios f\u00edsicos. Resson\u00e2ncia auxiliar\u00e1 m\u00e9dicos a definirem intensidade das atividades \u00e0s quais petista pode ser submetido.<br>Por Vladimir Netto, TV Globo \u2014 Bras\u00edlia<br><br>O presidente Luiz In\u00e1cio <a href=\"https:\/\/g1.globo.com\/politica\/politico\/lula\/\" target=\"_blank\" rel=\"noopener\">Lula<\/a> da Silva fez um exame de resson\u00e2ncia magn\u00e9tica no quadril na manh\u00e3 deste s\u00e1bado (25), em um hospital de Bras\u00edlia. <br>Segundo a assessoria do presidente, o exame j\u00e1 estava programado como parte de um acompanhamento das sess\u00f5es de fisioterapia que Lula tem feito. <br>O presidente tem realizado exerc\u00edcios para fortalecimento muscular.<br>Durante a campanha eleitoral, no ano passado, a rotina de atividades f\u00edsicas de Lula foi reduzida. Com a retomada dos exerc\u00edcios, o presidente tem se queixado de dores que, por vezes, se estendem por dias.<br>Por isso, os m\u00e9dicos pediram que o presidente fizesse a resson\u00e2ncia para avaliar e definir a intensidade dos movimentos.<\/figcaption><\/figure>\n","protected":false},"excerpt":{"rendered":"","protected":false},"author":1,"featured_media":0,"comment_status":"open","ping_status":"open","sticky":false,"template":"","format":"standard","meta":{"site-sidebar-layout":"default","site-content-layout":"","ast-site-content-layout":"default","site-content-style":"default","site-sidebar-style":"default","ast-global-header-display":"","ast-banner-title-visibility":"","ast-main-header-display":"","ast-hfb-above-header-display":"","ast-hfb-below-header-display":"","ast-hfb-mobile-header-display":"","site-post-title":"","ast-breadcrumbs-content":"","ast-featured-img":"","footer-sml-layout":"","ast-disable-related-posts":"","theme-transparent-header-meta":"","adv-header-id-meta":"","stick-header-meta":"","header-above-stick-meta":"","header-main-stick-meta":"","header-below-stick-meta":"","astra-migrate-meta-layouts":"default","ast-page-background-enabled":"default","ast-page-background-meta":{"desktop":{"background-color":"var(--ast-global-color-4)","background-image":"","background-repeat":"repeat","background-position":"center center","background-size":"auto","background-attachment":"scroll","background-type":"","background-media":"","overlay-type":"","overlay-color":"","overlay-opacity":"","overlay-gradient":""},"tablet":{"background-color":"","background-image":"","background-repeat":"repeat","background-position":"center center","background-size":"auto","background-attachment":"scroll","background-type":"","background-media":"","overlay-type":"","overlay-color":"","overlay-opacity":"","overlay-gradient":""},"mobile":{"background-color":"","background-image":"","background-repeat":"repeat","background-position":"center center","background-size":"auto","background-attachment":"scroll","background-type":"","background-media":"","overlay-type":"","overlay-color":"","overlay-opacity":"","overlay-gradient":""}},"ast-content-background-meta":{"desktop":{"background-color":"var(--ast-global-color-5)","background-image":"","background-repeat":"repeat","background-position":"center center","background-size":"auto","background-attachment":"scroll","background-type":"","background-media":"","overlay-type":"","overlay-color":"","overlay-opacity":"","overlay-gradient":""},"tablet":{"background-color":"var(--ast-global-color-5)","background-image":"","background-repeat":"repeat","background-position":"center center","background-size":"auto","background-attachment":"scroll","background-type":"","background-media":"","overlay-type":"","overlay-color":"","overlay-opacity":"","overlay-gradient":""},"mobile":{"background-color":"var(--ast-global-color-5)","background-image":"","background-repeat":"repeat","background-position":"center center","background-size":"auto","background-attachment":"scroll","background-type":"","background-media":"","overlay-type":"","overlay-color":"","overlay-opacity":"","overlay-gradient":""}},"footnotes":""},"categories":[517],"tags":[215,2442,2229,2236,199,2058],"class_list":["post-14939","post","type-post","status-publish","format-standard","hentry","category-aconteceu","tag-lula","tag-lula-presidente","tag-noticas-do-face","tag-noticas-no-face","tag-noticiasnoface","tag-presidente-lula"],"_links":{"self":[{"href":"https:\/\/noticiasnoface.com.br\/index.php\/wp-json\/wp\/v2\/posts\/14939","targetHints":{"allow":["GET"]}}],"collection":[{"href":"https:\/\/noticiasnoface.com.br\/index.php\/wp-json\/wp\/v2\/posts"}],"about":[{"href":"https:\/\/noticiasnoface.com.br\/index.php\/wp-json\/wp\/v2\/types\/post"}],"author":[{"embeddable":true,"href":"https:\/\/noticiasnoface.com.br\/index.php\/wp-json\/wp\/v2\/users\/1"}],"replies":[{"embeddable":true,"href":"https:\/\/noticiasnoface.com.br\/index.php\/wp-json\/wp\/v2\/comments?post=14939"}],"version-history":[{"count":1,"href":"https:\/\/noticiasnoface.com.br\/index.php\/wp-json\/wp\/v2\/posts\/14939\/revisions"}],"predecessor-version":[{"id":14940,"href":"https:\/\/noticiasnoface.com.br\/index.php\/wp-json\/wp\/v2\/posts\/14939\/revisions\/14940"}],"wp:attachment":[{"href":"https:\/\/noticiasnoface.com.br\/index.php\/wp-json\/wp\/v2\/media?parent=14939"}],"wp:term":[{"taxonomy":"category","embeddable":true,"href":"https:\/\/noticiasnoface.com.br\/index.php\/wp-json\/wp\/v2\/categories?post=14939"},{"taxonomy":"post_tag","embeddable":true,"href":"https:\/\/noticiasnoface.com.br\/index.php\/wp-json\/wp\/v2\/tags?post=14939"}],"curies":[{"name":"wp","href":"https:\/\/api.w.org\/{rel}","templated":true}]}}