{"id":14943,"date":"2023-02-25T17:20:42","date_gmt":"2023-02-25T20:20:42","guid":{"rendered":"https:\/\/noticiasnoface.com.br\/?p=14943"},"modified":"2023-02-25T17:20:43","modified_gmt":"2023-02-25T20:20:43","slug":"fevereiro-tem-recordes-de-desmatamento-no-governo-lula","status":"publish","type":"post","link":"https:\/\/noticiasnoface.com.br\/index.php\/2023\/02\/25\/fevereiro-tem-recordes-de-desmatamento-no-governo-lula\/","title":{"rendered":"Fevereiro tem recordes de desmatamento no governo lula"},"content":{"rendered":"\n<figure class=\"wp-block-image size-large\"><img data-opt-id=1034669985  fetchpriority=\"high\" decoding=\"async\" width=\"1024\" height=\"1007\" src=\"https:\/\/mlbfrsat7ahr.i.optimole.com\/w:1024\/h:1007\/q:mauto\/ig:avif\/https:\/\/noticiasnoface.com.br\/wp-content\/uploads\/2023\/02\/img_2296.jpg\" class=\"wp-image-14942\" srcset=\"https:\/\/mlbfrsat7ahr.i.optimole.com\/w:1024\/h:1007\/q:mauto\/ig:avif\/https:\/\/noticiasnoface.com.br\/wp-content\/uploads\/2023\/02\/img_2296.jpg 1024w, https:\/\/mlbfrsat7ahr.i.optimole.com\/w:300\/h:295\/q:mauto\/ig:avif\/https:\/\/noticiasnoface.com.br\/wp-content\/uploads\/2023\/02\/img_2296.jpg 300w, https:\/\/mlbfrsat7ahr.i.optimole.com\/w:768\/h:755\/q:mauto\/ig:avif\/https:\/\/noticiasnoface.com.br\/wp-content\/uploads\/2023\/02\/img_2296.jpg 768w, https:\/\/mlbfrsat7ahr.i.optimole.com\/w:1098\/h:1080\/q:mauto\/ig:avif\/https:\/\/noticiasnoface.com.br\/wp-content\/uploads\/2023\/02\/img_2296.jpg 1242w\" sizes=\"(max-width: 1000px) 100vw, 1000px\" \/><figcaption class=\"wp-element-caption\">Fevereiro registra recorde de desmatamento na Amaz\u00f4nia<br>Em duas semanas do m\u00eas, j\u00e1 foram desmatados quase 209 km\u00b2 de floresta; \u00edndice \u00e9 o maior da s\u00e9rie hist\u00f3rica<br><br><img data-opt-id=455773955  fetchpriority=\"high\" decoding=\"async\" src=\"https:\/\/static.poder360.com.br\/2022\/09\/Amazonia-Floresta-MeioAmbiente-Agua-Madeira-Desmatamento-Preservacao-22-848x477.jpg\" alt=\"Amaz\u00f4nia\" srcset=\"https:\/\/static.poder360.com.br\/2022\/09\/Amazonia-Floresta-MeioAmbiente-Agua-Madeira-Desmatamento-Preservacao-22-848x477.jpg 848w, https:\/\/static.poder360.com.br\/2022\/09\/Amazonia-Floresta-MeioAmbiente-Agua-Madeira-Desmatamento-Preservacao-22-405x228.jpg 405w\" class=\"extendsBeyondTextColumn\">Floresta Amaz\u00f4nica vista de cima<br>O <a rel=\"noreferrer noopener\" href=\"http:\/\/terrabrasilis.dpi.inpe.br\/app\/dashboard\/alerts\/legal\/amazon\/aggregated\/#\" target=\"_blank\">Inpe<\/a> (Instituto Nacional de Pesquisas Espaciais) registrou em fevereiro um recorde de desmatamento na Amaz\u00f4nia Legal desde o in\u00edcio da s\u00e9rie hist\u00f3rica \u2013em 2015. Em duas semanas do m\u00eas, j\u00e1 foram desmatados quase 209 km\u00b2 de floresta.<br>A taxa \u00e9 vista como alta ao considerar que fevereiro ainda n\u00e3o acabou. O balan\u00e7o final do m\u00eas s\u00f3 deve ser divulgado na pr\u00f3xima 6\u00aa feira (3.mar.2023).<br>Os \u00edndices de maior destrui\u00e7\u00e3o foram registrados nos Estados do Mato Grosso (129 km\u00b2) e do Par\u00e1 (33,94 km\u00b2). At\u00e9 ent\u00e3o, a maior \u00e1rea desmatada na Amaz\u00f4nia Legal era de de 198,67 km\u00b2, taxa registrada em 2022. <br>O recorde observado em fevereiro se d\u00e1 depois de uma <a rel=\"noreferrer noopener\" href=\"https:\/\/www.poder360.com.br\/meio-ambiente\/desmatamento-da-amazonia-tem-queda-em-janeiro-segundo-inpe\/\" target=\"_blank\">redu\u00e7\u00e3o de 61%<\/a> nas taxas de desmatamento em janeiro, quando comparado com 2022.<br><br>Entre as <a href=\"https:\/\/www.poder360.com.br\/meio-ambiente\/em-3o-mandato-lula-tentara-avancar-na-protecao-da-amazonia\/\" target=\"_blank\" rel=\"noopener\">promessas de campanha de Lula para o meio ambiente<\/a> estava a puni\u00e7\u00e3o para quem desmatasse de forma ilegal. Depois das elei\u00e7\u00f5es, o ex-ministro do Meio Ambiente Carlos Minc disse que o Brasil registraria uma \u201c<em>redu\u00e7\u00e3o forte e imediata do desmatamento no Brasil j\u00e1 no 1\u00ba trimestre do governo Lula<\/em>\u201d. Ele foi o titular do minist\u00e9rio de 2008 a 2010.<br>Das \u00e1reas desmatadas na Amaz\u00f4nia em 2022, <a rel=\"noreferrer noopener\" href=\"https:\/\/www.poder360.com.br\/meio-ambiente\/desmatamento-na-amazonia-atinge-recorde-em-2022-diz-imazon\/\" target=\"_blank\">80% delas eram responsabilidade do governo federal<\/a>, o equivalente a 8.443 km\u00b2. No acumulado dos \u00faltimos 4 anos (2019 a 2022), foram desmatados 35.193 km\u00b2, \u00e1rea superior aos Estados de Sergipe e Alagoas, (21.000 km\u00b2 e 27.000 km\u00b2, respectivamente).<br>\u00c9 o que mostrou <a rel=\"noreferrer noopener\" href=\"https:\/\/imazon.org.br\/imprensa\/amazonia-perdeu-quase-3-mil-campos-de-futebol-por-dia-de-floresta-em-2022-maior-desmatamento-em-15-anos\/\" target=\"_blank\">levantamento<\/a> do Imazon (Instituto do Homem e Meio Ambiente da Amaz\u00f4nia) divulgado em 18 de janeiro. O maior desmatamento da Amaz\u00f4nia dos \u00faltimos 15 anos foi registrado durante o governo do ex-presidente <a rel=\"noreferrer noopener\" href=\"https:\/\/eleicoes.poder360.com.br\/candidato\/630212#2022\" target=\"_blank\">Jair Bolsonaro<\/a> (PL). Somente em 2022, foram devastados 10.573 km\u00b2, 0 <a rel=\"noreferrer noopener\" href=\"https:\/\/www.poder360.com.br\/meio-ambiente\/desmatamento-na-amazonia-atinge-recorde-em-2022-diz-imazon\/\" target=\"_blank\">5\u00ba recorde anual consecutivo<\/a>. A \u00e1rea equivale a 3 mil campos de futebol por dia de floresta. <br>Durante a gest\u00e3o<a rel=\"noreferrer noopener\" href=\"https:\/\/eleicoes.poder360.com.br\/candidato\/1104114#2014\" target=\"_blank\"> Michel Temer<\/a> (MDB), de 2016 a 2018, foram devastados 8.844 km\u00b2. No governo de <a rel=\"noreferrer noopener\" href=\"https:\/\/eleicoes.poder360.com.br\/candidato\/324757#2018\" target=\"_blank\">Dilma Rousseff<\/a> (PT), de 2011 a 2015, foram 10.421 km\u00b2. <br>O levantamento \u00e9 feito por meio do SAD (Sistema de Alerta de Desmatamento), ferramenta que monitora a Amaz\u00f4nia Legal que usa imagens de sat\u00e9lites, desenvolvido pelo Imazon em 2008. O monitoramento reporta mensalmente o n\u00edvel de desmatamento na regi\u00e3o.<\/figcaption><\/figure>\n","protected":false},"excerpt":{"rendered":"","protected":false},"author":1,"featured_media":0,"comment_status":"open","ping_status":"open","sticky":false,"template":"","format":"standard","meta":{"site-sidebar-layout":"default","site-content-layout":"","ast-site-content-layout":"default","site-content-style":"default","site-sidebar-style":"default","ast-global-header-display":"","ast-banner-title-visibility":"","ast-main-header-display":"","ast-hfb-above-header-display":"","ast-hfb-below-header-display":"","ast-hfb-mobile-header-display":"","site-post-title":"","ast-breadcrumbs-content":"","ast-featured-img":"","footer-sml-layout":"","ast-disable-related-posts":"","theme-transparent-header-meta":"","adv-header-id-meta":"","stick-header-meta":"","header-above-stick-meta":"","header-main-stick-meta":"","header-below-stick-meta":"","astra-migrate-meta-layouts":"default","ast-page-background-enabled":"default","ast-page-background-meta":{"desktop":{"background-color":"var(--ast-global-color-4)","background-image":"","background-repeat":"repeat","background-position":"center center","background-size":"auto","background-attachment":"scroll","background-type":"","background-media":"","overlay-type":"","overlay-color":"","overlay-opacity":"","overlay-gradient":""},"tablet":{"background-color":"","background-image":"","background-repeat":"repeat","background-position":"center center","background-size":"auto","background-attachment":"scroll","background-type":"","background-media":"","overlay-type":"","overlay-color":"","overlay-opacity":"","overlay-gradient":""},"mobile":{"background-color":"","background-image":"","background-repeat":"repeat","background-position":"center center","background-size":"auto","background-attachment":"scroll","background-type":"","background-media":"","overlay-type":"","overlay-color":"","overlay-opacity":"","overlay-gradient":""}},"ast-content-background-meta":{"desktop":{"background-color":"var(--ast-global-color-5)","background-image":"","background-repeat":"repeat","background-position":"center center","background-size":"auto","background-attachment":"scroll","background-type":"","background-media":"","overlay-type":"","overlay-color":"","overlay-opacity":"","overlay-gradient":""},"tablet":{"background-color":"var(--ast-global-color-5)","background-image":"","background-repeat":"repeat","background-position":"center center","background-size":"auto","background-attachment":"scroll","background-type":"","background-media":"","overlay-type":"","overlay-color":"","overlay-opacity":"","overlay-gradient":""},"mobile":{"background-color":"var(--ast-global-color-5)","background-image":"","background-repeat":"repeat","background-position":"center center","background-size":"auto","background-attachment":"scroll","background-type":"","background-media":"","overlay-type":"","overlay-color":"","overlay-opacity":"","overlay-gradient":""}},"footnotes":""},"categories":[517],"tags":[2643,215,2229,22,199,2058,996],"class_list":["post-14943","post","type-post","status-publish","format-standard","hentry","category-aconteceu","tag-desmatamento","tag-lula","tag-noticas-do-face","tag-noticias-no-face","tag-noticiasnoface","tag-presidente-lula","tag-recorde"],"_links":{"self":[{"href":"https:\/\/noticiasnoface.com.br\/index.php\/wp-json\/wp\/v2\/posts\/14943","targetHints":{"allow":["GET"]}}],"collection":[{"href":"https:\/\/noticiasnoface.com.br\/index.php\/wp-json\/wp\/v2\/posts"}],"about":[{"href":"https:\/\/noticiasnoface.com.br\/index.php\/wp-json\/wp\/v2\/types\/post"}],"author":[{"embeddable":true,"href":"https:\/\/noticiasnoface.com.br\/index.php\/wp-json\/wp\/v2\/users\/1"}],"replies":[{"embeddable":true,"href":"https:\/\/noticiasnoface.com.br\/index.php\/wp-json\/wp\/v2\/comments?post=14943"}],"version-history":[{"count":1,"href":"https:\/\/noticiasnoface.com.br\/index.php\/wp-json\/wp\/v2\/posts\/14943\/revisions"}],"predecessor-version":[{"id":14944,"href":"https:\/\/noticiasnoface.com.br\/index.php\/wp-json\/wp\/v2\/posts\/14943\/revisions\/14944"}],"wp:attachment":[{"href":"https:\/\/noticiasnoface.com.br\/index.php\/wp-json\/wp\/v2\/media?parent=14943"}],"wp:term":[{"taxonomy":"category","embeddable":true,"href":"https:\/\/noticiasnoface.com.br\/index.php\/wp-json\/wp\/v2\/categories?post=14943"},{"taxonomy":"post_tag","embeddable":true,"href":"https:\/\/noticiasnoface.com.br\/index.php\/wp-json\/wp\/v2\/tags?post=14943"}],"curies":[{"name":"wp","href":"https:\/\/api.w.org\/{rel}","templated":true}]}}