{"id":15076,"date":"2023-03-07T21:49:48","date_gmt":"2023-03-08T00:49:48","guid":{"rendered":"https:\/\/noticiasnoface.com.br\/?p=15076"},"modified":"2023-03-07T21:49:48","modified_gmt":"2023-03-08T00:49:48","slug":"projeto-propoe-musicoterapia-como-tratamento-terapeutico-em-natal","status":"publish","type":"post","link":"https:\/\/noticiasnoface.com.br\/index.php\/2023\/03\/07\/projeto-propoe-musicoterapia-como-tratamento-terapeutico-em-natal\/","title":{"rendered":"Projeto prop\u00f5e musicoterapia como tratamento terap\u00eautico em Natal"},"content":{"rendered":"\n<figure class=\"wp-block-image size-large\"><img data-opt-id=708128604  fetchpriority=\"high\" decoding=\"async\" width=\"1024\" height=\"666\" src=\"https:\/\/mlbfrsat7ahr.i.optimole.com\/w:1024\/h:666\/q:mauto\/ig:avif\/https:\/\/noticiasnoface.com.br\/wp-content\/uploads\/2023\/03\/img_2808.jpg\" class=\"wp-image-15075\" srcset=\"https:\/\/mlbfrsat7ahr.i.optimole.com\/w:1024\/h:666\/q:mauto\/ig:avif\/https:\/\/noticiasnoface.com.br\/wp-content\/uploads\/2023\/03\/img_2808.jpg 1024w, https:\/\/mlbfrsat7ahr.i.optimole.com\/w:300\/h:195\/q:mauto\/ig:avif\/https:\/\/noticiasnoface.com.br\/wp-content\/uploads\/2023\/03\/img_2808.jpg 300w, https:\/\/mlbfrsat7ahr.i.optimole.com\/w:768\/h:500\/q:mauto\/ig:avif\/https:\/\/noticiasnoface.com.br\/wp-content\/uploads\/2023\/03\/img_2808.jpg 768w, https:\/\/mlbfrsat7ahr.i.optimole.com\/w:1536\/h:999\/q:mauto\/ig:avif\/https:\/\/noticiasnoface.com.br\/wp-content\/uploads\/2023\/03\/img_2808.jpg 1536w, https:\/\/mlbfrsat7ahr.i.optimole.com\/w:1600\/h:1041\/q:mauto\/ig:avif\/https:\/\/noticiasnoface.com.br\/wp-content\/uploads\/2023\/03\/img_2808.jpg 1600w\" sizes=\"(max-width: 1000px) 100vw, 1000px\" \/><figcaption class=\"wp-element-caption\">Para promover a inclus\u00e3o social, a C\u00e2mara Municipal de Natal aprovou em segunda discuss\u00e3o, durante a sess\u00e3o ordin\u00e1ria desta ter\u00e7a-feira (07), o Projeto de Lei n\u00b0 425\/2021 que institui o Programa de Diretrizes para Incentivo ao Uso da Musicoterapia como Tratamento Terap\u00eautico Complementar de pessoas com defici\u00eancias, s\u00edndromes e\/ou Transtorno do Espectro Autista (TEA) na capital potiguar. Apresentado pelo vereador Raniere Barbosa (Avante), o texto segue agora para san\u00e7\u00e3o do Executivo. <br>De acordo com a mat\u00e9ria, a iniciativa poder\u00e1 ser realizada em equipe multidisciplinar por cl\u00ednicas de reabilita\u00e7\u00e3o e outras institui\u00e7\u00f5es p\u00fablicas ou privadas, que ofere\u00e7am o referido tratamento no munic\u00edpio. O Tratamento Terap\u00eautico Complementar de Musicoterapia deve ser realizado de forma exclusiva por Musicoterapeutas devidamente registrados perante ao \u00f3rg\u00e3o representativo de classe e possuidores de curso de gradua\u00e7\u00e3o, p\u00f3s-gradua\u00e7\u00e3o ou qualifica\u00e7\u00e3o-t\u00e9cnica em musicoterapia. <br>&#8220;A Musicoterapia destaca-se como forma de utiliza\u00e7\u00e3o da m\u00fasica para melhoria da sa\u00fade f\u00edsica, mental, social, cognitiva, emocional e espiritual, promovendo uma evolu\u00e7\u00e3o na qualidade de vida das pessoas. Implica em diversos benef\u00edcios ao tratamento das pessoas, pois aumenta o potencial de intera\u00e7\u00e3o do ser humano, baseando-se na capacidade de cada um, atrav\u00e9s do est\u00edmulo interior atrav\u00e9s dos elementos da m\u00fasica&#8221;, defendeu o vereador Raniere Barbosa.<br>Em seguida, o plen\u00e1rio da Casa deu parecer favor\u00e1vel ao PL 259\/2020, de autoria do vereador Robson Carvalho (Uni\u00e3o Brasil), que disp\u00f5e sobre o aproveitamento de madeira de podas de \u00e1rvores na cidade. A lei visa gerar benef\u00edcios econ\u00f4micos, sociais e ambientais no meio urbano, a partir de uma preserva\u00e7\u00e3o permanente e sustent\u00e1vel da vegeta\u00e7\u00e3o de porte arb\u00f3reo. Segundo Robson, o Executivo  poder\u00e1 celebrar conv\u00eanios com universidades, escolas, entidades relacionadas ao meio ambiente e iniciativa privada com a finalidade de desenvolver pesquisas e firmar parcerias para a implementa\u00e7\u00e3o e o aprimoramento t\u00e9cnico e cient\u00edfico das a\u00e7\u00f5es previstas na proposi\u00e7\u00e3o.<br>Mais tr\u00eas projetos passaram em segunda discuss\u00e3o: PL 281\/2021, da vereadora Ana Paula (SD), que institui a \u201cSemana de Orienta\u00e7\u00e3o e Preven\u00e7\u00e3o de Acidentes Dom\u00e9sticos\u201d, visando maior seguran\u00e7a no ambiente familiar, anualmente na \u00faltima semana de junho, PL 189\/2022, do vereador Rob\u00e9rio Paulino (PSOL), sobre a prote\u00e7\u00e3o \u00e0s Abelhas Nativas Melipon\u00edneos (sem ferr\u00e3o) e est\u00edmulo a poliniza\u00e7\u00e3o urbana do munic\u00edpio, e o PL 353\/2022, do vereador Chagas Catarino (PSDB), que institui o Banco de Dados Municipal de Animais Esterilizados.<br>Ao final da sess\u00e3o, duas propostas em primeira discuss\u00e3o foram aprovadas: PL 378\/2020, do vereador Preto Aquino (PSD), que institui a semana de conscientiza\u00e7\u00e3o sobre a Fibromialgia, a ser realizada anualmente na semana que completa o dia 12 de maio, data internacional de conscientiza\u00e7\u00e3o sobre a Fibromialgia, e o PL 791\/2021, da vereadora Margarete R\u00e9gia (PROS), que autoriza a implanta\u00e7\u00e3o de oficina m\u00f3vel denominada \u201cParaoficina M\u00f3vel\u201d destinada aos servi\u00e7os gratuitos de manuten\u00e7\u00e3o e reparos em equipamentos e meios auxiliares de locomo\u00e7\u00e3o.<br><strong><em>Texto: Junior Martins<br>Fotos: Elp\u00eddio J\u00fanior<\/em><\/strong><\/figcaption><\/figure>\n","protected":false},"excerpt":{"rendered":"","protected":false},"author":1,"featured_media":0,"comment_status":"open","ping_status":"open","sticky":false,"template":"","format":"standard","meta":{"site-sidebar-layout":"default","site-content-layout":"","ast-site-content-layout":"default","site-content-style":"default","site-sidebar-style":"default","ast-global-header-display":"","ast-banner-title-visibility":"","ast-main-header-display":"","ast-hfb-above-header-display":"","ast-hfb-below-header-display":"","ast-hfb-mobile-header-display":"","site-post-title":"","ast-breadcrumbs-content":"","ast-featured-img":"","footer-sml-layout":"","ast-disable-related-posts":"","theme-transparent-header-meta":"","adv-header-id-meta":"","stick-header-meta":"","header-above-stick-meta":"","header-main-stick-meta":"","header-below-stick-meta":"","astra-migrate-meta-layouts":"default","ast-page-background-enabled":"default","ast-page-background-meta":{"desktop":{"background-color":"var(--ast-global-color-4)","background-image":"","background-repeat":"repeat","background-position":"center center","background-size":"auto","background-attachment":"scroll","background-type":"","background-media":"","overlay-type":"","overlay-color":"","overlay-opacity":"","overlay-gradient":""},"tablet":{"background-color":"","background-image":"","background-repeat":"repeat","background-position":"center center","background-size":"auto","background-attachment":"scroll","background-type":"","background-media":"","overlay-type":"","overlay-color":"","overlay-opacity":"","overlay-gradient":""},"mobile":{"background-color":"","background-image":"","background-repeat":"repeat","background-position":"center center","background-size":"auto","background-attachment":"scroll","background-type":"","background-media":"","overlay-type":"","overlay-color":"","overlay-opacity":"","overlay-gradient":""}},"ast-content-background-meta":{"desktop":{"background-color":"var(--ast-global-color-5)","background-image":"","background-repeat":"repeat","background-position":"center center","background-size":"auto","background-attachment":"scroll","background-type":"","background-media":"","overlay-type":"","overlay-color":"","overlay-opacity":"","overlay-gradient":""},"tablet":{"background-color":"var(--ast-global-color-5)","background-image":"","background-repeat":"repeat","background-position":"center center","background-size":"auto","background-attachment":"scroll","background-type":"","background-media":"","overlay-type":"","overlay-color":"","overlay-opacity":"","overlay-gradient":""},"mobile":{"background-color":"var(--ast-global-color-5)","background-image":"","background-repeat":"repeat","background-position":"center center","background-size":"auto","background-attachment":"scroll","background-type":"","background-media":"","overlay-type":"","overlay-color":"","overlay-opacity":"","overlay-gradient":""}},"footnotes":""},"categories":[517],"tags":[],"class_list":["post-15076","post","type-post","status-publish","format-standard","hentry","category-aconteceu"],"_links":{"self":[{"href":"https:\/\/noticiasnoface.com.br\/index.php\/wp-json\/wp\/v2\/posts\/15076","targetHints":{"allow":["GET"]}}],"collection":[{"href":"https:\/\/noticiasnoface.com.br\/index.php\/wp-json\/wp\/v2\/posts"}],"about":[{"href":"https:\/\/noticiasnoface.com.br\/index.php\/wp-json\/wp\/v2\/types\/post"}],"author":[{"embeddable":true,"href":"https:\/\/noticiasnoface.com.br\/index.php\/wp-json\/wp\/v2\/users\/1"}],"replies":[{"embeddable":true,"href":"https:\/\/noticiasnoface.com.br\/index.php\/wp-json\/wp\/v2\/comments?post=15076"}],"version-history":[{"count":1,"href":"https:\/\/noticiasnoface.com.br\/index.php\/wp-json\/wp\/v2\/posts\/15076\/revisions"}],"predecessor-version":[{"id":15077,"href":"https:\/\/noticiasnoface.com.br\/index.php\/wp-json\/wp\/v2\/posts\/15076\/revisions\/15077"}],"wp:attachment":[{"href":"https:\/\/noticiasnoface.com.br\/index.php\/wp-json\/wp\/v2\/media?parent=15076"}],"wp:term":[{"taxonomy":"category","embeddable":true,"href":"https:\/\/noticiasnoface.com.br\/index.php\/wp-json\/wp\/v2\/categories?post=15076"},{"taxonomy":"post_tag","embeddable":true,"href":"https:\/\/noticiasnoface.com.br\/index.php\/wp-json\/wp\/v2\/tags?post=15076"}],"curies":[{"name":"wp","href":"https:\/\/api.w.org\/{rel}","templated":true}]}}