{"id":15098,"date":"2023-03-08T21:26:52","date_gmt":"2023-03-09T00:26:52","guid":{"rendered":"https:\/\/noticiasnoface.com.br\/?p=15098"},"modified":"2023-03-08T21:26:52","modified_gmt":"2023-03-09T00:26:52","slug":"aprovado-projeto-que-institui-a-semana-de-conscientizacao-sobre-a-fibromialgi","status":"publish","type":"post","link":"https:\/\/noticiasnoface.com.br\/index.php\/2023\/03\/08\/aprovado-projeto-que-institui-a-semana-de-conscientizacao-sobre-a-fibromialgi\/","title":{"rendered":"Aprovado projeto que institui a Semana de Conscientiza\u00e7\u00e3o sobre a Fibromialgi"},"content":{"rendered":"\n<figure class=\"wp-block-image size-large\"><img data-opt-id=346643754  fetchpriority=\"high\" decoding=\"async\" width=\"1024\" height=\"684\" src=\"https:\/\/mlbfrsat7ahr.i.optimole.com\/w:1024\/h:684\/q:mauto\/ig:avif\/https:\/\/noticiasnoface.com.br\/wp-content\/uploads\/2023\/03\/img_2884.jpg\" class=\"wp-image-15097\" srcset=\"https:\/\/mlbfrsat7ahr.i.optimole.com\/w:1024\/h:684\/q:mauto\/ig:avif\/https:\/\/noticiasnoface.com.br\/wp-content\/uploads\/2023\/03\/img_2884.jpg 1024w, https:\/\/mlbfrsat7ahr.i.optimole.com\/w:300\/h:200\/q:mauto\/ig:avif\/https:\/\/noticiasnoface.com.br\/wp-content\/uploads\/2023\/03\/img_2884.jpg 300w, https:\/\/mlbfrsat7ahr.i.optimole.com\/w:768\/h:513\/q:mauto\/ig:avif\/https:\/\/noticiasnoface.com.br\/wp-content\/uploads\/2023\/03\/img_2884.jpg 768w, https:\/\/mlbfrsat7ahr.i.optimole.com\/w:1536\/h:1025\/q:mauto\/ig:avif\/https:\/\/noticiasnoface.com.br\/wp-content\/uploads\/2023\/03\/img_2884.jpg 1536w, https:\/\/mlbfrsat7ahr.i.optimole.com\/w:1600\/h:1068\/q:mauto\/ig:avif\/https:\/\/noticiasnoface.com.br\/wp-content\/uploads\/2023\/03\/img_2884.jpg 1600w\" sizes=\"(max-width: 1000px) 100vw, 1000px\" \/><figcaption class=\"wp-element-caption\">Durante a sess\u00e3o ordin\u00e1ria desta quarta-feira (08), a C\u00e2mara Municipal de Natal aprovou em segunda discuss\u00e3o o Projeto de Lei n\u00b0 378\/2020, apresentado pelo vereador Preto Aquino (PSD), que institui a Semana de Conscientiza\u00e7\u00e3o sobre a Fibromialgia no \u00e2mbito do munic\u00edpio, a ser realizada anualmente na semana que completa o dia 12 de maio, data internacional de conscientiza\u00e7\u00e3o sobre a Fibromialgia. O objetivo da iniciativa, al\u00e9m de informar os pacientes acometidos pela patologia \u00e9 tamb\u00e9m conscientizar toda a sociedade sobre a import\u00e2ncia do diagn\u00f3stico, da forma de tratamento, sintomas e consequ\u00eancias para os pacientes e difus\u00e3o das legisla\u00e7\u00f5es j\u00e1 existentes que garantem servi\u00e7os e direitos espec\u00edficos.<br>&#8220;Ainda n\u00e3o h\u00e1 cura para a Fibromialgia, sendo o tratamento parte fundamental para que n\u00e3o se d\u00ea a progress\u00e3o da doen\u00e7a que, embora n\u00e3o seja fatal, implica severas restri\u00e7\u00f5es \u00e0 exist\u00eancia digna dos pacientes, sendo pac\u00edfico que eles possuem uma queda significativa na qualidade de vida, impactando negativamente nos aspectos social, profissional e afetivo de sua vida. Dessa forma se faz necess\u00e1ria a cria\u00e7\u00e3o da Semana Municipal de Conscientiza\u00e7\u00e3o da Fibromialgia no intuito de esclarecer a popula\u00e7\u00e3o quanto \u00e0 doen\u00e7a, sintomas e tratamentos&#8221;, explicou o vereador Preto Aquino.<br>Logo depois, o plen\u00e1rio acatou, tamb\u00e9m em segunda discuss\u00e3o, o PL 791\/2021, de autoria da vereadora Margarete R\u00e9gia (PROS), que autoriza a implanta\u00e7\u00e3o de oficina m\u00f3vel denominada \u201cParaoficina M\u00f3vel\u201d destinada aos servi\u00e7os gratuitos de manuten\u00e7\u00e3o e reparos em equipamentos e meios auxiliares de locomo\u00e7\u00e3o. S\u00e3o considerados equipamentos de locomo\u00e7\u00e3o cadeiras de rodas, cadeiras de banho, \u00f3rteses, pr\u00f3teses e meios auxiliares de locomo\u00e7\u00e3o, muletas, bengalas e andadores, entre outros.<br>&#8220;Pessoas que necessitam utilizar equipamentos para sua locomo\u00e7\u00e3o sofrem os efeitos da falta de manuten\u00e7\u00e3o e de reparos dos mesmos que muitas vezes deixam de ser usados ou s\u00e3o usados de maneira prec\u00e1ria, podendo amea\u00e7ar a seguran\u00e7a f\u00edsica dos usu\u00e1rios. Diante deste cen\u00e1rio a Paraoficina M\u00f3vel visa oferecer servi\u00e7os itinerantes, podendo realizar a manuten\u00e7\u00e3o para o aumento da durabilidade e funcionalidade das cadeiras de rodas, \u00f3rteses, pr\u00f3teses e meios auxiliares de locomo\u00e7\u00e3o (OPMs), impactando positivamente na vida das pessoas com defici\u00eancia f\u00edsica que precisam utilizar esses recursos&#8221;, Disse a vereadora Margarete R\u00e9gia ao defender o texto.<br>Em primeira discuss\u00e3o, recebeu parecer favor\u00e1vel o PL 207\/2020, do vereador Felipe Alves (Uni\u00e3o Brasil), sobre a aplica\u00e7\u00e3o de san\u00e7\u00f5es aos estabelecimentos comerciais de Natal, por majora\u00e7\u00e3o abusiva de pre\u00e7os de produtos durante per\u00edodo de calamidade p\u00fablica. De acordo com o autor, a mat\u00e9ria busca evitar abusos dos vendedores e fornecedores, impedindo os mesmos de se aproveitarem do estado de calamidade e necessidade da popula\u00e7\u00e3o para elevar pre\u00e7os.<br>Ao final da sess\u00e3o, mais quatro proposi\u00e7\u00f5es em primeira discuss\u00e3o foram aprovadas: PL 143\/2022, da vereadora Camila Ara\u00fajo (Uni\u00e3o Brasil),  sobre a inclus\u00e3o no Sistema de Sa\u00fade Municipal de Pol\u00edticas P\u00fablicas de Promo\u00e7\u00e3o da Sa\u00fade Mental para os profissionais da Rede de Prote\u00e7\u00e3o \u00e0 Inf\u00e2ncia e Juventude, PL 184\/2022, da vereadora Brisa Bracchi (PT), sobre a Pol\u00edtica Municipal de Combate a Viol\u00eancia Pol\u00edtica de G\u00eanero, ra\u00e7a e orienta\u00e7\u00e3o sexual, PL 212\/2022, da vereadora Nina Souza (PDT), que cria a Comenda Dr. Jo\u00e3o Medeiros Filho no Munic\u00edpio, e o PL 368\/2022, do vereador Aroldo Alves (PSDB), que disp\u00f5e sobre o dever do munic\u00edpio em assegurar assessoria jur\u00eddica gratuita para os membros da Guarda Municipal de Natal que, pelo exerc\u00edcio da fun\u00e7\u00e3o, s\u00e3o submetidos a processos judiciais.<br><strong><em>Texto: Junior Martins<br>Fotos: Elp\u00eddio J\u00fanior<\/em><\/strong><\/figcaption><\/figure>\n","protected":false},"excerpt":{"rendered":"","protected":false},"author":1,"featured_media":0,"comment_status":"open","ping_status":"open","sticky":false,"template":"","format":"standard","meta":{"site-sidebar-layout":"default","site-content-layout":"","ast-site-content-layout":"default","site-content-style":"default","site-sidebar-style":"default","ast-global-header-display":"","ast-banner-title-visibility":"","ast-main-header-display":"","ast-hfb-above-header-display":"","ast-hfb-below-header-display":"","ast-hfb-mobile-header-display":"","site-post-title":"","ast-breadcrumbs-content":"","ast-featured-img":"","footer-sml-layout":"","ast-disable-related-posts":"","theme-transparent-header-meta":"","adv-header-id-meta":"","stick-header-meta":"","header-above-stick-meta":"","header-main-stick-meta":"","header-below-stick-meta":"","astra-migrate-meta-layouts":"default","ast-page-background-enabled":"default","ast-page-background-meta":{"desktop":{"background-color":"var(--ast-global-color-4)","background-image":"","background-repeat":"repeat","background-position":"center center","background-size":"auto","background-attachment":"scroll","background-type":"","background-media":"","overlay-type":"","overlay-color":"","overlay-opacity":"","overlay-gradient":""},"tablet":{"background-color":"","background-image":"","background-repeat":"repeat","background-position":"center center","background-size":"auto","background-attachment":"scroll","background-type":"","background-media":"","overlay-type":"","overlay-color":"","overlay-opacity":"","overlay-gradient":""},"mobile":{"background-color":"","background-image":"","background-repeat":"repeat","background-position":"center center","background-size":"auto","background-attachment":"scroll","background-type":"","background-media":"","overlay-type":"","overlay-color":"","overlay-opacity":"","overlay-gradient":""}},"ast-content-background-meta":{"desktop":{"background-color":"var(--ast-global-color-5)","background-image":"","background-repeat":"repeat","background-position":"center center","background-size":"auto","background-attachment":"scroll","background-type":"","background-media":"","overlay-type":"","overlay-color":"","overlay-opacity":"","overlay-gradient":""},"tablet":{"background-color":"var(--ast-global-color-5)","background-image":"","background-repeat":"repeat","background-position":"center center","background-size":"auto","background-attachment":"scroll","background-type":"","background-media":"","overlay-type":"","overlay-color":"","overlay-opacity":"","overlay-gradient":""},"mobile":{"background-color":"var(--ast-global-color-5)","background-image":"","background-repeat":"repeat","background-position":"center center","background-size":"auto","background-attachment":"scroll","background-type":"","background-media":"","overlay-type":"","overlay-color":"","overlay-opacity":"","overlay-gradient":""}},"footnotes":""},"categories":[517],"tags":[],"class_list":["post-15098","post","type-post","status-publish","format-standard","hentry","category-aconteceu"],"_links":{"self":[{"href":"https:\/\/noticiasnoface.com.br\/index.php\/wp-json\/wp\/v2\/posts\/15098","targetHints":{"allow":["GET"]}}],"collection":[{"href":"https:\/\/noticiasnoface.com.br\/index.php\/wp-json\/wp\/v2\/posts"}],"about":[{"href":"https:\/\/noticiasnoface.com.br\/index.php\/wp-json\/wp\/v2\/types\/post"}],"author":[{"embeddable":true,"href":"https:\/\/noticiasnoface.com.br\/index.php\/wp-json\/wp\/v2\/users\/1"}],"replies":[{"embeddable":true,"href":"https:\/\/noticiasnoface.com.br\/index.php\/wp-json\/wp\/v2\/comments?post=15098"}],"version-history":[{"count":1,"href":"https:\/\/noticiasnoface.com.br\/index.php\/wp-json\/wp\/v2\/posts\/15098\/revisions"}],"predecessor-version":[{"id":15099,"href":"https:\/\/noticiasnoface.com.br\/index.php\/wp-json\/wp\/v2\/posts\/15098\/revisions\/15099"}],"wp:attachment":[{"href":"https:\/\/noticiasnoface.com.br\/index.php\/wp-json\/wp\/v2\/media?parent=15098"}],"wp:term":[{"taxonomy":"category","embeddable":true,"href":"https:\/\/noticiasnoface.com.br\/index.php\/wp-json\/wp\/v2\/categories?post=15098"},{"taxonomy":"post_tag","embeddable":true,"href":"https:\/\/noticiasnoface.com.br\/index.php\/wp-json\/wp\/v2\/tags?post=15098"}],"curies":[{"name":"wp","href":"https:\/\/api.w.org\/{rel}","templated":true}]}}