{"id":15112,"date":"2023-03-09T21:23:48","date_gmt":"2023-03-10T00:23:48","guid":{"rendered":"https:\/\/noticiasnoface.com.br\/?p=15112"},"modified":"2023-03-09T21:23:49","modified_gmt":"2023-03-10T00:23:49","slug":"projeto-cria-politica-municipal-de-combate-a-violencia-politica-de-genero","status":"publish","type":"post","link":"https:\/\/noticiasnoface.com.br\/index.php\/2023\/03\/09\/projeto-cria-politica-municipal-de-combate-a-violencia-politica-de-genero\/","title":{"rendered":"Projeto cria Pol\u00edtica Municipal de Combate a Viol\u00eancia Pol\u00edtica de G\u00eanero"},"content":{"rendered":"\n<figure class=\"wp-block-image size-large\"><img data-opt-id=1365909509  fetchpriority=\"high\" decoding=\"async\" width=\"1024\" height=\"837\" src=\"https:\/\/mlbfrsat7ahr.i.optimole.com\/w:1024\/h:837\/q:mauto\/ig:avif\/https:\/\/noticiasnoface.com.br\/wp-content\/uploads\/2023\/03\/img_2933.jpg\" class=\"wp-image-15111\" srcset=\"https:\/\/mlbfrsat7ahr.i.optimole.com\/w:1024\/h:837\/q:mauto\/ig:avif\/https:\/\/noticiasnoface.com.br\/wp-content\/uploads\/2023\/03\/img_2933.jpg 1024w, https:\/\/mlbfrsat7ahr.i.optimole.com\/w:300\/h:245\/q:mauto\/ig:avif\/https:\/\/noticiasnoface.com.br\/wp-content\/uploads\/2023\/03\/img_2933.jpg 300w, https:\/\/mlbfrsat7ahr.i.optimole.com\/w:768\/h:628\/q:mauto\/ig:avif\/https:\/\/noticiasnoface.com.br\/wp-content\/uploads\/2023\/03\/img_2933.jpg 768w, https:\/\/mlbfrsat7ahr.i.optimole.com\/w:1242\/h:1015\/q:mauto\/ig:avif\/https:\/\/noticiasnoface.com.br\/wp-content\/uploads\/2023\/03\/img_2933.jpg 1242w\" sizes=\"(max-width: 1000px) 100vw, 1000px\" \/><figcaption class=\"wp-element-caption\">Para fortalecer a rede de apoio aos setores mais vulner\u00e1veis da sociedade, a C\u00e2mara Municipal de Natal aprovou em segunda discuss\u00e3o, na sess\u00e3o ordin\u00e1ria desta quinta-feira (09), o Projeto de Lei n\u00b0 184\/2022 que disp\u00f5e sobre a Pol\u00edtica Municipal de Combate a Viol\u00eancia Pol\u00edtica de G\u00eanero, ra\u00e7a e orienta\u00e7\u00e3o sexual. Apresentado pela vereadora Brisa Bracchi (PT), o texto segue agora para san\u00e7\u00e3o do Executivo. <br>O combate ostensivo a comportamentos dirigidos especificamente contra as mulheres, negros e negras, e pessoas LGBTI que tenham o cond\u00e3o de desestimular, impedir ou restringir o acesso aos espa\u00e7os da pol\u00edtica institucional, seja no processo eleitoral, seja durante a atua\u00e7\u00e3o nos seus mandatos e o respeito \u00e0 diversidade de g\u00eanero, ra\u00e7a e orienta\u00e7\u00e3o sexual nas esferas da Administra\u00e7\u00e3o P\u00fablica e do Parlamento Municipal est\u00e3o entre os objetivos da proposta. <br>&#8220;A fim de alcan\u00e7ar as metas do projeto, o Poder P\u00fablico vai promover anualmente, preferencialmente no m\u00eas de outubro, campanha para alertar sobre os principais tipos de viol\u00eancia contra os segmentos sociais vulner\u00e1veis no contexto das elei\u00e7\u00f5es municipais e os poderes Executivo e Legislativo da capital potiguar criar\u00e3o canais de atendimento de den\u00fancia \u00e0 Viol\u00eancia Pol\u00edtica de G\u00eanero, Ra\u00e7a e Orienta\u00e7\u00e3o sexual, entre outras medidas&#8221;, explicou a vereadora Brisa Bracchi.<br>Tamb\u00e9m em segunda discuss\u00e3o, recebeu parecer favor\u00e1vel o PL 207\/2020, do vereador Felipe Alves (Uni\u00e3o Brasil), sobre a aplica\u00e7\u00e3o de san\u00e7\u00f5es aos estabelecimentos comerciais de Natal, por majora\u00e7\u00e3o abusiva de pre\u00e7os de produtos durante per\u00edodo de calamidade p\u00fablica. De acordo com o autor, a mat\u00e9ria busca evitar abusos dos vendedores e fornecedores, impedindo os mesmos de se aproveitarem do estado de calamidade e necessidade da popula\u00e7\u00e3o para elevar pre\u00e7os.<br>&#8220;A comprova\u00e7\u00e3o da majora\u00e7\u00e3o abusiva poder\u00e1 ser feita por quaisquer meios que estabele\u00e7am discrep\u00e2ncia significativa entre os pre\u00e7os passados e atuais, conforme o disposto nesta Lei, e atrav\u00e9s de den\u00fancia ao Procon-Natal, que investigar\u00e1 a ocorr\u00eancia conforme as pr\u00e1ticas funcionais de sua atribui\u00e7\u00e3o p\u00fablica t\u00edpica&#8221;, pontuou o vereador Felipe Alves ao defender a mat\u00e9ria.<br>Mais duas proposi\u00e7\u00f5es em segunda discuss\u00e3o foram aprovadas: PL 143\/2022, da vereadora Camila Ara\u00fajo (Uni\u00e3o Brasil),  sobre a inclus\u00e3o no Sistema de Sa\u00fade Municipal de Pol\u00edticas P\u00fablicas de Promo\u00e7\u00e3o da Sa\u00fade Mental para os profissionais da Rede de Prote\u00e7\u00e3o \u00e0 inf\u00e2ncia e juventude, e o PL 368\/2022, do vereador Aroldo Alves (PSDB), que disp\u00f5e sobre o dever do munic\u00edpio em assegurar assessoria jur\u00eddica gratuita para os membros da Guarda Municipal de Natal que, pelo exerc\u00edcio da fun\u00e7\u00e3o, s\u00e3o submetidos a processos judiciais.<br>Por fim, recebeu parecer favor\u00e1vel, em primeira discuss\u00e3o, o PL 34\/2022, encaminhado pelo Executivo, que altera denomina\u00e7\u00e3o da Rua Luiz Fernandes, localizada no bairro das Quintas, para o nome Rua Padre Ant\u00f4nio Cassiano da Silva.<br><strong><em>Texto: Junior Martins<br>Fotos: Elp\u00eddio J\u00fanior<\/em><\/strong><\/figcaption><\/figure>\n","protected":false},"excerpt":{"rendered":"","protected":false},"author":1,"featured_media":0,"comment_status":"open","ping_status":"open","sticky":false,"template":"","format":"standard","meta":{"site-sidebar-layout":"default","site-content-layout":"","ast-site-content-layout":"default","site-content-style":"default","site-sidebar-style":"default","ast-global-header-display":"","ast-banner-title-visibility":"","ast-main-header-display":"","ast-hfb-above-header-display":"","ast-hfb-below-header-display":"","ast-hfb-mobile-header-display":"","site-post-title":"","ast-breadcrumbs-content":"","ast-featured-img":"","footer-sml-layout":"","ast-disable-related-posts":"","theme-transparent-header-meta":"","adv-header-id-meta":"","stick-header-meta":"","header-above-stick-meta":"","header-main-stick-meta":"","header-below-stick-meta":"","astra-migrate-meta-layouts":"default","ast-page-background-enabled":"default","ast-page-background-meta":{"desktop":{"background-color":"var(--ast-global-color-4)","background-image":"","background-repeat":"repeat","background-position":"center center","background-size":"auto","background-attachment":"scroll","background-type":"","background-media":"","overlay-type":"","overlay-color":"","overlay-opacity":"","overlay-gradient":""},"tablet":{"background-color":"","background-image":"","background-repeat":"repeat","background-position":"center center","background-size":"auto","background-attachment":"scroll","background-type":"","background-media":"","overlay-type":"","overlay-color":"","overlay-opacity":"","overlay-gradient":""},"mobile":{"background-color":"","background-image":"","background-repeat":"repeat","background-position":"center center","background-size":"auto","background-attachment":"scroll","background-type":"","background-media":"","overlay-type":"","overlay-color":"","overlay-opacity":"","overlay-gradient":""}},"ast-content-background-meta":{"desktop":{"background-color":"var(--ast-global-color-5)","background-image":"","background-repeat":"repeat","background-position":"center center","background-size":"auto","background-attachment":"scroll","background-type":"","background-media":"","overlay-type":"","overlay-color":"","overlay-opacity":"","overlay-gradient":""},"tablet":{"background-color":"var(--ast-global-color-5)","background-image":"","background-repeat":"repeat","background-position":"center center","background-size":"auto","background-attachment":"scroll","background-type":"","background-media":"","overlay-type":"","overlay-color":"","overlay-opacity":"","overlay-gradient":""},"mobile":{"background-color":"var(--ast-global-color-5)","background-image":"","background-repeat":"repeat","background-position":"center center","background-size":"auto","background-attachment":"scroll","background-type":"","background-media":"","overlay-type":"","overlay-color":"","overlay-opacity":"","overlay-gradient":""}},"footnotes":""},"categories":[517],"tags":[],"class_list":["post-15112","post","type-post","status-publish","format-standard","hentry","category-aconteceu"],"_links":{"self":[{"href":"https:\/\/noticiasnoface.com.br\/index.php\/wp-json\/wp\/v2\/posts\/15112","targetHints":{"allow":["GET"]}}],"collection":[{"href":"https:\/\/noticiasnoface.com.br\/index.php\/wp-json\/wp\/v2\/posts"}],"about":[{"href":"https:\/\/noticiasnoface.com.br\/index.php\/wp-json\/wp\/v2\/types\/post"}],"author":[{"embeddable":true,"href":"https:\/\/noticiasnoface.com.br\/index.php\/wp-json\/wp\/v2\/users\/1"}],"replies":[{"embeddable":true,"href":"https:\/\/noticiasnoface.com.br\/index.php\/wp-json\/wp\/v2\/comments?post=15112"}],"version-history":[{"count":1,"href":"https:\/\/noticiasnoface.com.br\/index.php\/wp-json\/wp\/v2\/posts\/15112\/revisions"}],"predecessor-version":[{"id":15113,"href":"https:\/\/noticiasnoface.com.br\/index.php\/wp-json\/wp\/v2\/posts\/15112\/revisions\/15113"}],"wp:attachment":[{"href":"https:\/\/noticiasnoface.com.br\/index.php\/wp-json\/wp\/v2\/media?parent=15112"}],"wp:term":[{"taxonomy":"category","embeddable":true,"href":"https:\/\/noticiasnoface.com.br\/index.php\/wp-json\/wp\/v2\/categories?post=15112"},{"taxonomy":"post_tag","embeddable":true,"href":"https:\/\/noticiasnoface.com.br\/index.php\/wp-json\/wp\/v2\/tags?post=15112"}],"curies":[{"name":"wp","href":"https:\/\/api.w.org\/{rel}","templated":true}]}}