{"id":15120,"date":"2023-03-10T08:49:30","date_gmt":"2023-03-10T11:49:30","guid":{"rendered":"https:\/\/noticiasnoface.com.br\/?p=15120"},"modified":"2023-03-10T08:49:31","modified_gmt":"2023-03-10T11:49:31","slug":"beneficiarios-do-inss-podem-receber-um-valor-adicional-veja-se-voce-tem-direito","status":"publish","type":"post","link":"https:\/\/noticiasnoface.com.br\/index.php\/2023\/03\/10\/beneficiarios-do-inss-podem-receber-um-valor-adicional-veja-se-voce-tem-direito\/","title":{"rendered":"Benefici\u00e1rios do INSS podem receber um valor adicional, veja se voc\u00ea tem direito"},"content":{"rendered":"\n<figure class=\"wp-block-image size-large\"><img data-opt-id=1862854695  fetchpriority=\"high\" decoding=\"async\" width=\"1024\" height=\"533\" src=\"https:\/\/mlbfrsat7ahr.i.optimole.com\/w:1024\/h:533\/q:mauto\/ig:avif\/https:\/\/noticiasnoface.com.br\/wp-content\/uploads\/2023\/03\/img_2952.jpg\" class=\"wp-image-15119\" srcset=\"https:\/\/mlbfrsat7ahr.i.optimole.com\/w:1024\/h:533\/q:mauto\/ig:avif\/https:\/\/noticiasnoface.com.br\/wp-content\/uploads\/2023\/03\/img_2952.jpg 1024w, https:\/\/mlbfrsat7ahr.i.optimole.com\/w:300\/h:156\/q:mauto\/ig:avif\/https:\/\/noticiasnoface.com.br\/wp-content\/uploads\/2023\/03\/img_2952.jpg 300w, https:\/\/mlbfrsat7ahr.i.optimole.com\/w:768\/h:399\/q:mauto\/ig:avif\/https:\/\/noticiasnoface.com.br\/wp-content\/uploads\/2023\/03\/img_2952.jpg 768w, https:\/\/mlbfrsat7ahr.i.optimole.com\/w:1242\/h:646\/q:mauto\/ig:avif\/https:\/\/noticiasnoface.com.br\/wp-content\/uploads\/2023\/03\/img_2952.jpg 1242w\" sizes=\"(max-width: 1000px) 100vw, 1000px\" \/><figcaption class=\"wp-element-caption\">Os benefici\u00e1rios do INSS poder\u00e3o receber um valor adicional<br>10 de mar\u00e7o de 2023<br><img data-opt-id=651334686  fetchpriority=\"high\" decoding=\"async\" src=\"https:\/\/www.redebrasilnews.com.br\/wp-content\/uploads\/2023\/01\/Meu-INSS-foto-Gov-BR-1068x620.webp\" alt=\"\" srcset=\"https:\/\/www.redebrasilnews.com.br\/wp-content\/uploads\/2023\/01\/Meu-INSS-foto-Gov-BR-1068x620.webp 1068w, https:\/\/www.redebrasilnews.com.br\/wp-content\/uploads\/2023\/01\/Meu-INSS-foto-Gov-BR-300x174.webp 300w, https:\/\/www.redebrasilnews.com.br\/wp-content\/uploads\/2023\/01\/Meu-INSS-foto-Gov-BR-1024x595.webp 1024w, https:\/\/www.redebrasilnews.com.br\/wp-content\/uploads\/2023\/01\/Meu-INSS-foto-Gov-BR-768x446.webp 768w, https:\/\/www.redebrasilnews.com.br\/wp-content\/uploads\/2023\/01\/Meu-INSS-foto-Gov-BR-150x87.webp 150w, https:\/\/www.redebrasilnews.com.br\/wp-content\/uploads\/2023\/01\/Meu-INSS-foto-Gov-BR-696x404.webp 696w, https:\/\/www.redebrasilnews.com.br\/wp-content\/uploads\/2023\/01\/Meu-INSS-foto-Gov-BR.webp 1200w\" class=\"extendsBeyondTextColumn\"><br><br>Valor adicional do INSS \u2013 Quem dos benefici\u00e1rios pode receber esse b\u00f4nus adicional? Esta semana, Carlos Lopi, o novo ministro da Seguran\u00e7a Social, fez uma importante declara\u00e7\u00e3o sobre um benef\u00edcio adicional que poderia ser pago a milhares de benefici\u00e1rios municipais. Vov\u00f3, como esperado, deixou muita gente otimista! Esse valor adicional \u00e9 realmente certo?<br>A quest\u00e3o mais importante diz respeito ao grupo de benefici\u00e1rios que poder\u00e3o garantir o acesso a este pagamento adicional. Hoje, cerca de 36 milh\u00f5es de brasileiros recebem mensalidades do INSS, desde aposentadoria at\u00e9 aposentadorias, e tamb\u00e9m por meio de benef\u00edcios e assist\u00eancia ao trabalho. Pensando nisso, confira tudo o que voc\u00ea precisa saber sobre o valor extra para o INSS e quem pode obt\u00ea-lo.<br><strong>Saiba mais sobre os benef\u00edcios do INSS!<\/strong><br>Como mencionado anteriormente, cerca de 36 milh\u00f5es de brasileiros recebem pagamentos do INSS.<br>Nesse grupo, quase 20 milh\u00f5es de benefici\u00e1rios se aposentaram (seja por invalidez, idade ou tempo de servi\u00e7o). Os outros 16 milh\u00f5es de segurados garantem o acesso a outros pagamentos das autoridades locais, como pens\u00e3o por morte, assist\u00eancia prisional e benef\u00edcios cont\u00ednuos.<br><br><br>Cabe ressaltar que a reforma da Previd\u00eancia alterou diversos aspectos da concess\u00e3o desses benef\u00edcios. Devido \u00e0 aposentadoria, o c\u00e1lculo da aposentadoria muda, por exemplo, a cada ano. Por isso, \u00e9 muito importante observar as regras antes de solicitar qualquer benef\u00edcio.<br><strong>Ministro da Previd\u00eancia anuncia quantia extra do INSS!<\/strong><br>Carlos Lupi, ministro da Previd\u00eancia do governo Lula, iniciou o m\u00eas de mar\u00e7o fazendo uma declara\u00e7\u00e3o que incentivou diversos benefici\u00e1rios do Instituto Nacional do Seguro Social.<br>Em recente coletiva de imprensa, Luppi disse que a nova administra\u00e7\u00e3o do munic\u00edpio deve em breve propor a cria\u00e7\u00e3o de um 13\u00ba sal\u00e1rio permanente em favor do Benef\u00edcio Continuado (BPC). Afinal, ao contr\u00e1rio dos pensionistas e pensionistas, os benefici\u00e1rios do BPC ainda n\u00e3o recebem horas extraordin\u00e1rias.<br>A raz\u00e3o \u00e9 muito simples: um benef\u00edcio cont\u00ednuo \u00e9 um programa de bem-estar, n\u00e3o a previd\u00eancia social. No entanto, tudo pode mudar com o an\u00fancio do ministro. Para quem n\u00e3o sabe, o benef\u00edcio continuado, tamb\u00e9m conhecido como BPC, est\u00e1 consagrado na Lei Org\u00e2nica da Assist\u00eancia Social (LOAS).<br><br><br><br><br><strong>Quem pode se beneficiar da poupan\u00e7a cont\u00ednua?<\/strong><br>De acordo com a Lei Org\u00e2nica da Assist\u00eancia Social, o BPC destina-se exclusivamente a dois grupos de cidad\u00e3os: os idosos e as pessoas com defici\u00eancia (PCDs).<br>No entanto, n\u00e3o basta ter mais de 60 anos ou alguma defici\u00eancia para receber um BPC. As partes interessadas tamb\u00e9m precisam atender a outros crit\u00e9rios. Veja abaixo cada um deles:<br><strong>Idosos:<\/strong> Devem ter 65 anos de idade ou mais, ter uma renda igual ou inferior a 1\/4 do sal\u00e1rio m\u00ednimo e n\u00e3o receber outros benef\u00edcios da Previd\u00eancia Social (como aposentadoria). O registro ativo no cad\u00fanico tamb\u00e9m \u00e9 necess\u00e1rio para a concess\u00e3o de direitos;<br><strong>Pessoas com defici\u00eancia:<\/strong> podem ser de qualquer idade. No entanto, a defici\u00eancia deve ser constatada por meio de laudo m\u00e9dico e causar obst\u00e1culos de natureza f\u00edsica, mental, intelectual ou sensorial de longo prazo (em per\u00edodos superiores a 2 anos), que \u201cimpossibilitem a participa\u00e7\u00e3o plena e efetiva na sociedade, em igualdade de condi\u00e7\u00f5es com os demais\u201d, segundo o site oficial do Governo Federal.<br><br><br>Independentemente do grupo de benefici\u00e1rios, os pagamentos do BPC equivalem a 1 sal\u00e1rio m\u00ednimo mensal.<br><strong>A Quantia do INSS est\u00e1 confirmada?<\/strong><br>Agora n\u00e3o! At\u00e9 agora, o ministro Carlos Loppe disse apenas que o Instituto Nacional do Seguro Social pretende estabelecer o sal\u00e1rio 13 para os segurados de benef\u00edcio continuado, mas n\u00e3o disse se o benef\u00edcio adicional \u00e9 certo, ou quando ser\u00e1 implementado.<br>Caso a novidade j\u00e1 tenha sido realizada, o d\u00e9cimo terceiro sal\u00e1rio do BPC deve ser depositado no final do ano, juntamente com outros sal\u00e1rios adicionais do munic\u00edpio.<br><strong>Ministro tamb\u00e9m d\u00e1 m\u00e1s not\u00edcias aos benefici\u00e1rios<\/strong><br>Al\u00e9m da grande not\u00edcia para os benefici\u00e1rios do BPC, o ministro Carlos Loppe deu m\u00e1s not\u00edcias a todos os titulares de ap\u00f3lices previdenci\u00e1rias.<br>Segundo o ministro, infelizmente, o d\u00e9cimo quarto sal\u00e1rio do Instituto Nacional da Seguran\u00e7a Social n\u00e3o ser\u00e1 pago em 2023.<br>\u201c14 \u00e9 mais dif\u00edcil porque \u00e9 um peso muito alto. Eu n\u00e3o posso segurar o c\u00e9u em minhas m\u00e3os. Tenho uma realidade muito dif\u00edcil. N\u00e3o podemos fazer tudo ao mesmo tempo porque o governo n\u00e3o pode pagar.\u201d<br>A proposta de cria\u00e7\u00e3o desse d\u00e9cimo quarto sal\u00e1rio est\u00e1 no Congresso desde 2020. Este ano, o pagamento de horas extraordin\u00e1rias n\u00e3o pode ser concedido, uma vez que representa uma parte muito grande do or\u00e7amento do Governo.<br>Ainda h\u00e1 a possibilidade de implementar o sal\u00e1rio 14 do INSS nos pr\u00f3ximos anos, mas isso ainda n\u00e3o foi confirmado.<br>Al\u00e9m do valor adicional para o INSS, o ministro emite an\u00fancios importantes. Junto com o valor adicional do INSS, que poder\u00e1 estar \u00e0 disposi\u00e7\u00e3o dos benefici\u00e1rios do BPC, o ministro da Previd\u00eancia Social, desta vez em reuni\u00e3o com o ministro do Desenvolvimento, Assist\u00eancia Social, Fam\u00edlia e Combate \u00e0 Fome, emitiu importantes comunicados sobre o benef\u00edcio da poupan\u00e7a continuada.<br>Atrav\u00e9s desta reuni\u00e3o, os dois minist\u00e9rios pretendem reduzir as filas de entrega de pr\u00e9mios e aumentar o n\u00famero de benefici\u00e1rios.<br>\u201cO Minist\u00e9rio da Previd\u00eancia Social tem um trabalho social que cuida de pessoas que n\u00e3o podem trabalhar, mas precisam de renda para sobreviver. Estamos integrando equipes para encontrar solu\u00e7\u00f5es, reduzindo filas dos dois lados, com mais seguran\u00e7a na \u00e1rea do BPC, com melhores resultados e efici\u00eancia\u201d, disse Wellington Dias, ministro do Desenvolvimento Social.<br>Segundo Carlos Lupi, o trabalho interministerial, secretarias e \u00f3rg\u00e3os governamentais devem trazer grandes novidades para quem recebe o BPC.<br>\u201cTenho muita confian\u00e7a no trabalho conjunto da Previd\u00eancia, Caixa Econ\u00f4mica, Dataprev e MDS, para melhorar e agilizar o atendimento do BPC. Vamos fazer parcerias para ajudar uns aos outros, e o maior benefici\u00e1rio de tudo isso \u00e9 a popula\u00e7\u00e3o brasileira. Queremos atender melhor quem precisa do Estado, da inclus\u00e3o social e da cidadania\u201d, disse o ministro.<br>Ainda tem d\u00favidas sobre o d\u00e9cimo terceiro do BPC, o valor adicional do INSS e outros aspectos dos benef\u00edcios? Resolver todas as quest\u00f5es no site oficial do Minist\u00e9rio da Seguran\u00e7a Social: https:\/\/www.gov.br\/previdencia.<\/figcaption><\/figure>\n","protected":false},"excerpt":{"rendered":"","protected":false},"author":1,"featured_media":0,"comment_status":"open","ping_status":"open","sticky":false,"template":"","format":"standard","meta":{"site-sidebar-layout":"default","site-content-layout":"","ast-site-content-layout":"default","site-content-style":"default","site-sidebar-style":"default","ast-global-header-display":"","ast-banner-title-visibility":"","ast-main-header-display":"","ast-hfb-above-header-display":"","ast-hfb-below-header-display":"","ast-hfb-mobile-header-display":"","site-post-title":"","ast-breadcrumbs-content":"","ast-featured-img":"","footer-sml-layout":"","ast-disable-related-posts":"","theme-transparent-header-meta":"","adv-header-id-meta":"","stick-header-meta":"","header-above-stick-meta":"","header-main-stick-meta":"","header-below-stick-meta":"","astra-migrate-meta-layouts":"default","ast-page-background-enabled":"default","ast-page-background-meta":{"desktop":{"background-color":"var(--ast-global-color-4)","background-image":"","background-repeat":"repeat","background-position":"center center","background-size":"auto","background-attachment":"scroll","background-type":"","background-media":"","overlay-type":"","overlay-color":"","overlay-opacity":"","overlay-gradient":""},"tablet":{"background-color":"","background-image":"","background-repeat":"repeat","background-position":"center center","background-size":"auto","background-attachment":"scroll","background-type":"","background-media":"","overlay-type":"","overlay-color":"","overlay-opacity":"","overlay-gradient":""},"mobile":{"background-color":"","background-image":"","background-repeat":"repeat","background-position":"center center","background-size":"auto","background-attachment":"scroll","background-type":"","background-media":"","overlay-type":"","overlay-color":"","overlay-opacity":"","overlay-gradient":""}},"ast-content-background-meta":{"desktop":{"background-color":"var(--ast-global-color-5)","background-image":"","background-repeat":"repeat","background-position":"center center","background-size":"auto","background-attachment":"scroll","background-type":"","background-media":"","overlay-type":"","overlay-color":"","overlay-opacity":"","overlay-gradient":""},"tablet":{"background-color":"var(--ast-global-color-5)","background-image":"","background-repeat":"repeat","background-position":"center center","background-size":"auto","background-attachment":"scroll","background-type":"","background-media":"","overlay-type":"","overlay-color":"","overlay-opacity":"","overlay-gradient":""},"mobile":{"background-color":"var(--ast-global-color-5)","background-image":"","background-repeat":"repeat","background-position":"center center","background-size":"auto","background-attachment":"scroll","background-type":"","background-media":"","overlay-type":"","overlay-color":"","overlay-opacity":"","overlay-gradient":""}},"footnotes":""},"categories":[517],"tags":[2685,2188,2229,22,199,2686],"class_list":["post-15120","post","type-post","status-publish","format-standard","hentry","category-aconteceu","tag-beneficiarios","tag-inss","tag-noticas-do-face","tag-noticias-no-face","tag-noticiasnoface","tag-valor-adicional"],"_links":{"self":[{"href":"https:\/\/noticiasnoface.com.br\/index.php\/wp-json\/wp\/v2\/posts\/15120","targetHints":{"allow":["GET"]}}],"collection":[{"href":"https:\/\/noticiasnoface.com.br\/index.php\/wp-json\/wp\/v2\/posts"}],"about":[{"href":"https:\/\/noticiasnoface.com.br\/index.php\/wp-json\/wp\/v2\/types\/post"}],"author":[{"embeddable":true,"href":"https:\/\/noticiasnoface.com.br\/index.php\/wp-json\/wp\/v2\/users\/1"}],"replies":[{"embeddable":true,"href":"https:\/\/noticiasnoface.com.br\/index.php\/wp-json\/wp\/v2\/comments?post=15120"}],"version-history":[{"count":1,"href":"https:\/\/noticiasnoface.com.br\/index.php\/wp-json\/wp\/v2\/posts\/15120\/revisions"}],"predecessor-version":[{"id":15121,"href":"https:\/\/noticiasnoface.com.br\/index.php\/wp-json\/wp\/v2\/posts\/15120\/revisions\/15121"}],"wp:attachment":[{"href":"https:\/\/noticiasnoface.com.br\/index.php\/wp-json\/wp\/v2\/media?parent=15120"}],"wp:term":[{"taxonomy":"category","embeddable":true,"href":"https:\/\/noticiasnoface.com.br\/index.php\/wp-json\/wp\/v2\/categories?post=15120"},{"taxonomy":"post_tag","embeddable":true,"href":"https:\/\/noticiasnoface.com.br\/index.php\/wp-json\/wp\/v2\/tags?post=15120"}],"curies":[{"name":"wp","href":"https:\/\/api.w.org\/{rel}","templated":true}]}}