{"id":15124,"date":"2023-03-10T10:49:49","date_gmt":"2023-03-10T13:49:49","guid":{"rendered":"https:\/\/noticiasnoface.com.br\/?p=15124"},"modified":"2023-03-10T10:54:29","modified_gmt":"2023-03-10T13:54:29","slug":"a-quem-interessa-atacar-wellinson-ribeiro","status":"publish","type":"post","link":"https:\/\/noticiasnoface.com.br\/index.php\/2023\/03\/10\/a-quem-interessa-atacar-wellinson-ribeiro\/","title":{"rendered":"A quem interessa atacar Wellinson Ribeiro?"},"content":{"rendered":"\n<figure class=\"wp-block-image size-large\"><img data-opt-id=729957341  fetchpriority=\"high\" decoding=\"async\" width=\"1024\" height=\"921\" src=\"https:\/\/mlbfrsat7ahr.i.optimole.com\/w:1024\/h:921\/q:mauto\/ig:avif\/https:\/\/noticiasnoface.com.br\/wp-content\/uploads\/2023\/03\/img_2962.jpg\" alt=\"\" class=\"wp-image-15123\" srcset=\"https:\/\/mlbfrsat7ahr.i.optimole.com\/w:1024\/h:921\/q:mauto\/ig:avif\/https:\/\/noticiasnoface.com.br\/wp-content\/uploads\/2023\/03\/img_2962.jpg 1024w, https:\/\/mlbfrsat7ahr.i.optimole.com\/w:300\/h:270\/q:mauto\/ig:avif\/https:\/\/noticiasnoface.com.br\/wp-content\/uploads\/2023\/03\/img_2962.jpg 300w, https:\/\/mlbfrsat7ahr.i.optimole.com\/w:768\/h:691\/q:mauto\/ig:avif\/https:\/\/noticiasnoface.com.br\/wp-content\/uploads\/2023\/03\/img_2962.jpg 768w, https:\/\/mlbfrsat7ahr.i.optimole.com\/w:1200\/h:1080\/q:mauto\/ig:avif\/https:\/\/noticiasnoface.com.br\/wp-content\/uploads\/2023\/03\/img_2962.jpg 1242w\" sizes=\"(max-width: 1000px) 100vw, 1000px\" \/><figcaption class=\"wp-element-caption\"> O empres\u00e1rio e ex-prefeito de Canguaretama, Wellinson Ribeiro, emitiu uma nota de esclarecimento ap\u00f3s a den\u00fancia apresentada pela Pol\u00edcia Federal nesta ter\u00e7a-feira (7), que investiga um caso de licita\u00e7\u00e3o indevida na Prefeitura daquele munic\u00edpio, na qual desconhece os fatos que s\u00e3o ligados \u00e0 sua pessoa.<br \/>Wellinson refor\u00e7ou que n\u00e3o possui qualquer liga\u00e7\u00e3o e favorecimento com a empresa alvo nas investiga\u00e7\u00f5es e reiterou o pedido, por meio de sua assessoria jur\u00eddica, de mais detalhes sobre o caso para a apresenta\u00e7\u00e3o de sua defesa \u00e0 Justi\u00e7a.<br \/>Nota de Esclarecimento<br \/>Fui surpreendido nesta ter\u00e7a-feira (7) com a abertura de um inqu\u00e9rito colocando meu nome entre os denunciados por algo que desconhe\u00e7o os fatos, e qualquer favorecimento \u00e0 empresa citada, muito menos por recebimento de valores. N\u00e3o tenho nenhum tipo de relacionamento com o alvo da empresa citada e n\u00e3o compactuo com casos dessa natureza.<br \/>Por meio de nossa assessoria jur\u00eddica, houve a solicita\u00e7\u00e3o das informa\u00e7\u00f5es para nossa defesa e presta\u00e7\u00e3o dos devidos esclarecimentos.<br \/>Atenciosamente,<br \/>Wellinson Ribeiro (VIA BLOG GUSTAVO NEGREIROS)<\/figcaption><\/figure>\n\n\n\n<figure class=\"wp-block-image size-large\"><img data-opt-id=976482415  fetchpriority=\"high\" decoding=\"async\" width=\"1024\" height=\"1024\" src=\"https:\/\/mlbfrsat7ahr.i.optimole.com\/w:1024\/h:1024\/q:mauto\/ig:avif\/https:\/\/noticiasnoface.com.br\/wp-content\/uploads\/2023\/03\/img_2959.jpg\" alt=\"\" class=\"wp-image-15126\" srcset=\"https:\/\/mlbfrsat7ahr.i.optimole.com\/w:1024\/h:1024\/q:mauto\/ig:avif\/https:\/\/noticiasnoface.com.br\/wp-content\/uploads\/2023\/03\/img_2959.jpg 1024w, https:\/\/mlbfrsat7ahr.i.optimole.com\/w:300\/h:300\/q:mauto\/ig:avif\/https:\/\/noticiasnoface.com.br\/wp-content\/uploads\/2023\/03\/img_2959.jpg 300w, https:\/\/mlbfrsat7ahr.i.optimole.com\/w:150\/h:150\/q:mauto\/ig:avif\/https:\/\/noticiasnoface.com.br\/wp-content\/uploads\/2023\/03\/img_2959.jpg 150w, https:\/\/mlbfrsat7ahr.i.optimole.com\/w:768\/h:768\/q:mauto\/ig:avif\/https:\/\/noticiasnoface.com.br\/wp-content\/uploads\/2023\/03\/img_2959.jpg 768w, https:\/\/mlbfrsat7ahr.i.optimole.com\/w:600\/h:600\/q:mauto\/ig:avif\/https:\/\/noticiasnoface.com.br\/wp-content\/uploads\/2023\/03\/img_2959.jpg 600w, https:\/\/mlbfrsat7ahr.i.optimole.com\/w:1080\/h:1080\/q:mauto\/ig:avif\/https:\/\/noticiasnoface.com.br\/wp-content\/uploads\/2023\/03\/img_2959.jpg 1080w\" sizes=\"(max-width: 1000px) 100vw, 1000px\" \/><figcaption class=\"wp-element-caption\">Segue nota de esclarecimento do ex-prefeito Wellinson Ribeiro <\/figcaption><\/figure>\n\n\n\n<p><\/p>\n","protected":false},"excerpt":{"rendered":"","protected":false},"author":1,"featured_media":0,"comment_status":"open","ping_status":"open","sticky":false,"template":"","format":"standard","meta":{"site-sidebar-layout":"default","site-content-layout":"","ast-site-content-layout":"default","site-content-style":"default","site-sidebar-style":"default","ast-global-header-display":"","ast-banner-title-visibility":"","ast-main-header-display":"","ast-hfb-above-header-display":"","ast-hfb-below-header-display":"","ast-hfb-mobile-header-display":"","site-post-title":"","ast-breadcrumbs-content":"","ast-featured-img":"","footer-sml-layout":"","ast-disable-related-posts":"","theme-transparent-header-meta":"","adv-header-id-meta":"","stick-header-meta":"","header-above-stick-meta":"","header-main-stick-meta":"","header-below-stick-meta":"","astra-migrate-meta-layouts":"default","ast-page-background-enabled":"default","ast-page-background-meta":{"desktop":{"background-color":"var(--ast-global-color-4)","background-image":"","background-repeat":"repeat","background-position":"center center","background-size":"auto","background-attachment":"scroll","background-type":"","background-media":"","overlay-type":"","overlay-color":"","overlay-opacity":"","overlay-gradient":""},"tablet":{"background-color":"","background-image":"","background-repeat":"repeat","background-position":"center center","background-size":"auto","background-attachment":"scroll","background-type":"","background-media":"","overlay-type":"","overlay-color":"","overlay-opacity":"","overlay-gradient":""},"mobile":{"background-color":"","background-image":"","background-repeat":"repeat","background-position":"center center","background-size":"auto","background-attachment":"scroll","background-type":"","background-media":"","overlay-type":"","overlay-color":"","overlay-opacity":"","overlay-gradient":""}},"ast-content-background-meta":{"desktop":{"background-color":"var(--ast-global-color-5)","background-image":"","background-repeat":"repeat","background-position":"center center","background-size":"auto","background-attachment":"scroll","background-type":"","background-media":"","overlay-type":"","overlay-color":"","overlay-opacity":"","overlay-gradient":""},"tablet":{"background-color":"var(--ast-global-color-5)","background-image":"","background-repeat":"repeat","background-position":"center center","background-size":"auto","background-attachment":"scroll","background-type":"","background-media":"","overlay-type":"","overlay-color":"","overlay-opacity":"","overlay-gradient":""},"mobile":{"background-color":"var(--ast-global-color-5)","background-image":"","background-repeat":"repeat","background-position":"center center","background-size":"auto","background-attachment":"scroll","background-type":"","background-media":"","overlay-type":"","overlay-color":"","overlay-opacity":"","overlay-gradient":""}},"footnotes":""},"categories":[517],"tags":[1719,2229,22,199,2687],"class_list":["post-15124","post","type-post","status-publish","format-standard","hentry","category-aconteceu","tag-canguaretama","tag-noticas-do-face","tag-noticias-no-face","tag-noticiasnoface","tag-wellinson-ribeiro"],"_links":{"self":[{"href":"https:\/\/noticiasnoface.com.br\/index.php\/wp-json\/wp\/v2\/posts\/15124","targetHints":{"allow":["GET"]}}],"collection":[{"href":"https:\/\/noticiasnoface.com.br\/index.php\/wp-json\/wp\/v2\/posts"}],"about":[{"href":"https:\/\/noticiasnoface.com.br\/index.php\/wp-json\/wp\/v2\/types\/post"}],"author":[{"embeddable":true,"href":"https:\/\/noticiasnoface.com.br\/index.php\/wp-json\/wp\/v2\/users\/1"}],"replies":[{"embeddable":true,"href":"https:\/\/noticiasnoface.com.br\/index.php\/wp-json\/wp\/v2\/comments?post=15124"}],"version-history":[{"count":3,"href":"https:\/\/noticiasnoface.com.br\/index.php\/wp-json\/wp\/v2\/posts\/15124\/revisions"}],"predecessor-version":[{"id":15128,"href":"https:\/\/noticiasnoface.com.br\/index.php\/wp-json\/wp\/v2\/posts\/15124\/revisions\/15128"}],"wp:attachment":[{"href":"https:\/\/noticiasnoface.com.br\/index.php\/wp-json\/wp\/v2\/media?parent=15124"}],"wp:term":[{"taxonomy":"category","embeddable":true,"href":"https:\/\/noticiasnoface.com.br\/index.php\/wp-json\/wp\/v2\/categories?post=15124"},{"taxonomy":"post_tag","embeddable":true,"href":"https:\/\/noticiasnoface.com.br\/index.php\/wp-json\/wp\/v2\/tags?post=15124"}],"curies":[{"name":"wp","href":"https:\/\/api.w.org\/{rel}","templated":true}]}}