{"id":15136,"date":"2023-03-11T06:22:52","date_gmt":"2023-03-11T09:22:52","guid":{"rendered":"https:\/\/noticiasnoface.com.br\/?p=15136"},"modified":"2023-03-11T06:27:08","modified_gmt":"2023-03-11T09:27:08","slug":"dono-de-pitbull-que-atacou-labrador-foi-intimado-a-depor","status":"publish","type":"post","link":"https:\/\/noticiasnoface.com.br\/index.php\/2023\/03\/11\/dono-de-pitbull-que-atacou-labrador-foi-intimado-a-depor\/","title":{"rendered":"Dono de Pitbull que atacou labrador em Natal foi intimado a depor"},"content":{"rendered":"\n<figure class=\"wp-block-image size-large\"><img data-opt-id=865968568  fetchpriority=\"high\" decoding=\"async\" width=\"1024\" height=\"769\" src=\"https:\/\/mlbfrsat7ahr.i.optimole.com\/w:1024\/h:769\/q:mauto\/ig:avif\/https:\/\/noticiasnoface.com.br\/wp-content\/uploads\/2023\/03\/img_2992.jpg\" alt=\"\" class=\"wp-image-15135\" srcset=\"https:\/\/mlbfrsat7ahr.i.optimole.com\/w:1024\/h:769\/q:mauto\/ig:avif\/https:\/\/noticiasnoface.com.br\/wp-content\/uploads\/2023\/03\/img_2992.jpg 1024w, https:\/\/mlbfrsat7ahr.i.optimole.com\/w:300\/h:225\/q:mauto\/ig:avif\/https:\/\/noticiasnoface.com.br\/wp-content\/uploads\/2023\/03\/img_2992.jpg 300w, https:\/\/mlbfrsat7ahr.i.optimole.com\/w:768\/h:577\/q:mauto\/ig:avif\/https:\/\/noticiasnoface.com.br\/wp-content\/uploads\/2023\/03\/img_2992.jpg 768w, https:\/\/mlbfrsat7ahr.i.optimole.com\/w:1242\/h:933\/q:mauto\/ig:avif\/https:\/\/noticiasnoface.com.br\/wp-content\/uploads\/2023\/03\/img_2992.jpg 1242w\" sizes=\"(max-width: 1000px) 100vw, 1000px\" \/><figcaption class=\"wp-element-caption\">O tutor de um c\u00e3o da ra\u00e7a pitbull que atacou um labrador no bairro de Candel\u00e1ria, zona Sul de Natal, vai prestar depoimento na Delegacia Especializada em Prote\u00e7\u00e3o ao Meio Ambiente (Deprema). Ele ser\u00e1 intimado pela Pol\u00edcia Civil para depor na pr\u00f3xima semana.<br \/>O caso foi gravado por c\u00e2meras de seguran\u00e7a e viralizou nas redes sociais. O vereador Robson Carvalho, que denunciou a\u00e7\u00e3o \u00e0 pol\u00edcia, alega que o tutor do pitbull instigou o ataque ao outro cachorro.<br \/>As imagens tamb\u00e9m mostram que outras pessoas que estavam na rua durante o ataque cobraram a\u00e7\u00e3o do tutor para conseguir libertar o cachorro que havia sido atacado. O caso aconteceu nessa quinta-feira (9).<br \/>Ap\u00f3s o ataque, o labrador foi levado a uma cl\u00ednica veterin\u00e1ria, onde est\u00e1 recebendo cuidados e est\u00e1 fora de perigo. O cachorro perdeu parte da orelha.<br \/><a href=\"http:\/\/www.tribunadonorte.com.br\/noticia\/tutor-de-pitbull-que-atacou-labrador-em-natal-sera-intimado-a-depor\/559638\" target=\"_blank\" rel=\"noopener\">Tribuna do Norte<\/a><\/figcaption><\/figure>\n","protected":false},"excerpt":{"rendered":"","protected":false},"author":1,"featured_media":0,"comment_status":"open","ping_status":"open","sticky":false,"template":"","format":"standard","meta":{"site-sidebar-layout":"default","site-content-layout":"","ast-site-content-layout":"default","site-content-style":"default","site-sidebar-style":"default","ast-global-header-display":"","ast-banner-title-visibility":"","ast-main-header-display":"","ast-hfb-above-header-display":"","ast-hfb-below-header-display":"","ast-hfb-mobile-header-display":"","site-post-title":"","ast-breadcrumbs-content":"","ast-featured-img":"","footer-sml-layout":"","ast-disable-related-posts":"","theme-transparent-header-meta":"","adv-header-id-meta":"","stick-header-meta":"","header-above-stick-meta":"","header-main-stick-meta":"","header-below-stick-meta":"","astra-migrate-meta-layouts":"default","ast-page-background-enabled":"default","ast-page-background-meta":{"desktop":{"background-color":"var(--ast-global-color-4)","background-image":"","background-repeat":"repeat","background-position":"center center","background-size":"auto","background-attachment":"scroll","background-type":"","background-media":"","overlay-type":"","overlay-color":"","overlay-opacity":"","overlay-gradient":""},"tablet":{"background-color":"","background-image":"","background-repeat":"repeat","background-position":"center center","background-size":"auto","background-attachment":"scroll","background-type":"","background-media":"","overlay-type":"","overlay-color":"","overlay-opacity":"","overlay-gradient":""},"mobile":{"background-color":"","background-image":"","background-repeat":"repeat","background-position":"center center","background-size":"auto","background-attachment":"scroll","background-type":"","background-media":"","overlay-type":"","overlay-color":"","overlay-opacity":"","overlay-gradient":""}},"ast-content-background-meta":{"desktop":{"background-color":"var(--ast-global-color-5)","background-image":"","background-repeat":"repeat","background-position":"center center","background-size":"auto","background-attachment":"scroll","background-type":"","background-media":"","overlay-type":"","overlay-color":"","overlay-opacity":"","overlay-gradient":""},"tablet":{"background-color":"var(--ast-global-color-5)","background-image":"","background-repeat":"repeat","background-position":"center center","background-size":"auto","background-attachment":"scroll","background-type":"","background-media":"","overlay-type":"","overlay-color":"","overlay-opacity":"","overlay-gradient":""},"mobile":{"background-color":"var(--ast-global-color-5)","background-image":"","background-repeat":"repeat","background-position":"center center","background-size":"auto","background-attachment":"scroll","background-type":"","background-media":"","overlay-type":"","overlay-color":"","overlay-opacity":"","overlay-gradient":""}},"footnotes":""},"categories":[517],"tags":[2689,2690,2229,2236,199,594],"class_list":["post-15136","post","type-post","status-publish","format-standard","hentry","category-aconteceu","tag-atacou-labrador","tag-depor","tag-noticas-do-face","tag-noticas-no-face","tag-noticiasnoface","tag-pitbull"],"_links":{"self":[{"href":"https:\/\/noticiasnoface.com.br\/index.php\/wp-json\/wp\/v2\/posts\/15136","targetHints":{"allow":["GET"]}}],"collection":[{"href":"https:\/\/noticiasnoface.com.br\/index.php\/wp-json\/wp\/v2\/posts"}],"about":[{"href":"https:\/\/noticiasnoface.com.br\/index.php\/wp-json\/wp\/v2\/types\/post"}],"author":[{"embeddable":true,"href":"https:\/\/noticiasnoface.com.br\/index.php\/wp-json\/wp\/v2\/users\/1"}],"replies":[{"embeddable":true,"href":"https:\/\/noticiasnoface.com.br\/index.php\/wp-json\/wp\/v2\/comments?post=15136"}],"version-history":[{"count":2,"href":"https:\/\/noticiasnoface.com.br\/index.php\/wp-json\/wp\/v2\/posts\/15136\/revisions"}],"predecessor-version":[{"id":15138,"href":"https:\/\/noticiasnoface.com.br\/index.php\/wp-json\/wp\/v2\/posts\/15136\/revisions\/15138"}],"wp:attachment":[{"href":"https:\/\/noticiasnoface.com.br\/index.php\/wp-json\/wp\/v2\/media?parent=15136"}],"wp:term":[{"taxonomy":"category","embeddable":true,"href":"https:\/\/noticiasnoface.com.br\/index.php\/wp-json\/wp\/v2\/categories?post=15136"},{"taxonomy":"post_tag","embeddable":true,"href":"https:\/\/noticiasnoface.com.br\/index.php\/wp-json\/wp\/v2\/tags?post=15136"}],"curies":[{"name":"wp","href":"https:\/\/api.w.org\/{rel}","templated":true}]}}