{"id":15140,"date":"2023-03-11T06:33:51","date_gmt":"2023-03-11T09:33:51","guid":{"rendered":"https:\/\/noticiasnoface.com.br\/?p=15140"},"modified":"2023-03-11T06:33:52","modified_gmt":"2023-03-11T09:33:52","slug":"governo-lula-bate-recorde-desmatamento-em-fevereiro","status":"publish","type":"post","link":"https:\/\/noticiasnoface.com.br\/index.php\/2023\/03\/11\/governo-lula-bate-recorde-desmatamento-em-fevereiro\/","title":{"rendered":"Governo lula bate recorde desmatamento em fevereiro"},"content":{"rendered":"\n<figure class=\"wp-block-image size-large\"><img data-opt-id=791723480  fetchpriority=\"high\" decoding=\"async\" width=\"1024\" height=\"648\" src=\"https:\/\/mlbfrsat7ahr.i.optimole.com\/w:1024\/h:648\/q:mauto\/ig:avif\/https:\/\/noticiasnoface.com.br\/wp-content\/uploads\/2023\/03\/img_2997.jpg\" class=\"wp-image-15139\" srcset=\"https:\/\/mlbfrsat7ahr.i.optimole.com\/w:1024\/h:648\/q:mauto\/ig:avif\/https:\/\/noticiasnoface.com.br\/wp-content\/uploads\/2023\/03\/img_2997.jpg 1024w, https:\/\/mlbfrsat7ahr.i.optimole.com\/w:300\/h:190\/q:mauto\/ig:avif\/https:\/\/noticiasnoface.com.br\/wp-content\/uploads\/2023\/03\/img_2997.jpg 300w, https:\/\/mlbfrsat7ahr.i.optimole.com\/w:768\/h:486\/q:mauto\/ig:avif\/https:\/\/noticiasnoface.com.br\/wp-content\/uploads\/2023\/03\/img_2997.jpg 768w, https:\/\/mlbfrsat7ahr.i.optimole.com\/w:1242\/h:786\/q:mauto\/ig:avif\/https:\/\/noticiasnoface.com.br\/wp-content\/uploads\/2023\/03\/img_2997.jpg 1242w\" sizes=\"(max-width: 1000px) 100vw, 1000px\" \/><figcaption class=\"wp-element-caption\">O desmatamento na Amaz\u00f4nia e no Cerrado atingiu n\u00edveis recordes em fevereiro, de acordo com dados do Instituto Nacional de Pesquisas Espaciais (Inpe) &#8211; as \u00e1reas sob alerta de desmatamento na &#8216;Amaz\u00f4nia Legal&#8217; subiram para 321,9 km\u00b2, um aumento de 62% em rela\u00e7\u00e3o ao ano passado, o pior \u00edndice para o m\u00eas de fevereiro em toda a s\u00e9rie hist\u00f3rica, iniciada em 2015<br>Dados do Inpe mostram que os estados mais afetados pela perda de vegeta\u00e7\u00e3o na &#8216;Amaz\u00f4nia Legal&#8217;, que corresponde a 59% do territ\u00f3rio brasileiro, foram Mato Grosso (161,8 km\u00b2), Par\u00e1 (46,4 km\u00b2), Amazonas (46,3 km\u00b2) e Roraima (31,1 km\u00b2), este \u00faltimo abrigando a maior parte da Terra Ind\u00edgena Yanomami &#8211; o Acre e o Maranh\u00e3o tiveram aproximadamente 4 km\u00b2 sob alerta, cada<br><\/figcaption><\/figure>\n","protected":false},"excerpt":{"rendered":"","protected":false},"author":1,"featured_media":0,"comment_status":"open","ping_status":"open","sticky":false,"template":"","format":"standard","meta":{"site-sidebar-layout":"default","site-content-layout":"","ast-site-content-layout":"default","site-content-style":"default","site-sidebar-style":"default","ast-global-header-display":"","ast-banner-title-visibility":"","ast-main-header-display":"","ast-hfb-above-header-display":"","ast-hfb-below-header-display":"","ast-hfb-mobile-header-display":"","site-post-title":"","ast-breadcrumbs-content":"","ast-featured-img":"","footer-sml-layout":"","ast-disable-related-posts":"","theme-transparent-header-meta":"","adv-header-id-meta":"","stick-header-meta":"","header-above-stick-meta":"","header-main-stick-meta":"","header-below-stick-meta":"","astra-migrate-meta-layouts":"default","ast-page-background-enabled":"default","ast-page-background-meta":{"desktop":{"background-color":"var(--ast-global-color-4)","background-image":"","background-repeat":"repeat","background-position":"center center","background-size":"auto","background-attachment":"scroll","background-type":"","background-media":"","overlay-type":"","overlay-color":"","overlay-opacity":"","overlay-gradient":""},"tablet":{"background-color":"","background-image":"","background-repeat":"repeat","background-position":"center center","background-size":"auto","background-attachment":"scroll","background-type":"","background-media":"","overlay-type":"","overlay-color":"","overlay-opacity":"","overlay-gradient":""},"mobile":{"background-color":"","background-image":"","background-repeat":"repeat","background-position":"center center","background-size":"auto","background-attachment":"scroll","background-type":"","background-media":"","overlay-type":"","overlay-color":"","overlay-opacity":"","overlay-gradient":""}},"ast-content-background-meta":{"desktop":{"background-color":"var(--ast-global-color-5)","background-image":"","background-repeat":"repeat","background-position":"center center","background-size":"auto","background-attachment":"scroll","background-type":"","background-media":"","overlay-type":"","overlay-color":"","overlay-opacity":"","overlay-gradient":""},"tablet":{"background-color":"var(--ast-global-color-5)","background-image":"","background-repeat":"repeat","background-position":"center center","background-size":"auto","background-attachment":"scroll","background-type":"","background-media":"","overlay-type":"","overlay-color":"","overlay-opacity":"","overlay-gradient":""},"mobile":{"background-color":"var(--ast-global-color-5)","background-image":"","background-repeat":"repeat","background-position":"center center","background-size":"auto","background-attachment":"scroll","background-type":"","background-media":"","overlay-type":"","overlay-color":"","overlay-opacity":"","overlay-gradient":""}},"footnotes":""},"categories":[517],"tags":[2643,2281,2229,2236,199,996],"class_list":["post-15140","post","type-post","status-publish","format-standard","hentry","category-aconteceu","tag-desmatamento","tag-governo-lula","tag-noticas-do-face","tag-noticas-no-face","tag-noticiasnoface","tag-recorde"],"_links":{"self":[{"href":"https:\/\/noticiasnoface.com.br\/index.php\/wp-json\/wp\/v2\/posts\/15140","targetHints":{"allow":["GET"]}}],"collection":[{"href":"https:\/\/noticiasnoface.com.br\/index.php\/wp-json\/wp\/v2\/posts"}],"about":[{"href":"https:\/\/noticiasnoface.com.br\/index.php\/wp-json\/wp\/v2\/types\/post"}],"author":[{"embeddable":true,"href":"https:\/\/noticiasnoface.com.br\/index.php\/wp-json\/wp\/v2\/users\/1"}],"replies":[{"embeddable":true,"href":"https:\/\/noticiasnoface.com.br\/index.php\/wp-json\/wp\/v2\/comments?post=15140"}],"version-history":[{"count":1,"href":"https:\/\/noticiasnoface.com.br\/index.php\/wp-json\/wp\/v2\/posts\/15140\/revisions"}],"predecessor-version":[{"id":15141,"href":"https:\/\/noticiasnoface.com.br\/index.php\/wp-json\/wp\/v2\/posts\/15140\/revisions\/15141"}],"wp:attachment":[{"href":"https:\/\/noticiasnoface.com.br\/index.php\/wp-json\/wp\/v2\/media?parent=15140"}],"wp:term":[{"taxonomy":"category","embeddable":true,"href":"https:\/\/noticiasnoface.com.br\/index.php\/wp-json\/wp\/v2\/categories?post=15140"},{"taxonomy":"post_tag","embeddable":true,"href":"https:\/\/noticiasnoface.com.br\/index.php\/wp-json\/wp\/v2\/tags?post=15140"}],"curies":[{"name":"wp","href":"https:\/\/api.w.org\/{rel}","templated":true}]}}