{"id":15143,"date":"2023-03-11T11:56:12","date_gmt":"2023-03-11T14:56:12","guid":{"rendered":"https:\/\/noticiasnoface.com.br\/?p=15143"},"modified":"2023-03-11T11:56:13","modified_gmt":"2023-03-11T14:56:13","slug":"problemas-nas-lagoas-de-captacao-de-natal-sao-debatidos-em-audiencia-na-camara","status":"publish","type":"post","link":"https:\/\/noticiasnoface.com.br\/index.php\/2023\/03\/11\/problemas-nas-lagoas-de-captacao-de-natal-sao-debatidos-em-audiencia-na-camara\/","title":{"rendered":"Problemas nas lagoas de capta\u00e7\u00e3o de Natal s\u00e3o debatidos em audi\u00eancia na C\u00e2mara"},"content":{"rendered":"\n<figure class=\"wp-block-image size-large\"><img data-opt-id=1701240564  fetchpriority=\"high\" decoding=\"async\" width=\"1024\" height=\"860\" src=\"https:\/\/mlbfrsat7ahr.i.optimole.com\/w:1024\/h:860\/q:mauto\/ig:avif\/https:\/\/noticiasnoface.com.br\/wp-content\/uploads\/2023\/03\/img_3020.jpg\" class=\"wp-image-15142\" srcset=\"https:\/\/mlbfrsat7ahr.i.optimole.com\/w:1024\/h:860\/q:mauto\/ig:avif\/https:\/\/noticiasnoface.com.br\/wp-content\/uploads\/2023\/03\/img_3020.jpg 1024w, https:\/\/mlbfrsat7ahr.i.optimole.com\/w:300\/h:252\/q:mauto\/ig:avif\/https:\/\/noticiasnoface.com.br\/wp-content\/uploads\/2023\/03\/img_3020.jpg 300w, https:\/\/mlbfrsat7ahr.i.optimole.com\/w:768\/h:645\/q:mauto\/ig:avif\/https:\/\/noticiasnoface.com.br\/wp-content\/uploads\/2023\/03\/img_3020.jpg 768w, https:\/\/mlbfrsat7ahr.i.optimole.com\/w:1242\/h:1043\/q:mauto\/ig:avif\/https:\/\/noticiasnoface.com.br\/wp-content\/uploads\/2023\/03\/img_3020.jpg 1242w\" sizes=\"(max-width: 1000px) 100vw, 1000px\" \/><figcaption class=\"wp-element-caption\">Uma audi\u00eancia p\u00fablica realizada pela C\u00e2mara Municipal de Natal nesta sexta-feira (10), debateu com representantes de secretarias municipais, vereadores, populares e lideran\u00e7as comunit\u00e1rias os problemas que ocorrem nas lagoas de capta\u00e7\u00e3o da cidade, especialmente no per\u00edodo chuvoso.<br>&#8220;S\u00e3o problemas recorrentes de d\u00e9cadas deixando todos em alerta por causar caos. Trouxemos as secretarias para cobrar solu\u00e7\u00f5es concretas. \u00c9 vis\u00edvel nas falas dos moradores, que at\u00e9 se exaltam, por n\u00e3o ser f\u00e1cil conviver com o mesmo problema h\u00e1 d\u00e9cadas e muitos at\u00e9 terem preju\u00edzos com alagamentos&#8221;, explicou o vereador Preto Aquino (PSD) propositor da audi\u00eancia.<br>Os vereadores Nivaldo Bacurau (PSB), Milklei Leite (PV) e a vereadora Margarete R\u00e9gia (PROS) tamb\u00e9m participaram das discuss\u00f5es. Os relatos feitos na audi\u00eancia mostraram as dificuldades em todas as regi\u00f5es da cidade. Foram citados ac\u00famulo de lixo, problemas nas bombas, mato, falta de manuten\u00e7\u00e3o e de limpeza, com riscos de transbordamento.<br>Lixo e mato retiram a impermeabilidade das lagoas, comprometendo sua fun\u00e7\u00e3o, segundo o supervisor geral de fiscaliza\u00e7\u00e3o ambiental da Secretaria de Meio Ambiente e Urbanismo (Semurb), Leonardo Almeida. &#8220;O mato cresce devido o lan\u00e7amento irregular de \u00e1gua servida que descarrega nas lagoas pela pr\u00f3pria popula\u00e7\u00e3o. J\u00e1 a deposi\u00e7\u00e3o lixo, inclusive nas vias, chega ao fundo das lagoas impermeabilizando e tirando delas a capacidade filtrar e absorver a \u00e1gua&#8221;, destacou.<br>Para enfrentar o problema, al\u00e9m da conscientiza\u00e7\u00e3o da popula\u00e7\u00e3o, o diretor-presidente interino da Urbana, Joseildes Medeiros, diz que h\u00e1 um calend\u00e1rio de limpeza que ocorre por regi\u00e3o em formato de rod\u00edzio. &#8220;Hoje estamos na regi\u00e3o Norte. Depois faremos zona Oeste, Sul. Na Leste s\u00f3 tem uma e \u00e9 menor. O tempo depende da situa\u00e7\u00e3o de cada lagoa&#8221;, disse ele. <br>Respons\u00e1vel pela limpeza das lagoas e manuten\u00e7\u00e3o das esta\u00e7\u00f5es elevat\u00f3rias, a Secretaria de Infraestrutura (Seinfra) contabiliza 58 lagoas, sendo 22 com esta\u00e7\u00f5es. &#8220;Nosso plano de a\u00e7\u00f5es \u00e9 feito a partir do relat\u00f3rio da Defesa Civil que classifica pelo grau de risco de cada uma&#8221;, explicou o diretor de projetos da pasta, Lucas Gabriel Pinheiro. Os representantes das secretarias do Munic\u00edpio orientaram sobre como acionar cada pasta nas situa\u00e7\u00f5es que lhe competem.<br>Texto: Cl\u00e1udio Oliveira<br>Fotos: Francisco de Assis<\/figcaption><\/figure>\n","protected":false},"excerpt":{"rendered":"","protected":false},"author":1,"featured_media":0,"comment_status":"open","ping_status":"open","sticky":false,"template":"","format":"standard","meta":{"site-sidebar-layout":"default","site-content-layout":"","ast-site-content-layout":"default","site-content-style":"default","site-sidebar-style":"default","ast-global-header-display":"","ast-banner-title-visibility":"","ast-main-header-display":"","ast-hfb-above-header-display":"","ast-hfb-below-header-display":"","ast-hfb-mobile-header-display":"","site-post-title":"","ast-breadcrumbs-content":"","ast-featured-img":"","footer-sml-layout":"","ast-disable-related-posts":"","theme-transparent-header-meta":"","adv-header-id-meta":"","stick-header-meta":"","header-above-stick-meta":"","header-main-stick-meta":"","header-below-stick-meta":"","astra-migrate-meta-layouts":"default","ast-page-background-enabled":"default","ast-page-background-meta":{"desktop":{"background-color":"var(--ast-global-color-4)","background-image":"","background-repeat":"repeat","background-position":"center center","background-size":"auto","background-attachment":"scroll","background-type":"","background-media":"","overlay-type":"","overlay-color":"","overlay-opacity":"","overlay-gradient":""},"tablet":{"background-color":"","background-image":"","background-repeat":"repeat","background-position":"center center","background-size":"auto","background-attachment":"scroll","background-type":"","background-media":"","overlay-type":"","overlay-color":"","overlay-opacity":"","overlay-gradient":""},"mobile":{"background-color":"","background-image":"","background-repeat":"repeat","background-position":"center center","background-size":"auto","background-attachment":"scroll","background-type":"","background-media":"","overlay-type":"","overlay-color":"","overlay-opacity":"","overlay-gradient":""}},"ast-content-background-meta":{"desktop":{"background-color":"var(--ast-global-color-5)","background-image":"","background-repeat":"repeat","background-position":"center center","background-size":"auto","background-attachment":"scroll","background-type":"","background-media":"","overlay-type":"","overlay-color":"","overlay-opacity":"","overlay-gradient":""},"tablet":{"background-color":"var(--ast-global-color-5)","background-image":"","background-repeat":"repeat","background-position":"center center","background-size":"auto","background-attachment":"scroll","background-type":"","background-media":"","overlay-type":"","overlay-color":"","overlay-opacity":"","overlay-gradient":""},"mobile":{"background-color":"var(--ast-global-color-5)","background-image":"","background-repeat":"repeat","background-position":"center center","background-size":"auto","background-attachment":"scroll","background-type":"","background-media":"","overlay-type":"","overlay-color":"","overlay-opacity":"","overlay-gradient":""}},"footnotes":""},"categories":[517],"tags":[],"class_list":["post-15143","post","type-post","status-publish","format-standard","hentry","category-aconteceu"],"_links":{"self":[{"href":"https:\/\/noticiasnoface.com.br\/index.php\/wp-json\/wp\/v2\/posts\/15143","targetHints":{"allow":["GET"]}}],"collection":[{"href":"https:\/\/noticiasnoface.com.br\/index.php\/wp-json\/wp\/v2\/posts"}],"about":[{"href":"https:\/\/noticiasnoface.com.br\/index.php\/wp-json\/wp\/v2\/types\/post"}],"author":[{"embeddable":true,"href":"https:\/\/noticiasnoface.com.br\/index.php\/wp-json\/wp\/v2\/users\/1"}],"replies":[{"embeddable":true,"href":"https:\/\/noticiasnoface.com.br\/index.php\/wp-json\/wp\/v2\/comments?post=15143"}],"version-history":[{"count":1,"href":"https:\/\/noticiasnoface.com.br\/index.php\/wp-json\/wp\/v2\/posts\/15143\/revisions"}],"predecessor-version":[{"id":15144,"href":"https:\/\/noticiasnoface.com.br\/index.php\/wp-json\/wp\/v2\/posts\/15143\/revisions\/15144"}],"wp:attachment":[{"href":"https:\/\/noticiasnoface.com.br\/index.php\/wp-json\/wp\/v2\/media?parent=15143"}],"wp:term":[{"taxonomy":"category","embeddable":true,"href":"https:\/\/noticiasnoface.com.br\/index.php\/wp-json\/wp\/v2\/categories?post=15143"},{"taxonomy":"post_tag","embeddable":true,"href":"https:\/\/noticiasnoface.com.br\/index.php\/wp-json\/wp\/v2\/tags?post=15143"}],"curies":[{"name":"wp","href":"https:\/\/api.w.org\/{rel}","templated":true}]}}