{"id":15152,"date":"2023-03-12T10:19:34","date_gmt":"2023-03-12T13:19:34","guid":{"rendered":"https:\/\/noticiasnoface.com.br\/?p=15152"},"modified":"2023-03-12T10:19:35","modified_gmt":"2023-03-12T13:19:35","slug":"tubarao-banhista-e-retirado-a-forca-em-local-de-ataques-de-tubaroes","status":"publish","type":"post","link":"https:\/\/noticiasnoface.com.br\/index.php\/2023\/03\/12\/tubarao-banhista-e-retirado-a-forca-em-local-de-ataques-de-tubaroes\/","title":{"rendered":"TUBAR\u00c3O- Banhista \u00e9 retirado a for\u00e7a em local de ataques de tubar\u00f5es"},"content":{"rendered":"\n<figure class=\"wp-block-image size-large\"><img data-opt-id=1138202165  fetchpriority=\"high\" decoding=\"async\" width=\"1024\" height=\"777\" src=\"https:\/\/mlbfrsat7ahr.i.optimole.com\/w:1024\/h:777\/q:mauto\/ig:avif\/https:\/\/noticiasnoface.com.br\/wp-content\/uploads\/2023\/03\/img_3059.jpg\" class=\"wp-image-15151\" srcset=\"https:\/\/mlbfrsat7ahr.i.optimole.com\/w:1024\/h:777\/q:mauto\/ig:avif\/https:\/\/noticiasnoface.com.br\/wp-content\/uploads\/2023\/03\/img_3059.jpg 1024w, https:\/\/mlbfrsat7ahr.i.optimole.com\/w:300\/h:228\/q:mauto\/ig:avif\/https:\/\/noticiasnoface.com.br\/wp-content\/uploads\/2023\/03\/img_3059.jpg 300w, https:\/\/mlbfrsat7ahr.i.optimole.com\/w:768\/h:583\/q:mauto\/ig:avif\/https:\/\/noticiasnoface.com.br\/wp-content\/uploads\/2023\/03\/img_3059.jpg 768w, https:\/\/mlbfrsat7ahr.i.optimole.com\/w:1242\/h:943\/q:mauto\/ig:avif\/https:\/\/noticiasnoface.com.br\/wp-content\/uploads\/2023\/03\/img_3059.jpg 1242w\" sizes=\"(max-width: 1000px) 100vw, 1000px\" \/><figcaption class=\"wp-element-caption\">TUBAR\u00c3O: banhista \u00e9 retirado \u00e0 for\u00e7a do mar em local de ATAQUE DE TUBAR\u00c3O na Praia de Piedade, Grande Recife<br><br><img data-opt-id=514110997  fetchpriority=\"high\" decoding=\"async\" src=\"https:\/\/imagens.ne10.uol.com.br\/veiculos\/_midias\/jpg\/2023\/03\/11\/597x330\/1_banhistaretiradomartubarao-22537876.jpg\" alt=\"DIVULGA\u00c7\u00c3O\/Prefeitura de Jaboat\u00e3o\" class=\"extendsBeyondTextColumn\"><br>Banhista \u00e9 retirado \u00e0 for\u00e7a do mar neste s\u00e1bado (11\/3), na Igrejinha de Piedade, primeiro fim de semana ap\u00f3s ataques de tubar\u00e3o consecutivos <strong>Foto: DIVULGA\u00c7\u00c3O\/Prefeitura de Jaboat\u00e3o<\/strong><br>Banhista \u00e9 retirado \u00e0 for\u00e7a do mar neste s\u00e1bado (11\/3), na Igrejinha de Piedade, primeiro fim de semana ap\u00f3s ataques de tubar\u00e3o consecutivos <strong>Foto: DIVULGA\u00c7\u00c3O\/Prefeitura de Jaboat\u00e3o<\/strong><br><strong>Mais uma vez um banhista precisou ser retirado \u00e0 for\u00e7a do mar<\/strong> no local que mais registrou <strong>ataques de tubar\u00f5es<\/strong> em Pernambuco: a Igrejinha de Piedade, em Jaboat\u00e3o dos Guararapes, na Regi\u00e3o Metropolitana do Recife. O fato aconteceu neste s\u00e1bado (11\/3), primeiro fim de semana ap\u00f3s dois incidentes consecutivos com animais mar\u00edtimos e com <strong><a href=\"https:\/\/jc.ne10.uol.com.br\/pernambuco\/2023\/03\/15195752-ataque-de-tubarao-fiscalizacao-reforcada-para-evitar-novos-ataques-de-tubarao-no-recife-e-em-jaboatao-dos-guararapes.html\" target=\"_blank\" rel=\"noopener\">uma grande opera\u00e7\u00e3o de fiscaliza\u00e7\u00e3o <\/a><\/strong>sendo realizada pelo poder p\u00fablico na orla urbana do Grande Recife.<br>No local, <strong>um adolescente teve a perna direita amputada<\/strong> ap\u00f3s ser mordido por um tubar\u00e3o no domingo (5\/3). <strong>No dia seguinte, uma adolescente perdeu o bra\u00e7o esquerdo<\/strong>dilacerado tamb\u00e9m por um tubar\u00e3o, a menos de um quil\u00f4metro da Igrejinha de Piedade. Al\u00e9m desses dois casos, um terceiro foi registrado no dia 20\/2, em Olinda, com um surfista, que por sorte n\u00e3o perdeu membros.<br>Al\u00e9m dos ataques recentes, a \u00e1rea da Igrejinha de Piedade compreende um trecho de 2,2 quil\u00f4metros de extens\u00e3o <strong>onde \u00e9 proibido, desde 2021, o banho de mar,<\/strong> al\u00e9m da pr\u00e1tica de esportes n\u00e1uticos. <br><br>E como este s\u00e1bado foi o primeiro depois dos \u00faltimos incidentes, as Prefeituras de Jaboat\u00e3o dos Guararapes, Recife e Olinda montaram uma grande opera\u00e7\u00e3o de fiscaliza\u00e7\u00e3o e educa\u00e7\u00e3o nas praias para evitar poss\u00edveis ataques de tubar\u00e3o.<br><strong>BANHISTA FOI RETIRADO DUAS VEZES DO MAR<\/strong><br><strong>Apesar de todas essas raz\u00f5es, mesmo assim o banhista entrou no mar.<\/strong> A princ\u00edpio, ele foi abordado pelos bombeiros militares e solicitada a sua sa\u00edda da \u00e1gua. Mas o homem se recusou e, assim, foi retirado \u00e0 for\u00e7a pelos salva-vidas.<br><br><br>Segundo informa\u00e7\u00f5es da Prefeitura de Jaboat\u00e3o dos Guararapes, o banhista se chama Israel Ferreira, tem 42 anos e \u00e9 morador de Cajueiro Seco, bairro do munic\u00edpio. O homem chegou a sair da \u00e1gua depois de advertido por um bombeiro militar. Mas ele retornou e teve que ser retirado \u201csob resist\u00eancia e praticando desacato&#8221;.<br>O banhista foi levado para a Delegacia de Prazeres. <a href=\"https:\/\/jc.ne10.uol.com.br\/pernambuco\/2023\/03\/15195900-tubarao-novo-banhista-retirado-a-forca-do-mar-de-piedade-e-autuado-por-2-crimes.html\" target=\"_blank\" rel=\"noopener\">A Justi\u00e7a vai decidir se o banhista ser\u00e1 preso preventivamente. Veja aqui<\/a><br><br><strong>POL\u00cdCIA PODE PRENDER QUEM SE NEGA A SAIR DO MAR EM \u00c1REA DE RISCO?<\/strong><br>Em Pernambuco, decreto estadual em vigor desde 2014 prev\u00ea a deten\u00e7\u00e3o dos banhistas que se recusam a sair do mar nos trechos mais vulner\u00e1veis. No dia 6\/3, logo ap\u00f3s o ataque de tubar\u00e3o em Piedade, um <strong><a href=\"https:\/\/jc.ne10.uol.com.br\/colunas\/seguranca\/2023\/03\/15191888-video-mostra-banhista-detido-apos-novo-ataque-de-tubarao-policia-pode-prender-quem-se-nega-a-sair-do-mar.html\" target=\"_blank\" rel=\"noopener\">banhista tamb\u00e9m foi retirado \u00e0 for\u00e7a do mar.<\/a><\/strong><br>Segundo a Secretaria de Defesa Social (SDS), o decreto determina a proibi\u00e7\u00e3o de pr\u00e1ticas &#8220;de esportes aqu\u00e1ticos de mergulho, nata\u00e7\u00e3o, atividades n\u00e1uticas e aqu\u00e1ticas similares\u201d nas praias entre Olinda e o Cabo de Santo Agostinho. Tamb\u00e9m permanecem proibidos o surfe e o body boarding. <br><br>Quem n\u00e3o atender ao pedido do efetivo do Corpo de Bombeiros, por exemplo, pode ser detido e encaminhado \u00e0 delegacia. L\u00e1, assinar\u00e1 um TCO (termo circunstanciado de ocorr\u00eancia) pelos crimes de desobedi\u00eancia, desacato ou resist\u00eancia.<br>Ainda haver\u00e1 a apreens\u00e3o de pranchas, embarca\u00e7\u00f5es mi\u00fadas e outros equipamentos usados para a pr\u00e1tica das atividades proibidas.<\/figcaption><\/figure>\n","protected":false},"excerpt":{"rendered":"","protected":false},"author":1,"featured_media":0,"comment_status":"open","ping_status":"open","sticky":false,"template":"","format":"standard","meta":{"site-sidebar-layout":"default","site-content-layout":"","ast-site-content-layout":"default","site-content-style":"default","site-sidebar-style":"default","ast-global-header-display":"","ast-banner-title-visibility":"","ast-main-header-display":"","ast-hfb-above-header-display":"","ast-hfb-below-header-display":"","ast-hfb-mobile-header-display":"","site-post-title":"","ast-breadcrumbs-content":"","ast-featured-img":"","footer-sml-layout":"","ast-disable-related-posts":"","theme-transparent-header-meta":"","adv-header-id-meta":"","stick-header-meta":"","header-above-stick-meta":"","header-main-stick-meta":"","header-below-stick-meta":"","astra-migrate-meta-layouts":"default","ast-page-background-enabled":"default","ast-page-background-meta":{"desktop":{"background-color":"var(--ast-global-color-4)","background-image":"","background-repeat":"repeat","background-position":"center center","background-size":"auto","background-attachment":"scroll","background-type":"","background-media":"","overlay-type":"","overlay-color":"","overlay-opacity":"","overlay-gradient":""},"tablet":{"background-color":"","background-image":"","background-repeat":"repeat","background-position":"center center","background-size":"auto","background-attachment":"scroll","background-type":"","background-media":"","overlay-type":"","overlay-color":"","overlay-opacity":"","overlay-gradient":""},"mobile":{"background-color":"","background-image":"","background-repeat":"repeat","background-position":"center center","background-size":"auto","background-attachment":"scroll","background-type":"","background-media":"","overlay-type":"","overlay-color":"","overlay-opacity":"","overlay-gradient":""}},"ast-content-background-meta":{"desktop":{"background-color":"var(--ast-global-color-5)","background-image":"","background-repeat":"repeat","background-position":"center center","background-size":"auto","background-attachment":"scroll","background-type":"","background-media":"","overlay-type":"","overlay-color":"","overlay-opacity":"","overlay-gradient":""},"tablet":{"background-color":"var(--ast-global-color-5)","background-image":"","background-repeat":"repeat","background-position":"center center","background-size":"auto","background-attachment":"scroll","background-type":"","background-media":"","overlay-type":"","overlay-color":"","overlay-opacity":"","overlay-gradient":""},"mobile":{"background-color":"var(--ast-global-color-5)","background-image":"","background-repeat":"repeat","background-position":"center center","background-size":"auto","background-attachment":"scroll","background-type":"","background-media":"","overlay-type":"","overlay-color":"","overlay-opacity":"","overlay-gradient":""}},"footnotes":""},"categories":[517],"tags":[2671,2229,2236,199,2693,1974],"class_list":["post-15152","post","type-post","status-publish","format-standard","hentry","category-aconteceu","tag-ataque-de-tubarao","tag-noticas-do-face","tag-noticas-no-face","tag-noticiasnoface","tag-pernambuco","tag-tubarao"],"_links":{"self":[{"href":"https:\/\/noticiasnoface.com.br\/index.php\/wp-json\/wp\/v2\/posts\/15152","targetHints":{"allow":["GET"]}}],"collection":[{"href":"https:\/\/noticiasnoface.com.br\/index.php\/wp-json\/wp\/v2\/posts"}],"about":[{"href":"https:\/\/noticiasnoface.com.br\/index.php\/wp-json\/wp\/v2\/types\/post"}],"author":[{"embeddable":true,"href":"https:\/\/noticiasnoface.com.br\/index.php\/wp-json\/wp\/v2\/users\/1"}],"replies":[{"embeddable":true,"href":"https:\/\/noticiasnoface.com.br\/index.php\/wp-json\/wp\/v2\/comments?post=15152"}],"version-history":[{"count":1,"href":"https:\/\/noticiasnoface.com.br\/index.php\/wp-json\/wp\/v2\/posts\/15152\/revisions"}],"predecessor-version":[{"id":15153,"href":"https:\/\/noticiasnoface.com.br\/index.php\/wp-json\/wp\/v2\/posts\/15152\/revisions\/15153"}],"wp:attachment":[{"href":"https:\/\/noticiasnoface.com.br\/index.php\/wp-json\/wp\/v2\/media?parent=15152"}],"wp:term":[{"taxonomy":"category","embeddable":true,"href":"https:\/\/noticiasnoface.com.br\/index.php\/wp-json\/wp\/v2\/categories?post=15152"},{"taxonomy":"post_tag","embeddable":true,"href":"https:\/\/noticiasnoface.com.br\/index.php\/wp-json\/wp\/v2\/tags?post=15152"}],"curies":[{"name":"wp","href":"https:\/\/api.w.org\/{rel}","templated":true}]}}