{"id":15184,"date":"2023-03-14T05:14:09","date_gmt":"2023-03-14T08:14:09","guid":{"rendered":"https:\/\/noticiasnoface.com.br\/?p=15184"},"modified":"2023-03-14T05:14:11","modified_gmt":"2023-03-14T08:14:11","slug":"imagens18-vigilante-e-morto-com-tiro-na-cabeca","status":"publish","type":"post","link":"https:\/\/noticiasnoface.com.br\/index.php\/2023\/03\/14\/imagens18-vigilante-e-morto-com-tiro-na-cabeca\/","title":{"rendered":"(Imagens+18) Vigilante \u00e9 morto com tiro na cabe\u00e7a"},"content":{"rendered":"\n<figure class=\"wp-block-image size-large\"><img data-opt-id=2090669925  fetchpriority=\"high\" decoding=\"async\" width=\"819\" height=\"1024\" src=\"https:\/\/mlbfrsat7ahr.i.optimole.com\/w:819\/h:1024\/q:mauto\/ig:avif\/https:\/\/noticiasnoface.com.br\/wp-content\/uploads\/2023\/03\/photo-output-4.jpg\" class=\"wp-image-15182\" srcset=\"https:\/\/mlbfrsat7ahr.i.optimole.com\/w:819\/h:1024\/q:mauto\/ig:avif\/https:\/\/noticiasnoface.com.br\/wp-content\/uploads\/2023\/03\/photo-output-4.jpg 819w, https:\/\/mlbfrsat7ahr.i.optimole.com\/w:240\/h:300\/q:mauto\/ig:avif\/https:\/\/noticiasnoface.com.br\/wp-content\/uploads\/2023\/03\/photo-output-4.jpg 240w, https:\/\/mlbfrsat7ahr.i.optimole.com\/w:768\/h:961\/q:mauto\/ig:avif\/https:\/\/noticiasnoface.com.br\/wp-content\/uploads\/2023\/03\/photo-output-4.jpg 768w, https:\/\/mlbfrsat7ahr.i.optimole.com\/w:863\/h:1080\/q:mauto\/ig:avif\/https:\/\/noticiasnoface.com.br\/wp-content\/uploads\/2023\/03\/photo-output-4.jpg 1228w, https:\/\/mlbfrsat7ahr.i.optimole.com\/w:863\/h:1080\/q:mauto\/ig:avif\/https:\/\/noticiasnoface.com.br\/wp-content\/uploads\/2023\/03\/photo-output-4.jpg 1637w\" sizes=\"(max-width: 819px) 100vw, 819px\" \/><figcaption class=\"wp-element-caption\">V\u00eddeo: seguran\u00e7a \u00e9 morto com tiro na cabe\u00e7a em supermercado no litoral<br>Seguran\u00e7a de supermercado foi morto com tiro na cabe\u00e7a em frente a clientes em S\u00e3o Vicente, no litoral de SP; pol\u00edcia investiga o caso<br><img data-opt-id=354683930  fetchpriority=\"high\" decoding=\"async\" src=\"https:\/\/uploads.metropoles.com\/wp-content\/uploads\/2023\/03\/05154751\/tiro-mercado-sao-vicente-1.png\" alt=\"V\u00eddeo: seguran\u00e7a \u00e9 morto com tiro na cabe\u00e7a em supermercado no litoral\"><br><strong>S\u00e3o Paulo \u2013 <\/strong>O seguran\u00e7a de um supermercado foi morto com um tiro na cabe\u00e7a na frente de clientes na noite desse s\u00e1bado (4\/3), em S\u00e3o Vicente, no litoral sul de <a rel=\"noreferrer noopener\" href=\"https:\/\/www.metropoles.com\/tag\/sao-paulo\" target=\"_blank\">S\u00e3o Paulo<\/a>.<br>O crime contra o homem de 32 anos foi registrado por uma c\u00e2mera de seguran\u00e7a do supermercado (veja o v\u00eddeo abaixo).<br>O estabelecimento fica na avenida Marcolino Xavier de Carvalho, na Cidade N\u00e1utica, em S\u00e3o Vicente.<br>Nas imagens, \u00e9 poss\u00edvel ver um suspeito se aproximando da v\u00edtima, que est\u00e1 de camisa azul em frente ao balc\u00e3o do a\u00e7ougue. O atirador dispara na dire\u00e7\u00e3o da cabe\u00e7a do seguran\u00e7a, que estava de costas.<br>Segundo relato de testemunhas \u00e0 Pol\u00edcia Militar, ao menos dois suspeitos participaram do crime. Eles teriam fugido na sequ\u00eancia sem roubar nada. A morte do seguran\u00e7a foi constatada ainda no local por uma equipe do Samu.<br>O caso foi registrado como <a rel=\"noreferrer noopener\" href=\"https:\/\/www.metropoles.com\/tag\/homicidio\" target=\"_blank\">homic\u00eddio<\/a> na delegacia de S\u00e3o Vicente.<br>Segundo ve\u00edculos locais, esse \u00e9 o segundo atentado no mesmo supermercado em menos de tr\u00eas meses. Em dezembro, um outro seguran\u00e7a foi baleado nas pernas e nas costas enquanto cobria o turno de um colega. Ele passou por cirurgia e sobreviveu ao ataque.<\/figcaption><\/figure>\n\n\n\n<figure class=\"wp-block-video\"><video height=\"848\" style=\"aspect-ratio: 480 \/ 848;\" width=\"480\" controls src=\"https:\/\/noticiasnoface.com.br\/wp-content\/uploads\/2023\/03\/8dd02c98-a895-42c4-a504-80c567a69a9c.mp4\"><\/video><figcaption class=\"wp-element-caption\">Imagens +18 seguran\u00e7a \u00e9 morto Com tiro na cabe\u00e7a <\/figcaption><\/figure>\n","protected":false},"excerpt":{"rendered":"","protected":false},"author":1,"featured_media":0,"comment_status":"open","ping_status":"open","sticky":false,"template":"","format":"standard","meta":{"site-sidebar-layout":"default","site-content-layout":"","ast-site-content-layout":"default","site-content-style":"default","site-sidebar-style":"default","ast-global-header-display":"","ast-banner-title-visibility":"","ast-main-header-display":"","ast-hfb-above-header-display":"","ast-hfb-below-header-display":"","ast-hfb-mobile-header-display":"","site-post-title":"","ast-breadcrumbs-content":"","ast-featured-img":"","footer-sml-layout":"","ast-disable-related-posts":"","theme-transparent-header-meta":"","adv-header-id-meta":"","stick-header-meta":"","header-above-stick-meta":"","header-main-stick-meta":"","header-below-stick-meta":"","astra-migrate-meta-layouts":"default","ast-page-background-enabled":"default","ast-page-background-meta":{"desktop":{"background-color":"var(--ast-global-color-4)","background-image":"","background-repeat":"repeat","background-position":"center center","background-size":"auto","background-attachment":"scroll","background-type":"","background-media":"","overlay-type":"","overlay-color":"","overlay-opacity":"","overlay-gradient":""},"tablet":{"background-color":"","background-image":"","background-repeat":"repeat","background-position":"center center","background-size":"auto","background-attachment":"scroll","background-type":"","background-media":"","overlay-type":"","overlay-color":"","overlay-opacity":"","overlay-gradient":""},"mobile":{"background-color":"","background-image":"","background-repeat":"repeat","background-position":"center center","background-size":"auto","background-attachment":"scroll","background-type":"","background-media":"","overlay-type":"","overlay-color":"","overlay-opacity":"","overlay-gradient":""}},"ast-content-background-meta":{"desktop":{"background-color":"var(--ast-global-color-5)","background-image":"","background-repeat":"repeat","background-position":"center center","background-size":"auto","background-attachment":"scroll","background-type":"","background-media":"","overlay-type":"","overlay-color":"","overlay-opacity":"","overlay-gradient":""},"tablet":{"background-color":"var(--ast-global-color-5)","background-image":"","background-repeat":"repeat","background-position":"center center","background-size":"auto","background-attachment":"scroll","background-type":"","background-media":"","overlay-type":"","overlay-color":"","overlay-opacity":"","overlay-gradient":""},"mobile":{"background-color":"var(--ast-global-color-5)","background-image":"","background-repeat":"repeat","background-position":"center center","background-size":"auto","background-attachment":"scroll","background-type":"","background-media":"","overlay-type":"","overlay-color":"","overlay-opacity":"","overlay-gradient":""}},"footnotes":""},"categories":[517],"tags":[1690,2236,50,505,2697],"class_list":["post-15184","post","type-post","status-publish","format-standard","hentry","category-aconteceu","tag-morto","tag-noticas-no-face","tag-noticias-do-face","tag-seguranca","tag-tiro-na-cabeca"],"_links":{"self":[{"href":"https:\/\/noticiasnoface.com.br\/index.php\/wp-json\/wp\/v2\/posts\/15184","targetHints":{"allow":["GET"]}}],"collection":[{"href":"https:\/\/noticiasnoface.com.br\/index.php\/wp-json\/wp\/v2\/posts"}],"about":[{"href":"https:\/\/noticiasnoface.com.br\/index.php\/wp-json\/wp\/v2\/types\/post"}],"author":[{"embeddable":true,"href":"https:\/\/noticiasnoface.com.br\/index.php\/wp-json\/wp\/v2\/users\/1"}],"replies":[{"embeddable":true,"href":"https:\/\/noticiasnoface.com.br\/index.php\/wp-json\/wp\/v2\/comments?post=15184"}],"version-history":[{"count":1,"href":"https:\/\/noticiasnoface.com.br\/index.php\/wp-json\/wp\/v2\/posts\/15184\/revisions"}],"predecessor-version":[{"id":15185,"href":"https:\/\/noticiasnoface.com.br\/index.php\/wp-json\/wp\/v2\/posts\/15184\/revisions\/15185"}],"wp:attachment":[{"href":"https:\/\/noticiasnoface.com.br\/index.php\/wp-json\/wp\/v2\/media?parent=15184"}],"wp:term":[{"taxonomy":"category","embeddable":true,"href":"https:\/\/noticiasnoface.com.br\/index.php\/wp-json\/wp\/v2\/categories?post=15184"},{"taxonomy":"post_tag","embeddable":true,"href":"https:\/\/noticiasnoface.com.br\/index.php\/wp-json\/wp\/v2\/tags?post=15184"}],"curies":[{"name":"wp","href":"https:\/\/api.w.org\/{rel}","templated":true}]}}