{"id":15203,"date":"2023-03-15T06:05:43","date_gmt":"2023-03-15T09:05:43","guid":{"rendered":"https:\/\/noticiasnoface.com.br\/?p=15203"},"modified":"2023-03-15T06:39:29","modified_gmt":"2023-03-15T09:39:29","slug":"videojovems-debocham-de-aluna-de-40-anos","status":"publish","type":"post","link":"https:\/\/noticiasnoface.com.br\/index.php\/2023\/03\/15\/videojovems-debocham-de-aluna-de-40-anos\/","title":{"rendered":"(V\u00eddeo):jovens debocham e chamam de velha aluna de 40 anos"},"content":{"rendered":"\n<figure class=\"wp-block-image size-large\"><img data-opt-id=249639141  fetchpriority=\"high\" decoding=\"async\" width=\"1024\" height=\"617\" src=\"https:\/\/mlbfrsat7ahr.i.optimole.com\/w:1024\/h:617\/q:mauto\/ig:avif\/https:\/\/noticiasnoface.com.br\/wp-content\/uploads\/2023\/03\/img_3184.jpg\" alt=\"\" class=\"wp-image-15202\" srcset=\"https:\/\/mlbfrsat7ahr.i.optimole.com\/w:1024\/h:617\/q:mauto\/ig:avif\/https:\/\/noticiasnoface.com.br\/wp-content\/uploads\/2023\/03\/img_3184.jpg 1024w, https:\/\/mlbfrsat7ahr.i.optimole.com\/w:300\/h:181\/q:mauto\/ig:avif\/https:\/\/noticiasnoface.com.br\/wp-content\/uploads\/2023\/03\/img_3184.jpg 300w, https:\/\/mlbfrsat7ahr.i.optimole.com\/w:768\/h:463\/q:mauto\/ig:avif\/https:\/\/noticiasnoface.com.br\/wp-content\/uploads\/2023\/03\/img_3184.jpg 768w, https:\/\/mlbfrsat7ahr.i.optimole.com\/w:1242\/h:748\/q:mauto\/ig:avif\/https:\/\/noticiasnoface.com.br\/wp-content\/uploads\/2023\/03\/img_3184.jpg 1242w\" sizes=\"(max-width: 1000px) 100vw, 1000px\" \/><figcaption class=\"wp-element-caption\">Em v\u00eddeo, universit\u00e1rias de Bauru debocham de colega de sala de 40 anos <br \/>As<a href=\"https:\/\/g1.globo.com\/sp\/bauru-marilia\/noticia\/2023\/03\/11\/video-de-universitarias-de-sp-debochando-de-colega-por-ter-40-anos-viraliza-e-gera-indignacao.ghtml\" target=\"_blank\" rel=\"noopener\"> tr\u00eas estudantes de uma universidade particular de Bauru <\/a>(SP) que debocharam de uma colega de faculdade por ter mais de 40 anos <strong>podem responder na Justi\u00e7a pelo epis\u00f3dio<\/strong>, que viralizou em um v\u00eddeo e gerou indigna\u00e7\u00e3o nas redes sociais. <br \/>Para saber as poss\u00edveis consequ\u00eancias jur\u00eddicas, o <strong>g1<\/strong> ouviu a advogada Gisele Truzzi, especialista em direito digital e s\u00f3cia fundadora da Truzzi Advogados, e a delegada de pol\u00edcia Raquel Gallinati, diretora da Associa\u00e7\u00e3o dos Delegados de Pol\u00edcia do Brasil e embaixadora do<a rel=\"noreferrer noopener\" href=\"https:\/\/provitima.org\/embaixadores\/\" target=\"_blank\"> <\/a><a rel=\"noreferrer noopener\" href=\"https:\/\/provitima.org\/\" target=\"_blank\">Instituto Pr\u00f3-V\u00edtima<\/a>. <br \/>As tr\u00eas, que s\u00e3o maiores de idade, podem, em tese, vir a responder por: <br \/><strong>Inj\u00faria:<\/strong> que \u00e9 ofender a dignidade ou a honra de algu\u00e9m. A pena pode ser de deten\u00e7\u00e3o, de um a seis meses, ou multa.<br \/><strong>Difama\u00e7\u00e3o:<\/strong> que \u00e9 ofender a reputa\u00e7\u00e3o de algu\u00e9m, mesmo que o fato seja ver\u00eddico. A pena pode ser de deten\u00e7\u00e3o de tr\u00eas meses a um ano, e multa.<br \/><strong>Viol\u00eancia psicol\u00f3gica: <\/strong>que<strong> <\/strong>\u00e9 causar dano emocional \u00e0 mulher mediante constrangimento e ridiculariza\u00e7\u00e3o, entre outros pontos. A pena \u00e9 de reclus\u00e3o de seis meses a dois anos e multa.<br \/>Elas est\u00e3o sujeitas aos crimes de inj\u00faria e difama\u00e7\u00e3o, que dependem de representa\u00e7\u00e3o, que s\u00e3o crimes contra a honra tanto subjetiva quanto objetiva, e tamb\u00e9m o crime de viol\u00eancia psicol\u00f3gica, que se encaixa perfeitamente nas atitudes. <br \/>\u2014 Raquel Gallinati, diretora da Associa\u00e7\u00e3o dos Delegados de Pol\u00edcia do Brasil <br \/>No entendimento de Gallinati, as tr\u00eas universit\u00e1rias, que estudam biomedicina, quando dizem que a colega com mais de 40 anos &#8220;n\u00e3o consegue ou n\u00e3o \u00e9 capaz de aprender novas atividades no \u00e2mbito acad\u00eamico&#8221; incorrem em viol\u00eancia psicol\u00f3gica ao fazerem com que se sinta diminu\u00edda. <br \/><a href=\"https:\/\/g1.globo.com\/sp\/bauru-marilia\/noticia\/2023\/03\/11\/sempre-teve-o-sonho-de-estudar-e-nunca-teve-oportunidade-diz-sobrinha-de-universitaria-hostilizada-por-ter-40-anos.ghtml\" target=\"_blank\" rel=\"noopener\">&#8216;Sempre teve o sonho de estudar e nunca teve oportunidade&#8217;, diz sobrinha<\/a><br \/><a href=\"https:\/\/g1.globo.com\/df\/distrito-federal\/noticia\/2022\/10\/23\/velho-fobia-saiba-o-que-e-etarismo-e-como-o-preconceito-aparece-no-dia-a-dia.ghtml\" target=\"_blank\" rel=\"noopener\">&#8216;Velhofobia&#8217;: saiba o que \u00e9 etarismo e como o preconceito surge no dia a dia<\/a><br \/>Para Truzzi, o trio pode ser enquadrado no crime de inj\u00faria por ter mencionado palavras, express\u00f5es e adjetivos negativos que afetam a imagem da v\u00edtima. E a especialista ressalta que <strong>n\u00e3o adianta apagar o v\u00eddeo<\/strong>. <br \/>&#8220;Sendo elas maiores de idade, por mais que apaguem o conte\u00fado que publicaram na internet, o crime j\u00e1 foi praticado. \u00c9 um crime instant\u00e2neo&#8221;, afirma a advogada.<br \/><img data-opt-id=646040341  fetchpriority=\"high\" decoding=\"async\" src=\"https:\/\/s03.video.glbimg.com\/x240\/11442722.jpg\" alt=\"Veja crimes pelos quais universit\u00e1rias podem responder por debochar de colega de 40 anos\" class=\"extendsBeyondTextColumn\" \/><br \/>Veja crimes pelos quais universit\u00e1rias podem responder por debochar de colega de 40 anos <br \/>A publica\u00e7\u00e3o feita na sexta-feira (10) no Twitter j\u00e1 passa de tr\u00eas milh\u00f5es de visualiza\u00e7\u00f5es. No v\u00eddeo, uma das universit\u00e1rias ironiza: \u201cGente, quiz do dia: como \u2018desmatricula\u2019 um colega de sala?\u201d. Logo depois, outra responde: <strong>\u201cMano, ela tem 40 anos j\u00e1. Era para estar aposentada\u201d<\/strong>. \u201cRealmente\u201d, concorda a terceira. <br \/>Em seguida, a estudante que grava o v\u00eddeo diz: \u201c<strong>Gente, 40 anos n\u00e3o pode mais fazer faculdade. Eu tenho essa opini\u00e3o<\/strong>\u201d. Elas chegam a dizer que a mulher \u201cn\u00e3o sabe o que \u00e9 Google\u201d. <em>(Veja o v\u00eddeo acima.)<\/em><br \/>No mesmo dia, estudantes manifestaram apoio \u00e0 aluna, <a href=\"https:\/\/g1.globo.com\/sp\/bauru-marilia\/noticia\/2023\/03\/12\/deboche-a-universitaria-com-mais-de-40-anos-gera-revolta-e-solidariedade-de-colegas-exemplo-para-nos.ghtml\" target=\"_blank\" rel=\"noopener\">Patr\u00edcia Linares, e entregaram flores, cartas e chocolate <\/a>a ela. <br \/><br \/>Patr\u00edcia recebe flores de colegas ap\u00f3s ser v\u00edtima de etarismo na universidade. \u2014 Foto: Arquivo Pessoal <br \/>Segundo Truzzi, mesmo que pe\u00e7am desculpas e se retratem, o &#8220;crime j\u00e1 foi praticado, porque foi no momento em que a ofensa foi proferida&#8221;. <br \/>N\u00e3o tem como &#8216;desdizer&#8217; o que voc\u00ea j\u00e1 disse. Eu falo que palavras s\u00e3o como flechas. A partir do momento em que a gente as dispara, elas n\u00e3o voltam mais. Ent\u00e3o, voc\u00ea pode apagar uma postagem, mas o il\u00edcito j\u00e1 foi praticado e, se a pessoa tem prints disso ou baixou o conte\u00fado ou fez o download do material, ela tem como comprovar a situa\u00e7\u00e3o. <br \/>\u2014 Gisele Truzzi, advogada especialista em direito digital <br \/>Ao <strong>g1<\/strong>, uma das universit\u00e1rias disse no s\u00e1bado (11) que est\u00e3o arrependidas do que falaram e que o v\u00eddeo foi uma &#8220;brincadeira de mau gosto&#8221;. <br \/>Ela contou que as imagens foram postadas inicialmente no &#8220;close friends&#8221; do Instagram (recurso que permite que o usu\u00e1rio selecione seguidores espec\u00edficos), mas acabou saindo da roda de amigos e viralizou. <br \/>&#8220;Nunca foi na inten\u00e7\u00e3o de dizer que pessoas de mais idade n\u00e3o podem adquirir uma gradua\u00e7\u00e3o, pois n\u00e3o tenho esse pensamento. Foi uma fala imprudente e infeliz que tomou uma propor\u00e7\u00e3o que n\u00e3o imagin\u00e1vamos&#8221;, disse. <br \/>Neste domingo, a reportagem voltou a tentar contato com as tr\u00eas envolvidas, mas n\u00e3o atenderam \u00e0s chamadas. <br \/>O <strong>g1<\/strong> conversou com a v\u00edtima do caso, que cursa o primeiro ano da faculdade, mas ela preferiu n\u00e3o dar entrevista por enquanto. <br \/><br \/>Possibilidade de acordo<br \/><br \/>De acordo com Gisele Truzzi, especialista em direito digital, o processo pode resultar em um acordo e retrata\u00e7\u00e3o, com a <strong>substitui\u00e7\u00e3o da pena pelo pagamento de cestas b\u00e1sicas e presta\u00e7\u00e3o de servi\u00e7os comunit\u00e1rios<\/strong>, por exemplo. <br \/>A retrata\u00e7\u00e3o, exemplifica a advogada, pode ser a publica\u00e7\u00e3o de um v\u00eddeo ou mensagem pedindo desculpas por um determinado tempo na internet. Outra possibilidade \u00e9 a publica\u00e7\u00e3o da senten\u00e7a nas suas pr\u00f3prias redes sociais como um pedido formal de desculpas. <br \/>A advogada alerta ainda que h\u00e1 ainda o risco de essas universit\u00e1rias terem preju\u00edzos futuros. &#8220;A internet n\u00e3o nos deixa esquecer. Ent\u00e3o, o que essas mo\u00e7as fizeram pode ser extremamente negativo para elas l\u00e1 na frente, como em um processo seletivo&#8221;, afirma. <br \/>O v\u00eddeo das estudantes foi compartilhado por v\u00e1rias pessoas nas redes sociais, inclusive pela sobrinha da v\u00edtima. Em uma publica\u00e7\u00e3o na rede social, ela desabafou sobre o epis\u00f3dio. <br \/>\u201cEla sempre teve o sonho de estudar e nunca teve oportunidade. Hoje, ela conseguiu entrar em um curso que ela sempre quis e estava muito feliz e animada para come\u00e7ar as aulas, e da\u00ed surgem tr\u00eas meninas que s\u00f3 vivem na pr\u00f3pria bolha, gravando v\u00eddeo zombando pela minha tia ser a mais velha da turma\u201d, disse.<br \/><br \/>Sobrinha da estudante de 40 anos se manifestou sobre o caso em Bauru em uma rede social \u2014 Foto: Instagram\/Reprodu\u00e7\u00e3o <br \/><br \/>O que diz a universidade<br \/><br \/>A Unisagrado publicou uma nota na rede social horas depois, mas sem fazer men\u00e7\u00e3o direta ao caso. <br \/>No comunicado, afirma que n\u00e3o compactua com qualquer tipo de discrimina\u00e7\u00e3o e que acredita que \u201ctodos devem ter acesso \u00e0 educa\u00e7\u00e3o de qualidade, desde pequenos at\u00e9 quando cada um quiser, porque educa\u00e7\u00e3o \u00e9 isso: autonomia\u201d. <br \/>A publica\u00e7\u00e3o tamb\u00e9m diz que \u201cas oportunidades n\u00e3o s\u00e3o iguais para todo mundo em todos os momentos da vida. Sabemos, por exemplo, que os pais, muitas vezes, abrem m\u00e3o da sua forma\u00e7\u00e3o para oferecer as melhores oportunidades para seus filhos e, somente depois, optam por se profissionalizarem\u201d. <br \/><br \/>Universidade publicou nota de posicionamento horas depois \u2014 Foto: Instagram\/Reprodu\u00e7\u00e3o <br \/>Ao <a href=\"https:\/\/g1.globo.com\/sp\/bauru-marilia\/\" target=\"_blank\" rel=\"noopener\">g1<\/a>, a assessoria da universidade disse que est\u00e1 tomando medidas em rela\u00e7\u00e3o \u00e0s universit\u00e1rias envolvidas no caso. &#8220;Mas por respeito a todos os envolvidos estamos trabalhando no \u00e2mbito institucional e n\u00e3o divulgaremos&#8221;, disse. <br \/>De acordo com uma das jovens que aparece no v\u00eddeo, a faculdade orientou as estudantes e &#8220;deu a oportunidade de recome\u00e7ar e amadurecer, mudar nossos pensamentos e perceber que coment\u00e1rios assim, sendo brincadeira ou n\u00e3o, s\u00e3o levados muito a s\u00e9rio&#8221;. <br \/><a href=\"https:\/\/g1.globo.com\/df\/distrito-federal\/noticia\/2022\/10\/23\/velho-fobia-saiba-o-que-e-etarismo-e-como-o-preconceito-aparece-no-dia-a-dia.ghtml\" target=\"_blank\" rel=\"noopener\">Etarismo \u00e9 o nome dado \u00e0 discrimina\u00e7\u00e3o e ao preconceito relacionado com a idade de uma pessoa. <\/a>Essa repulsa pode resultar, inclusive, em viol\u00eancia verbal, f\u00edsica ou psicol\u00f3gica. <br \/>No dia a dia, o etarismo pode se manifestar de diferentes maneiras: como piadas, infantiliza\u00e7\u00e3o ou atitudes que geram exclus\u00e3o da v\u00edtima. No meio profissional, esse preconceito tamb\u00e9m se mostra em postagens de candidaturas de vagas de emprego com limite de idade ou em frases como &#8220;voc\u00ea est\u00e1 velho para isso&#8221;. <br \/>As den\u00fancias de viola\u00e7\u00f5es de direitos humanos podem ser feitas de maneira an\u00f4nima pelo Disque Direitos Humanos, o Disque 100.<\/figcaption><\/figure>\n\n\n\n<h1 class=\"wp-block-heading\">Veja os crimes pelos quais universit\u00e1rias de SP podem responder ao debochar de colega por ter mais de 40 anos<\/h1>\n\n\n\n<h2 class=\"wp-block-heading\">Em v\u00eddeo que viralizou nas redes sociais e gerou indigna\u00e7\u00e3o, estudantes de uma universidade particular de Bauru dizem que algu\u00e9m com essa idade deveria estar aposentado.<\/h2>\n\n\n\n<p> <\/p>\n","protected":false},"excerpt":{"rendered":"<p>Veja os crimes pelos quais universit\u00e1rias de SP podem responder ao debochar de colega por ter mais de 40 anos [&hellip;]<\/p>\n","protected":false},"author":1,"featured_media":0,"comment_status":"open","ping_status":"open","sticky":false,"template":"","format":"standard","meta":{"site-sidebar-layout":"default","site-content-layout":"","ast-site-content-layout":"default","site-content-style":"default","site-sidebar-style":"default","ast-global-header-display":"","ast-banner-title-visibility":"","ast-main-header-display":"","ast-hfb-above-header-display":"","ast-hfb-below-header-display":"","ast-hfb-mobile-header-display":"","site-post-title":"","ast-breadcrumbs-content":"","ast-featured-img":"","footer-sml-layout":"","ast-disable-related-posts":"","theme-transparent-header-meta":"","adv-header-id-meta":"","stick-header-meta":"","header-above-stick-meta":"","header-main-stick-meta":"","header-below-stick-meta":"","astra-migrate-meta-layouts":"default","ast-page-background-enabled":"default","ast-page-background-meta":{"desktop":{"background-color":"var(--ast-global-color-4)","background-image":"","background-repeat":"repeat","background-position":"center center","background-size":"auto","background-attachment":"scroll","background-type":"","background-media":"","overlay-type":"","overlay-color":"","overlay-opacity":"","overlay-gradient":""},"tablet":{"background-color":"","background-image":"","background-repeat":"repeat","background-position":"center center","background-size":"auto","background-attachment":"scroll","background-type":"","background-media":"","overlay-type":"","overlay-color":"","overlay-opacity":"","overlay-gradient":""},"mobile":{"background-color":"","background-image":"","background-repeat":"repeat","background-position":"center center","background-size":"auto","background-attachment":"scroll","background-type":"","background-media":"","overlay-type":"","overlay-color":"","overlay-opacity":"","overlay-gradient":""}},"ast-content-background-meta":{"desktop":{"background-color":"var(--ast-global-color-5)","background-image":"","background-repeat":"repeat","background-position":"center center","background-size":"auto","background-attachment":"scroll","background-type":"","background-media":"","overlay-type":"","overlay-color":"","overlay-opacity":"","overlay-gradient":""},"tablet":{"background-color":"var(--ast-global-color-5)","background-image":"","background-repeat":"repeat","background-position":"center center","background-size":"auto","background-attachment":"scroll","background-type":"","background-media":"","overlay-type":"","overlay-color":"","overlay-opacity":"","overlay-gradient":""},"mobile":{"background-color":"var(--ast-global-color-5)","background-image":"","background-repeat":"repeat","background-position":"center center","background-size":"auto","background-attachment":"scroll","background-type":"","background-media":"","overlay-type":"","overlay-color":"","overlay-opacity":"","overlay-gradient":""}},"footnotes":""},"categories":[154],"tags":[2702,2701,2703,2229,2236,199],"class_list":["post-15203","post","type-post","status-publish","format-standard","hentry","category-comportamento","tag-aluna-40-anos","tag-alunas-debocham","tag-faculdade","tag-noticas-do-face","tag-noticas-no-face","tag-noticiasnoface"],"_links":{"self":[{"href":"https:\/\/noticiasnoface.com.br\/index.php\/wp-json\/wp\/v2\/posts\/15203","targetHints":{"allow":["GET"]}}],"collection":[{"href":"https:\/\/noticiasnoface.com.br\/index.php\/wp-json\/wp\/v2\/posts"}],"about":[{"href":"https:\/\/noticiasnoface.com.br\/index.php\/wp-json\/wp\/v2\/types\/post"}],"author":[{"embeddable":true,"href":"https:\/\/noticiasnoface.com.br\/index.php\/wp-json\/wp\/v2\/users\/1"}],"replies":[{"embeddable":true,"href":"https:\/\/noticiasnoface.com.br\/index.php\/wp-json\/wp\/v2\/comments?post=15203"}],"version-history":[{"count":3,"href":"https:\/\/noticiasnoface.com.br\/index.php\/wp-json\/wp\/v2\/posts\/15203\/revisions"}],"predecessor-version":[{"id":15206,"href":"https:\/\/noticiasnoface.com.br\/index.php\/wp-json\/wp\/v2\/posts\/15203\/revisions\/15206"}],"wp:attachment":[{"href":"https:\/\/noticiasnoface.com.br\/index.php\/wp-json\/wp\/v2\/media?parent=15203"}],"wp:term":[{"taxonomy":"category","embeddable":true,"href":"https:\/\/noticiasnoface.com.br\/index.php\/wp-json\/wp\/v2\/categories?post=15203"},{"taxonomy":"post_tag","embeddable":true,"href":"https:\/\/noticiasnoface.com.br\/index.php\/wp-json\/wp\/v2\/tags?post=15203"}],"curies":[{"name":"wp","href":"https:\/\/api.w.org\/{rel}","templated":true}]}}