{"id":15227,"date":"2023-03-17T06:01:39","date_gmt":"2023-03-17T09:01:39","guid":{"rendered":"https:\/\/noticiasnoface.com.br\/?p=15227"},"modified":"2023-03-17T06:01:40","modified_gmt":"2023-03-17T09:01:40","slug":"banco-suspendem-consignados-apos-corte-de-juros-os-vei-que-se-lasque-pa-la","status":"publish","type":"post","link":"https:\/\/noticiasnoface.com.br\/index.php\/2023\/03\/17\/banco-suspendem-consignados-apos-corte-de-juros-os-vei-que-se-lasque-pa-la\/","title":{"rendered":"Banco suspendem consignados ap\u00f3s corte de juros, os v\u00e9i que se lasque p\u00e1 l\u00e1"},"content":{"rendered":"\n<figure class=\"wp-block-image size-large\"><img data-opt-id=1927824937  fetchpriority=\"high\" decoding=\"async\" width=\"1024\" height=\"682\" src=\"https:\/\/mlbfrsat7ahr.i.optimole.com\/w:1024\/h:682\/q:mauto\/ig:avif\/https:\/\/noticiasnoface.com.br\/wp-content\/uploads\/2023\/03\/img_3337.jpg\" class=\"wp-image-15226\" srcset=\"https:\/\/mlbfrsat7ahr.i.optimole.com\/w:1024\/h:682\/q:mauto\/ig:avif\/https:\/\/noticiasnoface.com.br\/wp-content\/uploads\/2023\/03\/img_3337.jpg 1024w, https:\/\/mlbfrsat7ahr.i.optimole.com\/w:300\/h:200\/q:mauto\/ig:avif\/https:\/\/noticiasnoface.com.br\/wp-content\/uploads\/2023\/03\/img_3337.jpg 300w, https:\/\/mlbfrsat7ahr.i.optimole.com\/w:768\/h:511\/q:mauto\/ig:avif\/https:\/\/noticiasnoface.com.br\/wp-content\/uploads\/2023\/03\/img_3337.jpg 768w, https:\/\/mlbfrsat7ahr.i.optimole.com\/w:1242\/h:827\/q:mauto\/ig:avif\/https:\/\/noticiasnoface.com.br\/wp-content\/uploads\/2023\/03\/img_3337.jpg 1242w\" sizes=\"(max-width: 1000px) 100vw, 1000px\" \/><figcaption class=\"wp-element-caption\">Bancos suspendem empr\u00e9stimo ap\u00f3s corte nos juros do consignado do INSS<br><br>Na lista est\u00e3o institui\u00e7\u00f5es como Bradesco, Pan, Banco Mercantil do Brasil e C6 Bank; juros passou de 2,14% ao m\u00eas para 1,70% no teto<br>Foto: Marcello Casal Jr \/ Ag\u00eancia Brasil<br>Depois que o Conselho Nacional de Previd\u00eancia Social aprovou nesta segunda-feira (13) a queda dos juros do empr\u00e9stimo consignado do INSS, uma s\u00e9rie de bancos come\u00e7ou a suspender suas opera\u00e7\u00f5es de empr\u00e9stimo na modalidade.<br>Na lista est\u00e3o institui\u00e7\u00f5es como Bradesco, Pan, Banco Mercantil do Brasil e C6 Bank. A onda confirma previs\u00f5es que executivos do setor j\u00e1 vinham fazendo nos \u00faltimos dias de que havia um risco de corte na oferta do produto.<br>Com a redu\u00e7\u00e3o de 2,14% ao m\u00eas para 1,70% no teto do empr\u00e9stimo pessoal, a avalia\u00e7\u00e3o entre executivos do setor \u00e9 que a margem do produto tende a ficar negativa, o que pode tornar invi\u00e1vel a concess\u00e3o de cr\u00e9dito para uma parte dos aposentados, especialmente aqueles que concentram maior risco de inadimpl\u00eancia, ou seja, os que t\u00eam renda menor e a camada mais idosa.<br>Segundo o Mercantil, que tem foco no p\u00fablico acima de 50 anos, a suspens\u00e3o \u00e9 tempor\u00e1ria. \u201cEstamos avaliando a situa\u00e7\u00e3o e ajustando o produto \u00e0s novas condi\u00e7\u00f5es. O cart\u00e3o consignado e as demais modalidades de cr\u00e9dito pessoal continuam vigentes\u201d, diz o banco. O Pan tamb\u00e9m fala em suspens\u00e3o tempor\u00e1ria.<br>Procurada pelo Painel S.A., a Febraban n\u00e3o comenta o movimento dos bancos. Em nota, a federa\u00e7\u00e3o afirma que cada institui\u00e7\u00e3o tem sua estrat\u00e9gia comercial e n\u00e3o houve qualquer decis\u00e3o coletiva. \u201cOs bancos que ofertam o consignado n\u00e3o reportaram \u00e0 Febraban a suspens\u00e3o da linha de consignado para aposentados do INSS.<br>Como essa decis\u00e3o n\u00e3o \u00e9 uma iniciativa setorial, cada banco tem sua pol\u00edtica comercial de concess\u00e3o de cr\u00e9dito, n\u00e3o cabendo reportar \u00e0 Febraban as linhas de cr\u00e9dito que concedem ou deixam de conceder\u201d, diz o comunicado.<br>Mais cedo, nesta semana, a Febraban divulgou comunicado em que j\u00e1 apontava preocupa\u00e7\u00e3o com o caso. \u201cOs patamares de juros fixados n\u00e3o suportam a estrutura de custos do produto e os novos tetos t\u00eam elevado risco de reduzir a oferta do cr\u00e9dito consignado, levando um p\u00fablico, carente de op\u00e7\u00f5es de cr\u00e9dito acess\u00edvel, a produtos que possuem em sua estrutura taxas mais caras (produtos sem garantias), pois uma parte consider\u00e1vel j\u00e1 est\u00e1 negativada\u201d.<br>Outra entidade do setor, a ABBC (Associa\u00e7\u00e3o Brasileira de Bancos), que representa os bancos de pequeno e m\u00e9dio porte, tamb\u00e9m divulgou comunicado com alerta semelhante.<br>\u201cA redu\u00e7\u00e3o traz riscos \u00e0 continuidade das suas atua\u00e7\u00f5es nesta opera\u00e7\u00e3o com a implementa\u00e7\u00e3o dos novos tetos, o que poder\u00e1 resultar em concentra\u00e7\u00e3o de mercado em poucos bancos, prejudicando a concorr\u00eancia na presta\u00e7\u00e3o de servi\u00e7os ao aposentado, em especial para o p\u00fablico n\u00e3o-bancarizado\u201d, disse a ABBC.<br>(Folhapress)<\/figcaption><\/figure>\n\n\n\n<p><\/p>\n","protected":false},"excerpt":{"rendered":"","protected":false},"author":1,"featured_media":0,"comment_status":"open","ping_status":"open","sticky":false,"template":"","format":"standard","meta":{"site-sidebar-layout":"default","site-content-layout":"","ast-site-content-layout":"default","site-content-style":"default","site-sidebar-style":"default","ast-global-header-display":"","ast-banner-title-visibility":"","ast-main-header-display":"","ast-hfb-above-header-display":"","ast-hfb-below-header-display":"","ast-hfb-mobile-header-display":"","site-post-title":"","ast-breadcrumbs-content":"","ast-featured-img":"","footer-sml-layout":"","ast-disable-related-posts":"","theme-transparent-header-meta":"","adv-header-id-meta":"","stick-header-meta":"","header-above-stick-meta":"","header-main-stick-meta":"","header-below-stick-meta":"","astra-migrate-meta-layouts":"default","ast-page-background-enabled":"default","ast-page-background-meta":{"desktop":{"background-color":"var(--ast-global-color-4)","background-image":"","background-repeat":"repeat","background-position":"center center","background-size":"auto","background-attachment":"scroll","background-type":"","background-media":"","overlay-type":"","overlay-color":"","overlay-opacity":"","overlay-gradient":""},"tablet":{"background-color":"","background-image":"","background-repeat":"repeat","background-position":"center center","background-size":"auto","background-attachment":"scroll","background-type":"","background-media":"","overlay-type":"","overlay-color":"","overlay-opacity":"","overlay-gradient":""},"mobile":{"background-color":"","background-image":"","background-repeat":"repeat","background-position":"center center","background-size":"auto","background-attachment":"scroll","background-type":"","background-media":"","overlay-type":"","overlay-color":"","overlay-opacity":"","overlay-gradient":""}},"ast-content-background-meta":{"desktop":{"background-color":"var(--ast-global-color-5)","background-image":"","background-repeat":"repeat","background-position":"center center","background-size":"auto","background-attachment":"scroll","background-type":"","background-media":"","overlay-type":"","overlay-color":"","overlay-opacity":"","overlay-gradient":""},"tablet":{"background-color":"var(--ast-global-color-5)","background-image":"","background-repeat":"repeat","background-position":"center center","background-size":"auto","background-attachment":"scroll","background-type":"","background-media":"","overlay-type":"","overlay-color":"","overlay-opacity":"","overlay-gradient":""},"mobile":{"background-color":"var(--ast-global-color-5)","background-image":"","background-repeat":"repeat","background-position":"center center","background-size":"auto","background-attachment":"scroll","background-type":"","background-media":"","overlay-type":"","overlay-color":"","overlay-opacity":"","overlay-gradient":""}},"footnotes":""},"categories":[165],"tags":[2708,2707,2229,22],"class_list":["post-15227","post","type-post","status-publish","format-standard","hentry","category-economia","tag-consignados","tag-governo-suspende","tag-noticas-do-face","tag-noticias-no-face"],"_links":{"self":[{"href":"https:\/\/noticiasnoface.com.br\/index.php\/wp-json\/wp\/v2\/posts\/15227","targetHints":{"allow":["GET"]}}],"collection":[{"href":"https:\/\/noticiasnoface.com.br\/index.php\/wp-json\/wp\/v2\/posts"}],"about":[{"href":"https:\/\/noticiasnoface.com.br\/index.php\/wp-json\/wp\/v2\/types\/post"}],"author":[{"embeddable":true,"href":"https:\/\/noticiasnoface.com.br\/index.php\/wp-json\/wp\/v2\/users\/1"}],"replies":[{"embeddable":true,"href":"https:\/\/noticiasnoface.com.br\/index.php\/wp-json\/wp\/v2\/comments?post=15227"}],"version-history":[{"count":1,"href":"https:\/\/noticiasnoface.com.br\/index.php\/wp-json\/wp\/v2\/posts\/15227\/revisions"}],"predecessor-version":[{"id":15228,"href":"https:\/\/noticiasnoface.com.br\/index.php\/wp-json\/wp\/v2\/posts\/15227\/revisions\/15228"}],"wp:attachment":[{"href":"https:\/\/noticiasnoface.com.br\/index.php\/wp-json\/wp\/v2\/media?parent=15227"}],"wp:term":[{"taxonomy":"category","embeddable":true,"href":"https:\/\/noticiasnoface.com.br\/index.php\/wp-json\/wp\/v2\/categories?post=15227"},{"taxonomy":"post_tag","embeddable":true,"href":"https:\/\/noticiasnoface.com.br\/index.php\/wp-json\/wp\/v2\/tags?post=15227"}],"curies":[{"name":"wp","href":"https:\/\/api.w.org\/{rel}","templated":true}]}}