{"id":15230,"date":"2023-03-17T14:18:37","date_gmt":"2023-03-17T17:18:37","guid":{"rendered":"https:\/\/noticiasnoface.com.br\/?p=15230"},"modified":"2023-03-17T21:26:37","modified_gmt":"2023-03-18T00:26:37","slug":"styvenson-mostra-forca-e-pacheco-pede-forcas-armadas-para-o-rn","status":"publish","type":"post","link":"https:\/\/noticiasnoface.com.br\/index.php\/2023\/03\/17\/styvenson-mostra-forca-e-pacheco-pede-forcas-armadas-para-o-rn\/","title":{"rendered":"STYVENSON mostra for\u00e7a e Pacheco pede for\u00e7as armadas para o RN"},"content":{"rendered":"\n<figure class=\"wp-block-image size-large\"><img data-opt-id=192541181  fetchpriority=\"high\" decoding=\"async\" width=\"1024\" height=\"910\" src=\"https:\/\/mlbfrsat7ahr.i.optimole.com\/w:1024\/h:910\/q:mauto\/ig:avif\/https:\/\/noticiasnoface.com.br\/wp-content\/uploads\/2023\/03\/img_3373.jpg\" alt=\"\" class=\"wp-image-15229\" srcset=\"https:\/\/mlbfrsat7ahr.i.optimole.com\/w:1024\/h:910\/q:mauto\/ig:avif\/https:\/\/noticiasnoface.com.br\/wp-content\/uploads\/2023\/03\/img_3373.jpg 1024w, https:\/\/mlbfrsat7ahr.i.optimole.com\/w:300\/h:267\/q:mauto\/ig:avif\/https:\/\/noticiasnoface.com.br\/wp-content\/uploads\/2023\/03\/img_3373.jpg 300w, https:\/\/mlbfrsat7ahr.i.optimole.com\/w:768\/h:682\/q:mauto\/ig:avif\/https:\/\/noticiasnoface.com.br\/wp-content\/uploads\/2023\/03\/img_3373.jpg 768w, https:\/\/mlbfrsat7ahr.i.optimole.com\/w:1148\/h:1020\/q:mauto\/ig:avif\/https:\/\/noticiasnoface.com.br\/wp-content\/uploads\/2023\/03\/img_3373.jpg 1148w\" sizes=\"(max-width: 1000px) 100vw, 1000px\" \/><figcaption class=\"wp-element-caption\">O STYVENSON vira protagonista nacional no combate a criminalidade no Rio Grande do Norte. O senador foi o primeiro e o \u00fanico que agiu de pronto, solicitando refor\u00e7os para combater o terrorismo no RN, e o presidente do senado Rodrigo Pacheco lhe atendeu. <br \/>Se ele como senador pudesse ou  se ele ainda fossse capit\u00e3o da PM ele n\u00e3o estaria nem em Bras\u00edlia, estaria dentro de uma viatura com uma pistola na m\u00e3o um fuzil na outra e um derby na boca entrando em todo boca de fumo de Natal. Infelizmente legislador n\u00e3o pode fazer isso. Quem sabe em 2026?<\/figcaption><\/figure>\n","protected":false},"excerpt":{"rendered":"","protected":false},"author":1,"featured_media":0,"comment_status":"open","ping_status":"open","sticky":false,"template":"","format":"standard","meta":{"site-sidebar-layout":"default","site-content-layout":"","ast-site-content-layout":"default","site-content-style":"default","site-sidebar-style":"default","ast-global-header-display":"","ast-banner-title-visibility":"","ast-main-header-display":"","ast-hfb-above-header-display":"","ast-hfb-below-header-display":"","ast-hfb-mobile-header-display":"","site-post-title":"","ast-breadcrumbs-content":"","ast-featured-img":"","footer-sml-layout":"","ast-disable-related-posts":"","theme-transparent-header-meta":"","adv-header-id-meta":"","stick-header-meta":"","header-above-stick-meta":"","header-main-stick-meta":"","header-below-stick-meta":"","astra-migrate-meta-layouts":"default","ast-page-background-enabled":"default","ast-page-background-meta":{"desktop":{"background-color":"var(--ast-global-color-4)","background-image":"","background-repeat":"repeat","background-position":"center center","background-size":"auto","background-attachment":"scroll","background-type":"","background-media":"","overlay-type":"","overlay-color":"","overlay-opacity":"","overlay-gradient":""},"tablet":{"background-color":"","background-image":"","background-repeat":"repeat","background-position":"center center","background-size":"auto","background-attachment":"scroll","background-type":"","background-media":"","overlay-type":"","overlay-color":"","overlay-opacity":"","overlay-gradient":""},"mobile":{"background-color":"","background-image":"","background-repeat":"repeat","background-position":"center center","background-size":"auto","background-attachment":"scroll","background-type":"","background-media":"","overlay-type":"","overlay-color":"","overlay-opacity":"","overlay-gradient":""}},"ast-content-background-meta":{"desktop":{"background-color":"var(--ast-global-color-5)","background-image":"","background-repeat":"repeat","background-position":"center center","background-size":"auto","background-attachment":"scroll","background-type":"","background-media":"","overlay-type":"","overlay-color":"","overlay-opacity":"","overlay-gradient":""},"tablet":{"background-color":"var(--ast-global-color-5)","background-image":"","background-repeat":"repeat","background-position":"center center","background-size":"auto","background-attachment":"scroll","background-type":"","background-media":"","overlay-type":"","overlay-color":"","overlay-opacity":"","overlay-gradient":""},"mobile":{"background-color":"var(--ast-global-color-5)","background-image":"","background-repeat":"repeat","background-position":"center center","background-size":"auto","background-attachment":"scroll","background-type":"","background-media":"","overlay-type":"","overlay-color":"","overlay-opacity":"","overlay-gradient":""}},"footnotes":""},"categories":[186],"tags":[2236,50,199,193,653,196],"class_list":["post-15230","post","type-post","status-publish","format-standard","hentry","category-senado-federal","tag-noticas-no-face","tag-noticias-do-face","tag-noticiasnoface","tag-senador","tag-senador-styvenson","tag-terrorismo"],"_links":{"self":[{"href":"https:\/\/noticiasnoface.com.br\/index.php\/wp-json\/wp\/v2\/posts\/15230","targetHints":{"allow":["GET"]}}],"collection":[{"href":"https:\/\/noticiasnoface.com.br\/index.php\/wp-json\/wp\/v2\/posts"}],"about":[{"href":"https:\/\/noticiasnoface.com.br\/index.php\/wp-json\/wp\/v2\/types\/post"}],"author":[{"embeddable":true,"href":"https:\/\/noticiasnoface.com.br\/index.php\/wp-json\/wp\/v2\/users\/1"}],"replies":[{"embeddable":true,"href":"https:\/\/noticiasnoface.com.br\/index.php\/wp-json\/wp\/v2\/comments?post=15230"}],"version-history":[{"count":3,"href":"https:\/\/noticiasnoface.com.br\/index.php\/wp-json\/wp\/v2\/posts\/15230\/revisions"}],"predecessor-version":[{"id":15234,"href":"https:\/\/noticiasnoface.com.br\/index.php\/wp-json\/wp\/v2\/posts\/15230\/revisions\/15234"}],"wp:attachment":[{"href":"https:\/\/noticiasnoface.com.br\/index.php\/wp-json\/wp\/v2\/media?parent=15230"}],"wp:term":[{"taxonomy":"category","embeddable":true,"href":"https:\/\/noticiasnoface.com.br\/index.php\/wp-json\/wp\/v2\/categories?post=15230"},{"taxonomy":"post_tag","embeddable":true,"href":"https:\/\/noticiasnoface.com.br\/index.php\/wp-json\/wp\/v2\/tags?post=15230"}],"curies":[{"name":"wp","href":"https:\/\/api.w.org\/{rel}","templated":true}]}}