{"id":15254,"date":"2023-03-19T05:42:37","date_gmt":"2023-03-19T08:42:37","guid":{"rendered":"https:\/\/noticiasnoface.com.br\/?p=15254"},"modified":"2023-03-19T05:42:38","modified_gmt":"2023-03-19T08:42:38","slug":"grupos-terroristas-colocam-pressao-no-governo-do-rn","status":"publish","type":"post","link":"https:\/\/noticiasnoface.com.br\/index.php\/2023\/03\/19\/grupos-terroristas-colocam-pressao-no-governo-do-rn\/","title":{"rendered":"Grupos terroristas colocam press\u00e3o no governo do RN"},"content":{"rendered":"\n<figure class=\"wp-block-image size-large\"><img data-opt-id=1140541784  fetchpriority=\"high\" decoding=\"async\" width=\"1024\" height=\"837\" src=\"https:\/\/mlbfrsat7ahr.i.optimole.com\/w:1024\/h:837\/q:mauto\/ig:avif\/https:\/\/noticiasnoface.com.br\/wp-content\/uploads\/2023\/03\/img_3436.jpg\" class=\"wp-image-15253\" srcset=\"https:\/\/mlbfrsat7ahr.i.optimole.com\/w:1024\/h:837\/q:mauto\/ig:avif\/https:\/\/noticiasnoface.com.br\/wp-content\/uploads\/2023\/03\/img_3436.jpg 1024w, https:\/\/mlbfrsat7ahr.i.optimole.com\/w:300\/h:245\/q:mauto\/ig:avif\/https:\/\/noticiasnoface.com.br\/wp-content\/uploads\/2023\/03\/img_3436.jpg 300w, https:\/\/mlbfrsat7ahr.i.optimole.com\/w:768\/h:628\/q:mauto\/ig:avif\/https:\/\/noticiasnoface.com.br\/wp-content\/uploads\/2023\/03\/img_3436.jpg 768w, https:\/\/mlbfrsat7ahr.i.optimole.com\/w:1242\/h:1015\/q:mauto\/ig:avif\/https:\/\/noticiasnoface.com.br\/wp-content\/uploads\/2023\/03\/img_3436.jpg 1242w\" sizes=\"(max-width: 1000px) 100vw, 1000px\" \/><figcaption class=\"wp-element-caption\">Um v\u00eddeo que circula pelas redes sociais mostra um grupo de criminosos fazendo exig\u00eancias ao governo do Rio Grande do Norte para encerrar os ataques no Estado. O conte\u00fado exibe tr\u00eas homens mascarados que dizem pertencer \u00e0 fac\u00e7\u00e3o respons\u00e1vel pelos atos, que aterrorizam a popula\u00e7\u00e3o Potiguar desde ter\u00e7a-feira, 14 de mar\u00e7o<br>Os criminosos fizeram fortes amea\u00e7as e falaram em \u201cguerra contra o Estado\u201d. Entre as exig\u00eancias, est\u00e3o: visitas \u00edntimas de 15 em 15 dias e quatro visitas por m\u00eas, uma por semana; banho de sol, alimenta\u00e7\u00e3o melhor, televis\u00e3o e luz nas celas; e que o Poder Judici\u00e1rio do RN seja investigado por soltar presos do regime semiaberto. \u201cEssa guerra n\u00e3o vai parar enquanto tudo isso n\u00e3o for aceito pelo governo\u201d, diz um dos homens mascarados. \u201cA gente n\u00e3o quer guerra, a n\u00e3o ser com o governo. Nossa guerra est\u00e1 declarada com o Estado\u201d , disse<br>Um outro homem que aparece no v\u00eddeo menciona que autoridades estariam dificultando a progress\u00e3o de presos para o regime semiaberto. \u201cA gente n\u00e3o vai parar mais, n\u00e3o, enquanto o direito para os nossos irm\u00e3os que est\u00e3o l\u00e1 dentro n\u00e3o for aceito\u201d. A Secretaria da Seguran\u00e7a P\u00fablica e da Defesa Social do Estado investiga o conte\u00fado, que segundo a pasta circula pelas redes h\u00e1 algum tempo<br><\/figcaption><\/figure>\n","protected":false},"excerpt":{"rendered":"","protected":false},"author":1,"featured_media":0,"comment_status":"open","ping_status":"open","sticky":false,"template":"","format":"standard","meta":{"site-sidebar-layout":"default","site-content-layout":"","ast-site-content-layout":"default","site-content-style":"default","site-sidebar-style":"default","ast-global-header-display":"","ast-banner-title-visibility":"","ast-main-header-display":"","ast-hfb-above-header-display":"","ast-hfb-below-header-display":"","ast-hfb-mobile-header-display":"","site-post-title":"","ast-breadcrumbs-content":"","ast-featured-img":"","footer-sml-layout":"","ast-disable-related-posts":"","theme-transparent-header-meta":"","adv-header-id-meta":"","stick-header-meta":"","header-above-stick-meta":"","header-main-stick-meta":"","header-below-stick-meta":"","astra-migrate-meta-layouts":"default","ast-page-background-enabled":"default","ast-page-background-meta":{"desktop":{"background-color":"var(--ast-global-color-4)","background-image":"","background-repeat":"repeat","background-position":"center center","background-size":"auto","background-attachment":"scroll","background-type":"","background-media":"","overlay-type":"","overlay-color":"","overlay-opacity":"","overlay-gradient":""},"tablet":{"background-color":"","background-image":"","background-repeat":"repeat","background-position":"center center","background-size":"auto","background-attachment":"scroll","background-type":"","background-media":"","overlay-type":"","overlay-color":"","overlay-opacity":"","overlay-gradient":""},"mobile":{"background-color":"","background-image":"","background-repeat":"repeat","background-position":"center center","background-size":"auto","background-attachment":"scroll","background-type":"","background-media":"","overlay-type":"","overlay-color":"","overlay-opacity":"","overlay-gradient":""}},"ast-content-background-meta":{"desktop":{"background-color":"var(--ast-global-color-5)","background-image":"","background-repeat":"repeat","background-position":"center center","background-size":"auto","background-attachment":"scroll","background-type":"","background-media":"","overlay-type":"","overlay-color":"","overlay-opacity":"","overlay-gradient":""},"tablet":{"background-color":"var(--ast-global-color-5)","background-image":"","background-repeat":"repeat","background-position":"center center","background-size":"auto","background-attachment":"scroll","background-type":"","background-media":"","overlay-type":"","overlay-color":"","overlay-opacity":"","overlay-gradient":""},"mobile":{"background-color":"var(--ast-global-color-5)","background-image":"","background-repeat":"repeat","background-position":"center center","background-size":"auto","background-attachment":"scroll","background-type":"","background-media":"","overlay-type":"","overlay-color":"","overlay-opacity":"","overlay-gradient":""}},"footnotes":""},"categories":[517],"tags":[124,1084,2236,64,618],"class_list":["post-15254","post","type-post","status-publish","format-standard","hentry","category-aconteceu","tag-faccao","tag-governadora-do-pt","tag-noticas-no-face","tag-rio-grande-do-norte","tag-terror"],"_links":{"self":[{"href":"https:\/\/noticiasnoface.com.br\/index.php\/wp-json\/wp\/v2\/posts\/15254","targetHints":{"allow":["GET"]}}],"collection":[{"href":"https:\/\/noticiasnoface.com.br\/index.php\/wp-json\/wp\/v2\/posts"}],"about":[{"href":"https:\/\/noticiasnoface.com.br\/index.php\/wp-json\/wp\/v2\/types\/post"}],"author":[{"embeddable":true,"href":"https:\/\/noticiasnoface.com.br\/index.php\/wp-json\/wp\/v2\/users\/1"}],"replies":[{"embeddable":true,"href":"https:\/\/noticiasnoface.com.br\/index.php\/wp-json\/wp\/v2\/comments?post=15254"}],"version-history":[{"count":1,"href":"https:\/\/noticiasnoface.com.br\/index.php\/wp-json\/wp\/v2\/posts\/15254\/revisions"}],"predecessor-version":[{"id":15255,"href":"https:\/\/noticiasnoface.com.br\/index.php\/wp-json\/wp\/v2\/posts\/15254\/revisions\/15255"}],"wp:attachment":[{"href":"https:\/\/noticiasnoface.com.br\/index.php\/wp-json\/wp\/v2\/media?parent=15254"}],"wp:term":[{"taxonomy":"category","embeddable":true,"href":"https:\/\/noticiasnoface.com.br\/index.php\/wp-json\/wp\/v2\/categories?post=15254"},{"taxonomy":"post_tag","embeddable":true,"href":"https:\/\/noticiasnoface.com.br\/index.php\/wp-json\/wp\/v2\/tags?post=15254"}],"curies":[{"name":"wp","href":"https:\/\/api.w.org\/{rel}","templated":true}]}}