{"id":15292,"date":"2023-03-20T11:46:24","date_gmt":"2023-03-20T14:46:24","guid":{"rendered":"https:\/\/noticiasnoface.com.br\/?p=15292"},"modified":"2023-03-20T11:46:24","modified_gmt":"2023-03-20T14:46:24","slug":"populacao-em-panico-ja-sao-284-ataques-no-rn-em-seis-dias-diz-sesed","status":"publish","type":"post","link":"https:\/\/noticiasnoface.com.br\/index.php\/2023\/03\/20\/populacao-em-panico-ja-sao-284-ataques-no-rn-em-seis-dias-diz-sesed\/","title":{"rendered":"POPULA\u00c7\u00c3O EM P\u00c2NICO: J\u00e1 s\u00e3o 284 ataques no RN em seis dias, diz SESED"},"content":{"rendered":"\n<figure class=\"wp-block-image size-large\"><img data-opt-id=1277010360  fetchpriority=\"high\" decoding=\"async\" width=\"1024\" height=\"786\" src=\"https:\/\/mlbfrsat7ahr.i.optimole.com\/w:1024\/h:786\/q:mauto\/ig:avif\/https:\/\/noticiasnoface.com.br\/wp-content\/uploads\/2023\/03\/img_3507.jpg\" class=\"wp-image-15291\" srcset=\"https:\/\/mlbfrsat7ahr.i.optimole.com\/w:1024\/h:786\/q:mauto\/ig:avif\/https:\/\/noticiasnoface.com.br\/wp-content\/uploads\/2023\/03\/img_3507.jpg 1024w, https:\/\/mlbfrsat7ahr.i.optimole.com\/w:300\/h:230\/q:mauto\/ig:avif\/https:\/\/noticiasnoface.com.br\/wp-content\/uploads\/2023\/03\/img_3507.jpg 300w, https:\/\/mlbfrsat7ahr.i.optimole.com\/w:768\/h:589\/q:mauto\/ig:avif\/https:\/\/noticiasnoface.com.br\/wp-content\/uploads\/2023\/03\/img_3507.jpg 768w, https:\/\/mlbfrsat7ahr.i.optimole.com\/w:1242\/h:953\/q:mauto\/ig:avif\/https:\/\/noticiasnoface.com.br\/wp-content\/uploads\/2023\/03\/img_3507.jpg 1242w\" sizes=\"(max-width: 1000px) 100vw, 1000px\" \/><figcaption class=\"wp-element-caption\">Sesed registra 284 ataques criminosos em seis dias no RN<br>A Secretaria Estadual de Seguran\u00e7a P\u00fablica e de Defesa Social (Sesed) registrou 284 ataques criminosos em Natal e interior potiguar entre a ter\u00e7a-feira (14) e o domingo (19). O n\u00famero de a\u00e7\u00f5es criminosas tem ca\u00eddo.<br>De acordo com os dados oficiais do Governo do Estado, a ter\u00e7a-feira foi o dia mais violento no estado, com 105 ataques. Na quarta-feira, foram 68, com outros 57 ocorrendo na quinta-feira, j\u00e1 com a presen\u00e7a de homens da For\u00e7a Nacional no estado.<br>Na sexta-feira, o Governo do Estado registrou 29 ataques, com o n\u00famero caindo para 18 no s\u00e1bado e para 7, no domingo. At\u00e9 o momento, 137 pessoas foram presas desde o in\u00edcios dos ataques, com apreens\u00f5es de 38 armas, 106 explosivos e 28 gal\u00f5es de combust\u00edveis.<br>O ministro da Justi\u00e7a, Fl\u00e1vio Dino, chegou ao Rio Grande do Norte no domingo e participa de reuni\u00f5es com membros dos poderes do estado para tratar do apoio do Governo Federal no combate \u00e0 onda de crimes.<br>Fonte: Tribuna do Norte<\/figcaption><\/figure>\n","protected":false},"excerpt":{"rendered":"","protected":false},"author":1,"featured_media":0,"comment_status":"open","ping_status":"open","sticky":false,"template":"","format":"standard","meta":{"site-sidebar-layout":"default","site-content-layout":"","ast-site-content-layout":"default","site-content-style":"default","site-sidebar-style":"default","ast-global-header-display":"","ast-banner-title-visibility":"","ast-main-header-display":"","ast-hfb-above-header-display":"","ast-hfb-below-header-display":"","ast-hfb-mobile-header-display":"","site-post-title":"","ast-breadcrumbs-content":"","ast-featured-img":"","footer-sml-layout":"","ast-disable-related-posts":"","theme-transparent-header-meta":"","adv-header-id-meta":"","stick-header-meta":"","header-above-stick-meta":"","header-main-stick-meta":"","header-below-stick-meta":"","astra-migrate-meta-layouts":"default","ast-page-background-enabled":"default","ast-page-background-meta":{"desktop":{"background-color":"var(--ast-global-color-4)","background-image":"","background-repeat":"repeat","background-position":"center center","background-size":"auto","background-attachment":"scroll","background-type":"","background-media":"","overlay-type":"","overlay-color":"","overlay-opacity":"","overlay-gradient":""},"tablet":{"background-color":"","background-image":"","background-repeat":"repeat","background-position":"center center","background-size":"auto","background-attachment":"scroll","background-type":"","background-media":"","overlay-type":"","overlay-color":"","overlay-opacity":"","overlay-gradient":""},"mobile":{"background-color":"","background-image":"","background-repeat":"repeat","background-position":"center center","background-size":"auto","background-attachment":"scroll","background-type":"","background-media":"","overlay-type":"","overlay-color":"","overlay-opacity":"","overlay-gradient":""}},"ast-content-background-meta":{"desktop":{"background-color":"var(--ast-global-color-5)","background-image":"","background-repeat":"repeat","background-position":"center center","background-size":"auto","background-attachment":"scroll","background-type":"","background-media":"","overlay-type":"","overlay-color":"","overlay-opacity":"","overlay-gradient":""},"tablet":{"background-color":"var(--ast-global-color-5)","background-image":"","background-repeat":"repeat","background-position":"center center","background-size":"auto","background-attachment":"scroll","background-type":"","background-media":"","overlay-type":"","overlay-color":"","overlay-opacity":"","overlay-gradient":""},"mobile":{"background-color":"var(--ast-global-color-5)","background-image":"","background-repeat":"repeat","background-position":"center center","background-size":"auto","background-attachment":"scroll","background-type":"","background-media":"","overlay-type":"","overlay-color":"","overlay-opacity":"","overlay-gradient":""}},"footnotes":""},"categories":[517],"tags":[120,2473,2229,22,199,618,196],"class_list":["post-15292","post","type-post","status-publish","format-standard","hentry","category-aconteceu","tag-governo-do-estado","tag-governo-do-pt","tag-noticas-do-face","tag-noticias-no-face","tag-noticiasnoface","tag-terror","tag-terrorismo"],"_links":{"self":[{"href":"https:\/\/noticiasnoface.com.br\/index.php\/wp-json\/wp\/v2\/posts\/15292","targetHints":{"allow":["GET"]}}],"collection":[{"href":"https:\/\/noticiasnoface.com.br\/index.php\/wp-json\/wp\/v2\/posts"}],"about":[{"href":"https:\/\/noticiasnoface.com.br\/index.php\/wp-json\/wp\/v2\/types\/post"}],"author":[{"embeddable":true,"href":"https:\/\/noticiasnoface.com.br\/index.php\/wp-json\/wp\/v2\/users\/1"}],"replies":[{"embeddable":true,"href":"https:\/\/noticiasnoface.com.br\/index.php\/wp-json\/wp\/v2\/comments?post=15292"}],"version-history":[{"count":1,"href":"https:\/\/noticiasnoface.com.br\/index.php\/wp-json\/wp\/v2\/posts\/15292\/revisions"}],"predecessor-version":[{"id":15293,"href":"https:\/\/noticiasnoface.com.br\/index.php\/wp-json\/wp\/v2\/posts\/15292\/revisions\/15293"}],"wp:attachment":[{"href":"https:\/\/noticiasnoface.com.br\/index.php\/wp-json\/wp\/v2\/media?parent=15292"}],"wp:term":[{"taxonomy":"category","embeddable":true,"href":"https:\/\/noticiasnoface.com.br\/index.php\/wp-json\/wp\/v2\/categories?post=15292"},{"taxonomy":"post_tag","embeddable":true,"href":"https:\/\/noticiasnoface.com.br\/index.php\/wp-json\/wp\/v2\/tags?post=15292"}],"curies":[{"name":"wp","href":"https:\/\/api.w.org\/{rel}","templated":true}]}}