{"id":15300,"date":"2023-03-20T22:20:15","date_gmt":"2023-03-21T01:20:15","guid":{"rendered":"https:\/\/noticiasnoface.com.br\/?p=15300"},"modified":"2023-03-20T22:20:15","modified_gmt":"2023-03-21T01:20:15","slug":"comissao-de-saude-aprova-projetos-que-preveem-servico-de-psicologia-em-natal","status":"publish","type":"post","link":"https:\/\/noticiasnoface.com.br\/index.php\/2023\/03\/20\/comissao-de-saude-aprova-projetos-que-preveem-servico-de-psicologia-em-natal\/","title":{"rendered":"Comiss\u00e3o de Sa\u00fade aprova projetos que preveem servi\u00e7o de psicologia em Natal"},"content":{"rendered":"\n<figure class=\"wp-block-image size-large\"><img data-opt-id=319376575  fetchpriority=\"high\" decoding=\"async\" width=\"1024\" height=\"686\" src=\"https:\/\/mlbfrsat7ahr.i.optimole.com\/w:1024\/h:686\/q:mauto\/ig:avif\/https:\/\/noticiasnoface.com.br\/wp-content\/uploads\/2023\/03\/img_3526.jpg\" class=\"wp-image-15299\" srcset=\"https:\/\/mlbfrsat7ahr.i.optimole.com\/w:1024\/h:686\/q:mauto\/ig:avif\/https:\/\/noticiasnoface.com.br\/wp-content\/uploads\/2023\/03\/img_3526.jpg 1024w, https:\/\/mlbfrsat7ahr.i.optimole.com\/w:300\/h:201\/q:mauto\/ig:avif\/https:\/\/noticiasnoface.com.br\/wp-content\/uploads\/2023\/03\/img_3526.jpg 300w, https:\/\/mlbfrsat7ahr.i.optimole.com\/w:768\/h:515\/q:mauto\/ig:avif\/https:\/\/noticiasnoface.com.br\/wp-content\/uploads\/2023\/03\/img_3526.jpg 768w, https:\/\/mlbfrsat7ahr.i.optimole.com\/w:1536\/h:1029\/q:mauto\/ig:avif\/https:\/\/noticiasnoface.com.br\/wp-content\/uploads\/2023\/03\/img_3526.jpg 1536w, https:\/\/mlbfrsat7ahr.i.optimole.com\/w:1600\/h:1072\/q:mauto\/ig:avif\/https:\/\/noticiasnoface.com.br\/wp-content\/uploads\/2023\/03\/img_3526.jpg 1600w\" sizes=\"(max-width: 1000px) 100vw, 1000px\" \/><figcaption class=\"wp-element-caption\">A Comiss\u00e3o de Sa\u00fade, Previd\u00eancia e de Assist\u00eancia Social da C\u00e2mara Municipal de Natal realizou na tarde desta segunda-feira (20) uma reuni\u00e3o para apreciar e votar projetos de lei que contou com a participa\u00e7\u00e3o dos vereadores Herberth Sena (PSDB), Preto Aquino (PSD), Camila Ara\u00fajo (Uni\u00e3o Brasil) e Peixoto (PTB). Destaque para a aprova\u00e7\u00e3o do PL 267\/2022 encaminhado pelo vereador Kleber Fernandes (PSDB) que autoriza o acompanhamento psicol\u00f3gico \u00e0s mulheres v\u00edtimas de viol\u00eancia dom\u00e9stica nos Postos de Sa\u00fade e nas Unidades B\u00e1sicas de Sa\u00fade (UBS). <br>De acordo com o texto, as Unidades B\u00e1sicas integrantes da Rede P\u00fablica de Sa\u00fade do Munic\u00edpio dever\u00e3o propiciar condi\u00e7\u00f5es para a presta\u00e7\u00e3o de acompanhamento psicol\u00f3gico para as mulheres v\u00edtimas de viol\u00eancia dom\u00e9stica. J\u00e1 o Poder P\u00fablico poder\u00e1 contratar profissionais especializados na \u00e1rea de Psicologia, ou celebrar conv\u00eanios com Organiza\u00e7\u00f5es n\u00e3o Governamentais (ONGs), com observ\u00e2ncia das normas relativas \u00e0 mat\u00e9ria, para cumprir a finalidade prevista na Lei. <br>Em tem\u00e1tica semelhante, recebeu parecer favor\u00e1vel o PL 399\/2022 que implanta o \u201cPrograma de Atendimento Psicol\u00f3gico \u00e0s V\u00edtimas de Aliena\u00e7\u00e3o Parental\u201d na capital potiguar. De autoria do vereador Luciano Nascimento (PTB), a proposta visa estabelecer orienta\u00e7\u00f5es para o atendimento das v\u00edtimas de aliena\u00e7\u00e3o parental e proporcionar apoio psicol\u00f3gico \u00e0s v\u00edtimas ap\u00f3s a consecu\u00e7\u00e3o de a\u00e7\u00e3o judicial proferida na inst\u00e2ncia competente. <br>Outras duas mat\u00e9rias foram acatadas pelo colegiado: PL 220\/2020, da ex-vereadora Divaneide Bas\u00edlio, que cria no Calend\u00e1rio de Eventos de Natal, o Dia Municipal dos RAROS, a ser celebrado nos anos bissextos, no dia 29 de fevereiro, quando se comemora o &#8220;Dia Mundial das Doen\u00e7as Raras&#8221;, e o PL 242\/2022, do vereador Peixoto, que disp\u00f5e sobre a distribui\u00e7\u00e3o de equipamentos de prote\u00e7\u00e3o contra radia\u00e7\u00e3o ultravioleta aos servidores p\u00fablicos que prestem servi\u00e7os desempenhando suas fun\u00e7\u00f5es ao ar livre, expostos ao sol.<br>Por fim, o presidente da Comiss\u00e3o de Sa\u00fade, vereador Herberth Sena, falou sobre o relat\u00f3rio da visita fiscalizat\u00f3ria ao Departamento de Assist\u00eancia Farmac\u00eautica (DAF) e ao Departamento de Log\u00edstica e Suporte Imediato \u00e0 Sa\u00fade (DLS). &#8220;Verificamos que a comunica\u00e7\u00e3o entre o sistema de abastecimento e os hospitais e postos de sa\u00fade precisa melhorar, para que a log\u00edstica seja mais eficiente e os insumos cheguem at\u00e9 a popula\u00e7\u00e3o. Dito isso, a comiss\u00e3o vai buscar junto \u00e0 Secretaria Municipal de Sa\u00fade uma forma de resolver esta quest\u00e3o&#8221;, concluiu.<br><strong><em>Texto: Junior Martins<br>Fotos: Elp\u00eddio J\u00fanior<\/em><\/strong><\/figcaption><\/figure>\n","protected":false},"excerpt":{"rendered":"","protected":false},"author":1,"featured_media":0,"comment_status":"open","ping_status":"open","sticky":false,"template":"","format":"standard","meta":{"site-sidebar-layout":"default","site-content-layout":"","ast-site-content-layout":"default","site-content-style":"default","site-sidebar-style":"default","ast-global-header-display":"","ast-banner-title-visibility":"","ast-main-header-display":"","ast-hfb-above-header-display":"","ast-hfb-below-header-display":"","ast-hfb-mobile-header-display":"","site-post-title":"","ast-breadcrumbs-content":"","ast-featured-img":"","footer-sml-layout":"","ast-disable-related-posts":"","theme-transparent-header-meta":"","adv-header-id-meta":"","stick-header-meta":"","header-above-stick-meta":"","header-main-stick-meta":"","header-below-stick-meta":"","astra-migrate-meta-layouts":"default","ast-page-background-enabled":"default","ast-page-background-meta":{"desktop":{"background-color":"var(--ast-global-color-4)","background-image":"","background-repeat":"repeat","background-position":"center center","background-size":"auto","background-attachment":"scroll","background-type":"","background-media":"","overlay-type":"","overlay-color":"","overlay-opacity":"","overlay-gradient":""},"tablet":{"background-color":"","background-image":"","background-repeat":"repeat","background-position":"center center","background-size":"auto","background-attachment":"scroll","background-type":"","background-media":"","overlay-type":"","overlay-color":"","overlay-opacity":"","overlay-gradient":""},"mobile":{"background-color":"","background-image":"","background-repeat":"repeat","background-position":"center center","background-size":"auto","background-attachment":"scroll","background-type":"","background-media":"","overlay-type":"","overlay-color":"","overlay-opacity":"","overlay-gradient":""}},"ast-content-background-meta":{"desktop":{"background-color":"var(--ast-global-color-5)","background-image":"","background-repeat":"repeat","background-position":"center center","background-size":"auto","background-attachment":"scroll","background-type":"","background-media":"","overlay-type":"","overlay-color":"","overlay-opacity":"","overlay-gradient":""},"tablet":{"background-color":"var(--ast-global-color-5)","background-image":"","background-repeat":"repeat","background-position":"center center","background-size":"auto","background-attachment":"scroll","background-type":"","background-media":"","overlay-type":"","overlay-color":"","overlay-opacity":"","overlay-gradient":""},"mobile":{"background-color":"var(--ast-global-color-5)","background-image":"","background-repeat":"repeat","background-position":"center center","background-size":"auto","background-attachment":"scroll","background-type":"","background-media":"","overlay-type":"","overlay-color":"","overlay-opacity":"","overlay-gradient":""}},"footnotes":""},"categories":[517],"tags":[],"class_list":["post-15300","post","type-post","status-publish","format-standard","hentry","category-aconteceu"],"_links":{"self":[{"href":"https:\/\/noticiasnoface.com.br\/index.php\/wp-json\/wp\/v2\/posts\/15300","targetHints":{"allow":["GET"]}}],"collection":[{"href":"https:\/\/noticiasnoface.com.br\/index.php\/wp-json\/wp\/v2\/posts"}],"about":[{"href":"https:\/\/noticiasnoface.com.br\/index.php\/wp-json\/wp\/v2\/types\/post"}],"author":[{"embeddable":true,"href":"https:\/\/noticiasnoface.com.br\/index.php\/wp-json\/wp\/v2\/users\/1"}],"replies":[{"embeddable":true,"href":"https:\/\/noticiasnoface.com.br\/index.php\/wp-json\/wp\/v2\/comments?post=15300"}],"version-history":[{"count":1,"href":"https:\/\/noticiasnoface.com.br\/index.php\/wp-json\/wp\/v2\/posts\/15300\/revisions"}],"predecessor-version":[{"id":15301,"href":"https:\/\/noticiasnoface.com.br\/index.php\/wp-json\/wp\/v2\/posts\/15300\/revisions\/15301"}],"wp:attachment":[{"href":"https:\/\/noticiasnoface.com.br\/index.php\/wp-json\/wp\/v2\/media?parent=15300"}],"wp:term":[{"taxonomy":"category","embeddable":true,"href":"https:\/\/noticiasnoface.com.br\/index.php\/wp-json\/wp\/v2\/categories?post=15300"},{"taxonomy":"post_tag","embeddable":true,"href":"https:\/\/noticiasnoface.com.br\/index.php\/wp-json\/wp\/v2\/tags?post=15300"}],"curies":[{"name":"wp","href":"https:\/\/api.w.org\/{rel}","templated":true}]}}