{"id":15324,"date":"2023-03-22T21:38:13","date_gmt":"2023-03-23T00:38:13","guid":{"rendered":"https:\/\/noticiasnoface.com.br\/?p=15324"},"modified":"2023-03-22T21:38:13","modified_gmt":"2023-03-23T00:38:13","slug":"camara-derruba-veto-do-executivo-e-abre-caminho-para-plano-da-carreira-suas","status":"publish","type":"post","link":"https:\/\/noticiasnoface.com.br\/index.php\/2023\/03\/22\/camara-derruba-veto-do-executivo-e-abre-caminho-para-plano-da-carreira-suas\/","title":{"rendered":"C\u00e2mara derruba veto do Executivo e abre caminho para Plano da Carreira SUAS"},"content":{"rendered":"\n<figure class=\"wp-block-image size-large\"><img data-opt-id=1147153334  fetchpriority=\"high\" decoding=\"async\" width=\"1024\" height=\"682\" src=\"https:\/\/mlbfrsat7ahr.i.optimole.com\/w:1024\/h:682\/q:mauto\/ig:avif\/https:\/\/noticiasnoface.com.br\/wp-content\/uploads\/2023\/03\/img_3606.jpg\" class=\"wp-image-15323\" srcset=\"https:\/\/mlbfrsat7ahr.i.optimole.com\/w:1024\/h:682\/q:mauto\/ig:avif\/https:\/\/noticiasnoface.com.br\/wp-content\/uploads\/2023\/03\/img_3606.jpg 1024w, https:\/\/mlbfrsat7ahr.i.optimole.com\/w:300\/h:200\/q:mauto\/ig:avif\/https:\/\/noticiasnoface.com.br\/wp-content\/uploads\/2023\/03\/img_3606.jpg 300w, https:\/\/mlbfrsat7ahr.i.optimole.com\/w:768\/h:512\/q:mauto\/ig:avif\/https:\/\/noticiasnoface.com.br\/wp-content\/uploads\/2023\/03\/img_3606.jpg 768w, https:\/\/mlbfrsat7ahr.i.optimole.com\/w:1536\/h:1023\/q:mauto\/ig:avif\/https:\/\/noticiasnoface.com.br\/wp-content\/uploads\/2023\/03\/img_3606.jpg 1536w, https:\/\/mlbfrsat7ahr.i.optimole.com\/w:1600\/h:1066\/q:mauto\/ig:avif\/https:\/\/noticiasnoface.com.br\/wp-content\/uploads\/2023\/03\/img_3606.jpg 1600w\" sizes=\"(max-width: 1000px) 100vw, 1000px\" \/><figcaption class=\"wp-element-caption\">Os vereadores e vereadoras de Natal derrubaram o veto parcial do Poder Executivo Municipal ao Projeto de Lei 477\/2022, abrindo caminho para a implementa\u00e7\u00e3o do Plano de Carreira, Cargos e Vencimentos dos profissionais do Sistema \u00danico de Assist\u00eancia Social (SUAS), na sess\u00e3o ordin\u00e1ria desta quarta-feira (22).<br>Na galeria da Casa, os servidores comemoraram a decis\u00e3o un\u00e2nime do plen\u00e1rio. \u201cA n\u00f3s que levamos seguran\u00e7a alimentar ao povo natalense falta, muitas vezes, condi\u00e7\u00f5es de comprar o nosso pr\u00f3prio alimento, e a decis\u00e3o dos vereadores e vereadoras de derrubar esse veto hoje significa a garantia de que os servidores da Assist\u00eancia Social de Natal ter\u00e3o valoriza\u00e7\u00e3o atrav\u00e9s de um sal\u00e1rio digno, para que possam continuar exercendo suas fun\u00e7\u00f5es\u201d, comemorou Francisco Gomes de Lima, cuidador e membro da Comiss\u00e3o criada para a elabora\u00e7\u00e3o do Plano da Carreira SUAS.<br>Ele explicou que, depois de implantado, o Plano vai corrigir distor\u00e7\u00f5es como sal\u00e1rios bases menores que o sal\u00e1rio m\u00ednimo, como acontece hoje com os servidores de n\u00edveis fundamental e m\u00e9dio da Secretaria Municipal de Trabalho e Assist\u00eancia Social. \u201cHoje a C\u00e2mara Municipal de Natal deu um exemplo de respeito para com os servidores e para com a classe trabalhadora, ao reconhecer a import\u00e2ncia dessa implementa\u00e7\u00e3o dos vencimentos e a melhoria das condi\u00e7\u00f5es de trabalho\u201d, completou.<br>\u201cSabemos que essa viol\u00eancia pela qual passa o pa\u00eds s\u00f3 pode mudar atrav\u00e9s da  oferta de qualidade de vida, educa\u00e7\u00e3o, sa\u00fade e assist\u00eancia social e qualifica\u00e7\u00e3o profissional.  Para isso, a gente tem que valorizar os profissionais dessas \u00e1reas, para que as pol\u00edticas p\u00fablicas sejam verdadeiramente constru\u00eddas, onde as pessoas vivem, que \u00e9 nos munic\u00edpios\u201d, ressaltou o vereador Herberth Sena (PSDB). \u201c\u00c9 bom lembrar que quando aprovou a Carreira SUAS, esta Casa fez todos os ajustes necess\u00e1rios, do ponto de vista or\u00e7ament\u00e1rio, para a implementa\u00e7\u00e3o do Plano de Carreira, Cargos e Vencimentos dos profissionais do Sistema \u00danico de Assist\u00eancia Social. Ent\u00e3o n\u00e3o havia motivo algum para o veto\u201d, comentou o vereador Daniel Valen\u00e7a (PT).<br>Na mesma sess\u00e3o foi aprovado o Projeto de Lei 553\/2021, da vereadora Camila Ara\u00fajo (Uni\u00e3o Brasil), dispondo sobre a inclus\u00e3o no Sistema de Sa\u00fade de Natal de pol\u00edticas p\u00fablicas que favore\u00e7am o acompanhamento p\u00f3s-cir\u00fargico adequado para os pacientes submetidos a cirurgias bari\u00e1tricas. \u201cUma gastroplastia n\u00e3o \u00e9 um procedimento est\u00e9tico. Para passar por uma cirurgia de redu\u00e7\u00e3o de est\u00f4mago, esse paciente j\u00e1 tinha uma doen\u00e7a como diabetes tipo 2, uma compuls\u00e3o alimentar ou outra comorbidade, que lhe tirava a qualidade de vida ou lhe oferecia risco de morte, ent\u00e3o quando faz esse procedimento \u00e9 natural que essa pessoa precise passar, constantemente, periodicamente, por an\u00e1lise de nutricionistas, psic\u00f3logos, psiquiatras, gastroenterologistas e outros especialistas m\u00e9dicos\u201d, justificou a autora do projeto, defensora da causa, apontando a necessidade da amplia\u00e7\u00e3o da rede de sa\u00fade e\/ou o atendimento priorit\u00e1rio\/preferencial dos pacientes que passaram por cirurgias bari\u00e1tricas.<\/figcaption><\/figure>\n","protected":false},"excerpt":{"rendered":"","protected":false},"author":1,"featured_media":0,"comment_status":"open","ping_status":"open","sticky":false,"template":"","format":"standard","meta":{"site-sidebar-layout":"default","site-content-layout":"","ast-site-content-layout":"default","site-content-style":"default","site-sidebar-style":"default","ast-global-header-display":"","ast-banner-title-visibility":"","ast-main-header-display":"","ast-hfb-above-header-display":"","ast-hfb-below-header-display":"","ast-hfb-mobile-header-display":"","site-post-title":"","ast-breadcrumbs-content":"","ast-featured-img":"","footer-sml-layout":"","ast-disable-related-posts":"","theme-transparent-header-meta":"","adv-header-id-meta":"","stick-header-meta":"","header-above-stick-meta":"","header-main-stick-meta":"","header-below-stick-meta":"","astra-migrate-meta-layouts":"default","ast-page-background-enabled":"default","ast-page-background-meta":{"desktop":{"background-color":"var(--ast-global-color-4)","background-image":"","background-repeat":"repeat","background-position":"center center","background-size":"auto","background-attachment":"scroll","background-type":"","background-media":"","overlay-type":"","overlay-color":"","overlay-opacity":"","overlay-gradient":""},"tablet":{"background-color":"","background-image":"","background-repeat":"repeat","background-position":"center center","background-size":"auto","background-attachment":"scroll","background-type":"","background-media":"","overlay-type":"","overlay-color":"","overlay-opacity":"","overlay-gradient":""},"mobile":{"background-color":"","background-image":"","background-repeat":"repeat","background-position":"center center","background-size":"auto","background-attachment":"scroll","background-type":"","background-media":"","overlay-type":"","overlay-color":"","overlay-opacity":"","overlay-gradient":""}},"ast-content-background-meta":{"desktop":{"background-color":"var(--ast-global-color-5)","background-image":"","background-repeat":"repeat","background-position":"center center","background-size":"auto","background-attachment":"scroll","background-type":"","background-media":"","overlay-type":"","overlay-color":"","overlay-opacity":"","overlay-gradient":""},"tablet":{"background-color":"var(--ast-global-color-5)","background-image":"","background-repeat":"repeat","background-position":"center center","background-size":"auto","background-attachment":"scroll","background-type":"","background-media":"","overlay-type":"","overlay-color":"","overlay-opacity":"","overlay-gradient":""},"mobile":{"background-color":"var(--ast-global-color-5)","background-image":"","background-repeat":"repeat","background-position":"center center","background-size":"auto","background-attachment":"scroll","background-type":"","background-media":"","overlay-type":"","overlay-color":"","overlay-opacity":"","overlay-gradient":""}},"footnotes":""},"categories":[517],"tags":[],"class_list":["post-15324","post","type-post","status-publish","format-standard","hentry","category-aconteceu"],"_links":{"self":[{"href":"https:\/\/noticiasnoface.com.br\/index.php\/wp-json\/wp\/v2\/posts\/15324","targetHints":{"allow":["GET"]}}],"collection":[{"href":"https:\/\/noticiasnoface.com.br\/index.php\/wp-json\/wp\/v2\/posts"}],"about":[{"href":"https:\/\/noticiasnoface.com.br\/index.php\/wp-json\/wp\/v2\/types\/post"}],"author":[{"embeddable":true,"href":"https:\/\/noticiasnoface.com.br\/index.php\/wp-json\/wp\/v2\/users\/1"}],"replies":[{"embeddable":true,"href":"https:\/\/noticiasnoface.com.br\/index.php\/wp-json\/wp\/v2\/comments?post=15324"}],"version-history":[{"count":1,"href":"https:\/\/noticiasnoface.com.br\/index.php\/wp-json\/wp\/v2\/posts\/15324\/revisions"}],"predecessor-version":[{"id":15325,"href":"https:\/\/noticiasnoface.com.br\/index.php\/wp-json\/wp\/v2\/posts\/15324\/revisions\/15325"}],"wp:attachment":[{"href":"https:\/\/noticiasnoface.com.br\/index.php\/wp-json\/wp\/v2\/media?parent=15324"}],"wp:term":[{"taxonomy":"category","embeddable":true,"href":"https:\/\/noticiasnoface.com.br\/index.php\/wp-json\/wp\/v2\/categories?post=15324"},{"taxonomy":"post_tag","embeddable":true,"href":"https:\/\/noticiasnoface.com.br\/index.php\/wp-json\/wp\/v2\/tags?post=15324"}],"curies":[{"name":"wp","href":"https:\/\/api.w.org\/{rel}","templated":true}]}}