{"id":15329,"date":"2023-03-23T12:33:09","date_gmt":"2023-03-23T15:33:09","guid":{"rendered":"https:\/\/noticiasnoface.com.br\/?p=15329"},"modified":"2023-03-23T12:34:43","modified_gmt":"2023-03-23T15:34:43","slug":"ponte-de-igapo-pode-ser-interditada-apos-danos-causados-pela-bomba","status":"publish","type":"post","link":"https:\/\/noticiasnoface.com.br\/index.php\/2023\/03\/23\/ponte-de-igapo-pode-ser-interditada-apos-danos-causados-pela-bomba\/","title":{"rendered":"Ponte de igap\u00f3 pode ser interditada ap\u00f3s danos causados pela bomba"},"content":{"rendered":"\n<figure class=\"wp-block-image size-large\"><img data-opt-id=1665918153  fetchpriority=\"high\" decoding=\"async\" width=\"1638\" height=\"2050\" src=\"https:\/\/mlbfrsat7ahr.i.optimole.com\/w:auto\/h:auto\/q:mauto\/ig:avif\/https:\/\/noticiasnoface.com.br\/wp-content\/uploads\/2023\/01\/D3BA4F23-F252-469D-AF06-75CF141D2BF8.jpeg\" alt=\"\" class=\"wp-image-14196\" srcset=\"https:\/\/mlbfrsat7ahr.i.optimole.com\/w:862\/h:1080\/q:mauto\/ig:avif\/https:\/\/noticiasnoface.com.br\/wp-content\/uploads\/2023\/01\/D3BA4F23-F252-469D-AF06-75CF141D2BF8.jpeg 1638w, https:\/\/mlbfrsat7ahr.i.optimole.com\/w:240\/h:300\/q:mauto\/ig:avif\/https:\/\/noticiasnoface.com.br\/wp-content\/uploads\/2023\/01\/D3BA4F23-F252-469D-AF06-75CF141D2BF8.jpeg 240w, https:\/\/mlbfrsat7ahr.i.optimole.com\/w:818\/h:1024\/q:mauto\/ig:avif\/https:\/\/noticiasnoface.com.br\/wp-content\/uploads\/2023\/01\/D3BA4F23-F252-469D-AF06-75CF141D2BF8.jpeg 818w, https:\/\/mlbfrsat7ahr.i.optimole.com\/w:768\/h:961\/q:mauto\/ig:avif\/https:\/\/noticiasnoface.com.br\/wp-content\/uploads\/2023\/01\/D3BA4F23-F252-469D-AF06-75CF141D2BF8.jpeg 768w, https:\/\/mlbfrsat7ahr.i.optimole.com\/w:862\/h:1080\/q:mauto\/ig:avif\/https:\/\/noticiasnoface.com.br\/wp-content\/uploads\/2023\/01\/D3BA4F23-F252-469D-AF06-75CF141D2BF8.jpeg 1227w, https:\/\/mlbfrsat7ahr.i.optimole.com\/w:862\/h:1080\/q:mauto\/ig:avif\/https:\/\/noticiasnoface.com.br\/wp-content\/uploads\/2023\/01\/D3BA4F23-F252-469D-AF06-75CF141D2BF8.jpeg 1636w\" sizes=\"(max-width: 1000px) 100vw, 1000px\" \/><figcaption class=\"wp-element-caption\">Crea contraria Itep e afirma que explos\u00e3o causou &#8216;fratura&#8217; na Ponte de Igap\u00f3: &#8216;N\u00e3o pode ter passagem de ve\u00edculo&#8217;, diz engenheiro<br \/>Ap\u00f3s vistoria de especialistas na manh\u00e3 desta quinta-feira (23), \u00f3rg\u00e3o anunciou que vai recomendar recupera\u00e7\u00e3o imediata do trecho.<br \/>Por g1 RN <br \/>23\/03\/2023 12h14 Atualizado h\u00e1 2 minutos<br \/><br \/><br \/><br \/><br \/><img data-opt-id=1440052807  fetchpriority=\"high\" decoding=\"async\" src=\"https:\/\/s2.glbimg.com\/yt1duoVQWRXGt_h6hU_6ndxAD0Y=\/0x0:1280x958\/600x0\/smart\/filters:gifv():strip_icc()\/i.s3.glbimg.com\/v1\/AUTH_59edd422c0c84a879bd37670ae4f538a\/internal_photos\/bs\/2023\/Y\/I\/JKmYXWT6yg6QxVEjW7Ng\/whatsapp-image-2023-03-23-at-10.27.19.jpeg\" alt=\"Crea-RN diz que 'fratura' em ponte foi causada por explos\u00e3o \u2014 Foto: Pedro Trindade\/Inter TV Cabugi\" class=\"extendsBeyondTextColumn\" \/><br \/>Crea-RN diz que &#8216;fratura&#8217; em ponte foi causada por explos\u00e3o \u2014 Foto: Pedro Trindade\/Inter TV Cabugi <br \/>Ap\u00f3s uma vistoria na manh\u00e3 desta quinta-feira (23), o Conselho Regional de Engenharia e Agronomia do Rio Grande do Norte (Crea-RN) contrariou <a href=\"https:\/\/g1.globo.com\/rn\/rio-grande-do-norte\/noticia\/2023\/03\/22\/pericia-aponta-que-explosao-nao-causou-dano-a-ponte-de-igapo-diz-itep-rn.ghtml\" target=\"_blank\" rel=\"noopener\">posi\u00e7\u00e3o do Instituto T\u00e9cnico-Cient\u00edfico de Per\u00edcia<\/a> do Estado (Itep),<a href=\"https:\/\/g1.globo.com\/rn\/rio-grande-do-norte\/noticia\/2023\/03\/22\/pericia-aponta-que-explosao-nao-causou-dano-a-ponte-de-igapo-diz-itep-rn.ghtml\" target=\"_blank\" rel=\"noopener\"> <\/a>e afirmou que a Ponte de Igap\u00f3 sofreu uma &#8220;fratura&#8221; ap\u00f3s uma<a href=\"https:\/\/g1.globo.com\/rn\/rio-grande-do-norte\/noticia\/2023\/03\/21\/bomba-explode-na-ponte-de-igapo-e-trecho-e-interditado-diz-pm.ghtml\" target=\"_blank\" rel=\"noopener\"> explos\u00e3o que aconteceu na \u00faltima ter\u00e7a-feira (21). <\/a><br \/>A presidente do Crea-RN, a engenheira civil Ana Adalgisa Paulino, disse que os ind\u00edcios encontrados no local apontam que o dano encontrado em parte da estrutura foi causado pelo artefato. Os engenheiros que participaram da visita ao local informaram que o trecho deve permanecer interditado ao tr\u00e1fego de ve\u00edculos at\u00e9 que haja uma obra de recupera\u00e7\u00e3o.<br \/>&#8220;Naquela \u00e1rea onde teve a explos\u00e3o, que voc\u00ea v\u00ea a exposi\u00e7\u00e3o da ferragem, voc\u00ea n\u00e3o v\u00ea ela corro\u00edda, n\u00e3o tem ferrugem, digamos assim, ela est\u00e1 intacta, est\u00e1 protegida, o que vem alimentar e nos dar mais certeza de que essa estrutura est\u00e1 exposta devido \u00e0 explos\u00e3o&#8221;, declarou a presidente do Crea.<br \/><img data-opt-id=1588293053  decoding=\"async\" src=\"https:\/\/s2.glbimg.com\/LHsXKf2DoiXYRu785m0S7_v54YQ=\/0x0:1280x958\/600x0\/smart\/filters:gifv():strip_icc()\/i.s3.glbimg.com\/v1\/AUTH_59edd422c0c84a879bd37670ae4f538a\/internal_photos\/bs\/2023\/E\/N\/aRRFkUS6aDJ2KBruFVTA\/whatsapp-image-2023-03-23-at-10.27.13.jpeg\" alt=\"Crea realiza vistoria na Ponte de Igap\u00f3, em Natal \u2014 Foto: Pedro Trindade\/Inter TV Cabugi\" class=\"extendsBeyondTextColumn\" \/><br \/>Crea realiza vistoria na Ponte de Igap\u00f3, em Natal \u2014 Foto: Pedro Trindade\/Inter TV Cabugi <br \/>O trecho em quest\u00e3o j\u00e1 est\u00e1 interditado ao fluxo de ve\u00edculos por causa das obras de reforma da avenida Felizardo Moura. No entanto, existe a perspectiva de que o tr\u00e1fego seja liberado sobre ele nos pr\u00f3ximos meses. <br \/>&#8220;O Crea-RN vai recomendar ao Dnit, iremos entregar o relat\u00f3rio na pr\u00f3xima semana, a recupera\u00e7\u00e3o imediata desse trecho. N\u00f3s vamos recomendar que s\u00f3 possa ter tr\u00e1fego de volta nessa \u00e1rea quando esse trecho for devidamente recuperado. A ponte vai cair? N\u00e3o. Mas voc\u00ea vai aumentar o tr\u00e1fego, um tr\u00e1fego intenso s\u00f3 em uma via que j\u00e1 est\u00e1 com uma fratura. E n\u00e3o \u00e9 uma fratura t\u00e3o simples. Ent\u00e3o, para n\u00e3o ampliar isso ai, a gente vai recomendar que o Dnit fa\u00e7a emergencialmente a recupera\u00e7\u00e3o dessa \u00e1rea&#8221;, afirmou.<br \/>&#8220;Do jeito que est\u00e1, n\u00e3o pode ter passagem de ve\u00edculo&#8221;, refor\u00e7ou o engenheiro F\u00e1bio Pereira, conselheiro do Crea-RN e coordenador do curso de engenharia civil de uma universidade particular de <a href=\"https:\/\/g1.globo.com\/rn\/rio-grande-do-norte\/cidade\/natal\/\" target=\"_blank\" rel=\"noopener\">Natal<\/a>, que tamb\u00e9m participou da vistoria. <br \/>&#8220;Essa estrutura \u00e9 uma estrutura transversina em concreto protendido. O grande problema do concreto protendido \u00e9 que ele n\u00e3o avisa a sua ruptura. Com o artefato que teve, com a explos\u00e3o, ocorreu a libera\u00e7\u00e3o da cordoalha protendida, ou seja, ela n\u00e3o est\u00e1 mais em funcionamento, e \u00e9 o que d\u00e1 sustentabilidade ao tabuleiro (a parte de cima da ponte)&#8221;, detalhou.<br \/><br \/>Itep diz que explos\u00e3o n\u00e3o causou danos<br \/><br \/>Ap\u00f3s realizar uma per\u00edcia na manh\u00e3 de quarta-feira (22). o Instituto T\u00e9cnico-cient\u00edfico de Per\u00edcia do RN (Itep-RN) considerou que a explos\u00e3o n\u00e3o havia causado danos. <br \/>&#8220;Foi visto que n\u00e3o houve nenhum dano em decorr\u00eancia dessa explos\u00e3o, considerando que o artefato era composto por p\u00f3lvora prensada&#8221;, explicou o diretor do Itep, Marcos Brand\u00e3o.<br \/>De acordo com o diretor, a p\u00f3lvora &#8220;tem um baixo poder de detona\u00e7\u00e3o, consequentemente n\u00e3o tinha potencial ou condi\u00e7\u00f5es de abalar a estrutura da ponte&#8221;.<br \/><br \/>Veja os v\u00eddeos mais assistidos no g1 RN<\/figcaption><\/figure>\n\n\n\n<p>&#8216;N\u00e3o pode ter passagem de ve\u00edculo&#8217;, diz engenheiro&#8221;<\/p>\n","protected":false},"excerpt":{"rendered":"<p>&#8216;N\u00e3o pode ter passagem de ve\u00edculo&#8217;, diz engenheiro&#8221;<\/p>\n","protected":false},"author":1,"featured_media":0,"comment_status":"open","ping_status":"open","sticky":false,"template":"","format":"standard","meta":{"site-sidebar-layout":"default","site-content-layout":"","ast-site-content-layout":"default","site-content-style":"default","site-sidebar-style":"default","ast-global-header-display":"","ast-banner-title-visibility":"","ast-main-header-display":"","ast-hfb-above-header-display":"","ast-hfb-below-header-display":"","ast-hfb-mobile-header-display":"","site-post-title":"","ast-breadcrumbs-content":"","ast-featured-img":"","footer-sml-layout":"","ast-disable-related-posts":"","theme-transparent-header-meta":"","adv-header-id-meta":"","stick-header-meta":"","header-above-stick-meta":"","header-main-stick-meta":"","header-below-stick-meta":"","astra-migrate-meta-layouts":"default","ast-page-background-enabled":"default","ast-page-background-meta":{"desktop":{"background-color":"var(--ast-global-color-4)","background-image":"","background-repeat":"repeat","background-position":"center center","background-size":"auto","background-attachment":"scroll","background-type":"","background-media":"","overlay-type":"","overlay-color":"","overlay-opacity":"","overlay-gradient":""},"tablet":{"background-color":"","background-image":"","background-repeat":"repeat","background-position":"center center","background-size":"auto","background-attachment":"scroll","background-type":"","background-media":"","overlay-type":"","overlay-color":"","overlay-opacity":"","overlay-gradient":""},"mobile":{"background-color":"","background-image":"","background-repeat":"repeat","background-position":"center center","background-size":"auto","background-attachment":"scroll","background-type":"","background-media":"","overlay-type":"","overlay-color":"","overlay-opacity":"","overlay-gradient":""}},"ast-content-background-meta":{"desktop":{"background-color":"var(--ast-global-color-5)","background-image":"","background-repeat":"repeat","background-position":"center center","background-size":"auto","background-attachment":"scroll","background-type":"","background-media":"","overlay-type":"","overlay-color":"","overlay-opacity":"","overlay-gradient":""},"tablet":{"background-color":"var(--ast-global-color-5)","background-image":"","background-repeat":"repeat","background-position":"center center","background-size":"auto","background-attachment":"scroll","background-type":"","background-media":"","overlay-type":"","overlay-color":"","overlay-opacity":"","overlay-gradient":""},"mobile":{"background-color":"var(--ast-global-color-5)","background-image":"","background-repeat":"repeat","background-position":"center center","background-size":"auto","background-attachment":"scroll","background-type":"","background-media":"","overlay-type":"","overlay-color":"","overlay-opacity":"","overlay-gradient":""}},"footnotes":""},"categories":[517],"tags":[543,2236,50,199,2721,196],"class_list":["post-15329","post","type-post","status-publish","format-standard","hentry","category-aconteceu","tag-bomba","tag-noticas-no-face","tag-noticias-do-face","tag-noticiasnoface","tag-ponte-de-igapo","tag-terrorismo"],"_links":{"self":[{"href":"https:\/\/noticiasnoface.com.br\/index.php\/wp-json\/wp\/v2\/posts\/15329","targetHints":{"allow":["GET"]}}],"collection":[{"href":"https:\/\/noticiasnoface.com.br\/index.php\/wp-json\/wp\/v2\/posts"}],"about":[{"href":"https:\/\/noticiasnoface.com.br\/index.php\/wp-json\/wp\/v2\/types\/post"}],"author":[{"embeddable":true,"href":"https:\/\/noticiasnoface.com.br\/index.php\/wp-json\/wp\/v2\/users\/1"}],"replies":[{"embeddable":true,"href":"https:\/\/noticiasnoface.com.br\/index.php\/wp-json\/wp\/v2\/comments?post=15329"}],"version-history":[{"count":3,"href":"https:\/\/noticiasnoface.com.br\/index.php\/wp-json\/wp\/v2\/posts\/15329\/revisions"}],"predecessor-version":[{"id":15332,"href":"https:\/\/noticiasnoface.com.br\/index.php\/wp-json\/wp\/v2\/posts\/15329\/revisions\/15332"}],"wp:attachment":[{"href":"https:\/\/noticiasnoface.com.br\/index.php\/wp-json\/wp\/v2\/media?parent=15329"}],"wp:term":[{"taxonomy":"category","embeddable":true,"href":"https:\/\/noticiasnoface.com.br\/index.php\/wp-json\/wp\/v2\/categories?post=15329"},{"taxonomy":"post_tag","embeddable":true,"href":"https:\/\/noticiasnoface.com.br\/index.php\/wp-json\/wp\/v2\/tags?post=15329"}],"curies":[{"name":"wp","href":"https:\/\/api.w.org\/{rel}","templated":true}]}}