{"id":15340,"date":"2023-03-23T22:33:29","date_gmt":"2023-03-24T01:33:29","guid":{"rendered":"https:\/\/noticiasnoface.com.br\/?p=15340"},"modified":"2023-03-23T22:33:29","modified_gmt":"2023-03-24T01:33:29","slug":"eriko-jacome-assina-convenio-entre-tvs-das-camaras-de-natal-e-parnamirim","status":"publish","type":"post","link":"https:\/\/noticiasnoface.com.br\/index.php\/2023\/03\/23\/eriko-jacome-assina-convenio-entre-tvs-das-camaras-de-natal-e-parnamirim\/","title":{"rendered":"Eriko J\u00e1come assina conv\u00eanio entre TVs das C\u00e2maras de Natal e Parnamirim"},"content":{"rendered":"\n<figure class=\"wp-block-image size-large\"><img data-opt-id=289959414  fetchpriority=\"high\" decoding=\"async\" width=\"1024\" height=\"709\" src=\"https:\/\/mlbfrsat7ahr.i.optimole.com\/w:1024\/h:709\/q:mauto\/ig:avif\/https:\/\/noticiasnoface.com.br\/wp-content\/uploads\/2023\/03\/img_3655.jpg\" class=\"wp-image-15339\" srcset=\"https:\/\/mlbfrsat7ahr.i.optimole.com\/w:1024\/h:709\/q:mauto\/ig:avif\/https:\/\/noticiasnoface.com.br\/wp-content\/uploads\/2023\/03\/img_3655.jpg 1024w, https:\/\/mlbfrsat7ahr.i.optimole.com\/w:300\/h:208\/q:mauto\/ig:avif\/https:\/\/noticiasnoface.com.br\/wp-content\/uploads\/2023\/03\/img_3655.jpg 300w, https:\/\/mlbfrsat7ahr.i.optimole.com\/w:768\/h:532\/q:mauto\/ig:avif\/https:\/\/noticiasnoface.com.br\/wp-content\/uploads\/2023\/03\/img_3655.jpg 768w, https:\/\/mlbfrsat7ahr.i.optimole.com\/w:1536\/h:1064\/q:mauto\/ig:avif\/https:\/\/noticiasnoface.com.br\/wp-content\/uploads\/2023\/03\/img_3655.jpg 1536w, https:\/\/mlbfrsat7ahr.i.optimole.com\/w:1559\/h:1080\/q:mauto\/ig:avif\/https:\/\/noticiasnoface.com.br\/wp-content\/uploads\/2023\/03\/img_3655.jpg 1600w\" sizes=\"(max-width: 1000px) 100vw, 1000px\" \/><figcaption class=\"wp-element-caption\">Nesta quinta-feira (23), o presidente da C\u00e2mara Municipal de Natal, vereador \u00c9rico J\u00e1come (MDB), assinou um conv\u00eanio com a TV C\u00e2mara Parnamirim, em fase experimental de implanta\u00e7\u00e3o, para abrir espa\u00e7o na programa\u00e7\u00e3o da TV C\u00e2mara Natal e retransmitir conte\u00fado produzido pela emissora legislativa vizinha.<br>Pelo instrumento de conv\u00eanio, a cess\u00e3o do espa\u00e7o na grade de programa\u00e7\u00e3o da TV C\u00e2mara Natal, para exibi\u00e7\u00e3o do conte\u00fado da TV C\u00e2mara Parnamirim, ser\u00e1 de 30 minutos di\u00e1rios, consecutivos ou n\u00e3o, sem \u00f4nus para nenhuma das partes conveniadas. O conte\u00fado retransmitido ser\u00e1 assinado com a logomarca da emissora parnamirinense e identificado como o apoio institucional. <br>&#8220;Com a assinatura desse conv\u00eanio, estamos dando mais um passo importante para a transpar\u00eancia e a democratiza\u00e7\u00e3o da informa\u00e7\u00e3o em nossa regi\u00e3o. \u00c9 uma honra para a C\u00e2mara Municipal de Natal abrir espa\u00e7o em sua programa\u00e7\u00e3o para retransmitir o conte\u00fado da TV C\u00e2mara Parnamirim, e tenho certeza que essa parceria ser\u00e1 extremamente positiva para ambos os munic\u00edpios. A TV legislativa \u00e9 uma importante ferramenta de comunica\u00e7\u00e3o e aproxima\u00e7\u00e3o com a popula\u00e7\u00e3o, e estamos felizes em poder contribuir para a evolu\u00e7\u00e3o desse meio de comunica\u00e7\u00e3o em nosso estado&#8221;, comentou o presidente da C\u00e2mara de Natal, Eriko J\u00e1come.<br>O presidente da C\u00e2mara Municipal de Parnamirim, vereador Wolney Fran\u00e7a (PSC), participou do ato da assinatura, ressaltou a import\u00e2ncia do conv\u00eanio para o avan\u00e7o da implanta\u00e7\u00e3o da TV legislativa no munic\u00edpio vizinho e agradeceu o espa\u00e7o aberto pela C\u00e2mara de Natal.  \u201cA TV C\u00e2mara Parnamirim \u00e9 atualmente transmitida pelas redes sociais e pelo YouTube. Esse conv\u00eanio, para a transmiss\u00e3o de parte de nossas sess\u00f5es e resumos de nossas atividades pela TV C\u00e2mara Natal ser\u00e1 de grande aprendizado para n\u00f3s. \u00c9 um momento de muita felicidade, pois passamos a oferecer ainda mais transpar\u00eancia ao povo parnamirinense\u201d, comemorou o presidente. Ele pensa na conquista de um canal aberto para a TV Legislativa de Parnamirim no futuro, assim como j\u00e1 acontece com a TV C\u00e2mara Natal, que com quase 20 anos no ar, pode ser assistida pelo canal 10.2 da TV aberta.<br>\u201cEsse conv\u00eanio n\u00e3o s\u00f3 fortalece a parceria entre as C\u00e2maras Municipais de Natal e Parnamirim, ele tamb\u00e9m vai ser importante para ampliar o conhecimento sobre as TVs Legislativas\u201d, acredita o diretor do N\u00facleo de Comunica\u00e7\u00e3o da C\u00e2mara Municipal de Natal, jornalista Marcelo Dieb.<br>Tamb\u00e9m participaram do ato de assinatura do conv\u00eanio, o primeiro vice-presidente da CMN, vereador Hermes C\u00e2mara (PTB), que parabenizou os presidentes pela iniciativa; e o vereador Preto Aquino (PSD), que ressaltou a import\u00e2ncia da cobertura da emissora legislativa nas atividades do parlamento e dos parlamentares.<br>Texto: Ilana Albuquerque<br>Foto: Elp\u00eddio J\u00fanior<\/figcaption><\/figure>\n\n\n\n<p><\/p>\n","protected":false},"excerpt":{"rendered":"","protected":false},"author":1,"featured_media":0,"comment_status":"open","ping_status":"open","sticky":false,"template":"","format":"standard","meta":{"site-sidebar-layout":"default","site-content-layout":"","ast-site-content-layout":"default","site-content-style":"default","site-sidebar-style":"default","ast-global-header-display":"","ast-banner-title-visibility":"","ast-main-header-display":"","ast-hfb-above-header-display":"","ast-hfb-below-header-display":"","ast-hfb-mobile-header-display":"","site-post-title":"","ast-breadcrumbs-content":"","ast-featured-img":"","footer-sml-layout":"","ast-disable-related-posts":"","theme-transparent-header-meta":"","adv-header-id-meta":"","stick-header-meta":"","header-above-stick-meta":"","header-main-stick-meta":"","header-below-stick-meta":"","astra-migrate-meta-layouts":"default","ast-page-background-enabled":"default","ast-page-background-meta":{"desktop":{"background-color":"var(--ast-global-color-4)","background-image":"","background-repeat":"repeat","background-position":"center center","background-size":"auto","background-attachment":"scroll","background-type":"","background-media":"","overlay-type":"","overlay-color":"","overlay-opacity":"","overlay-gradient":""},"tablet":{"background-color":"","background-image":"","background-repeat":"repeat","background-position":"center center","background-size":"auto","background-attachment":"scroll","background-type":"","background-media":"","overlay-type":"","overlay-color":"","overlay-opacity":"","overlay-gradient":""},"mobile":{"background-color":"","background-image":"","background-repeat":"repeat","background-position":"center center","background-size":"auto","background-attachment":"scroll","background-type":"","background-media":"","overlay-type":"","overlay-color":"","overlay-opacity":"","overlay-gradient":""}},"ast-content-background-meta":{"desktop":{"background-color":"var(--ast-global-color-5)","background-image":"","background-repeat":"repeat","background-position":"center center","background-size":"auto","background-attachment":"scroll","background-type":"","background-media":"","overlay-type":"","overlay-color":"","overlay-opacity":"","overlay-gradient":""},"tablet":{"background-color":"var(--ast-global-color-5)","background-image":"","background-repeat":"repeat","background-position":"center center","background-size":"auto","background-attachment":"scroll","background-type":"","background-media":"","overlay-type":"","overlay-color":"","overlay-opacity":"","overlay-gradient":""},"mobile":{"background-color":"var(--ast-global-color-5)","background-image":"","background-repeat":"repeat","background-position":"center center","background-size":"auto","background-attachment":"scroll","background-type":"","background-media":"","overlay-type":"","overlay-color":"","overlay-opacity":"","overlay-gradient":""}},"footnotes":""},"categories":[517],"tags":[],"class_list":["post-15340","post","type-post","status-publish","format-standard","hentry","category-aconteceu"],"_links":{"self":[{"href":"https:\/\/noticiasnoface.com.br\/index.php\/wp-json\/wp\/v2\/posts\/15340","targetHints":{"allow":["GET"]}}],"collection":[{"href":"https:\/\/noticiasnoface.com.br\/index.php\/wp-json\/wp\/v2\/posts"}],"about":[{"href":"https:\/\/noticiasnoface.com.br\/index.php\/wp-json\/wp\/v2\/types\/post"}],"author":[{"embeddable":true,"href":"https:\/\/noticiasnoface.com.br\/index.php\/wp-json\/wp\/v2\/users\/1"}],"replies":[{"embeddable":true,"href":"https:\/\/noticiasnoface.com.br\/index.php\/wp-json\/wp\/v2\/comments?post=15340"}],"version-history":[{"count":1,"href":"https:\/\/noticiasnoface.com.br\/index.php\/wp-json\/wp\/v2\/posts\/15340\/revisions"}],"predecessor-version":[{"id":15341,"href":"https:\/\/noticiasnoface.com.br\/index.php\/wp-json\/wp\/v2\/posts\/15340\/revisions\/15341"}],"wp:attachment":[{"href":"https:\/\/noticiasnoface.com.br\/index.php\/wp-json\/wp\/v2\/media?parent=15340"}],"wp:term":[{"taxonomy":"category","embeddable":true,"href":"https:\/\/noticiasnoface.com.br\/index.php\/wp-json\/wp\/v2\/categories?post=15340"},{"taxonomy":"post_tag","embeddable":true,"href":"https:\/\/noticiasnoface.com.br\/index.php\/wp-json\/wp\/v2\/tags?post=15340"}],"curies":[{"name":"wp","href":"https:\/\/api.w.org\/{rel}","templated":true}]}}