{"id":15347,"date":"2023-03-24T18:59:24","date_gmt":"2023-03-24T21:59:24","guid":{"rendered":"https:\/\/noticiasnoface.com.br\/?p=15347"},"modified":"2023-03-24T18:59:25","modified_gmt":"2023-03-24T21:59:25","slug":"wolney-assina-convenio-com-a-tv-camara-natal-para-retransmitir-conteudos-de-parnamirim","status":"publish","type":"post","link":"https:\/\/noticiasnoface.com.br\/index.php\/2023\/03\/24\/wolney-assina-convenio-com-a-tv-camara-natal-para-retransmitir-conteudos-de-parnamirim\/","title":{"rendered":"Wolney assina conv\u00eanio com a TV c\u00e2mara Natal para retransmitir conte\u00fados de Parnamirim"},"content":{"rendered":"\n<figure class=\"wp-block-image size-large\"><img data-opt-id=610996868  fetchpriority=\"high\" decoding=\"async\" width=\"1024\" height=\"892\" src=\"https:\/\/mlbfrsat7ahr.i.optimole.com\/w:1024\/h:892\/q:mauto\/ig:avif\/https:\/\/noticiasnoface.com.br\/wp-content\/uploads\/2023\/03\/img_3682.jpg\" class=\"wp-image-15346\" srcset=\"https:\/\/mlbfrsat7ahr.i.optimole.com\/w:1024\/h:892\/q:mauto\/ig:avif\/https:\/\/noticiasnoface.com.br\/wp-content\/uploads\/2023\/03\/img_3682.jpg 1024w, https:\/\/mlbfrsat7ahr.i.optimole.com\/w:300\/h:261\/q:mauto\/ig:avif\/https:\/\/noticiasnoface.com.br\/wp-content\/uploads\/2023\/03\/img_3682.jpg 300w, https:\/\/mlbfrsat7ahr.i.optimole.com\/w:768\/h:669\/q:mauto\/ig:avif\/https:\/\/noticiasnoface.com.br\/wp-content\/uploads\/2023\/03\/img_3682.jpg 768w, https:\/\/mlbfrsat7ahr.i.optimole.com\/w:1239\/h:1080\/q:mauto\/ig:avif\/https:\/\/noticiasnoface.com.br\/wp-content\/uploads\/2023\/03\/img_3682.jpg 1242w\" sizes=\"(max-width: 1000px) 100vw, 1000px\" \/><figcaption class=\"wp-element-caption\"><em>Wolney assina conv\u00eanio com a TV C\u00e2mara Natal para retransmitir conte\u00fados da TV C\u00e2mara Parnamirim<\/em><br>Nesta quinta-feira (23), o presidente da C\u00e2mara Municipal de Parnamirim, vereador Wolney Fran\u00e7a, assinou um conv\u00eanio com a C\u00e2mara Municipal de Natal, para coopera\u00e7\u00e3o de conte\u00fados na programa\u00e7\u00e3o da TV C\u00e2mara Natal. Por meio deste conv\u00eanio, a TV C\u00e2mara Parnamirim ter\u00e1 30 minutos di\u00e1rios na programa\u00e7\u00e3o da TV C\u00e2mara Natal, sem \u00f4nus para nenhuma das partes conveniadas. O conte\u00fado retransmitido ser\u00e1 assinado com a logomarca da emissora parnamirinense e identificado como apoio institucional.<br>O presidente Wolney ressaltou a import\u00e2ncia do conv\u00eanio para o avan\u00e7o da implanta\u00e7\u00e3o da TV legislativa no munic\u00edpio vizinho e agradeceu o espa\u00e7o aberto pela C\u00e2mara de Natal. \u201cA TV C\u00e2mara Parnamirim \u00e9 atualmente transmitida pelas redes sociais e pelo YouTube. Esse conv\u00eanio, para a transmiss\u00e3o de parte de nossas sess\u00f5es e resumos de nossas atividades pela TV C\u00e2mara Natal ser\u00e1 de grande aprendizado para n\u00f3s. \u00c9 um momento de muita felicidade, pois passamos a oferecer ainda mais transpar\u00eancia ao povo parnamirinense\u201d, comemorou o presidente. &#8220;Com a assinatura desse conv\u00eanio, estamos dando mais um passo importante para a transpar\u00eancia e a democratiza\u00e7\u00e3o da informa\u00e7\u00e3o em nossa regi\u00e3o. \u00c9 uma honra para a C\u00e2mara Municipal de Natal abrir espa\u00e7o em sua programa\u00e7\u00e3o para retransmitir o conte\u00fado da TV C\u00e2mara Parnamirim&#8221; comentou o presidente da C\u00e2mara de Natal, Eriko J\u00e1come. Foto: Elp\u00eddio J\u00fanior.<\/figcaption><\/figure>\n","protected":false},"excerpt":{"rendered":"","protected":false},"author":1,"featured_media":0,"comment_status":"open","ping_status":"open","sticky":false,"template":"","format":"standard","meta":{"site-sidebar-layout":"default","site-content-layout":"","ast-site-content-layout":"default","site-content-style":"default","site-sidebar-style":"default","ast-global-header-display":"","ast-banner-title-visibility":"","ast-main-header-display":"","ast-hfb-above-header-display":"","ast-hfb-below-header-display":"","ast-hfb-mobile-header-display":"","site-post-title":"","ast-breadcrumbs-content":"","ast-featured-img":"","footer-sml-layout":"","ast-disable-related-posts":"","theme-transparent-header-meta":"","adv-header-id-meta":"","stick-header-meta":"","header-above-stick-meta":"","header-main-stick-meta":"","header-below-stick-meta":"","astra-migrate-meta-layouts":"default","ast-page-background-enabled":"default","ast-page-background-meta":{"desktop":{"background-color":"var(--ast-global-color-4)","background-image":"","background-repeat":"repeat","background-position":"center center","background-size":"auto","background-attachment":"scroll","background-type":"","background-media":"","overlay-type":"","overlay-color":"","overlay-opacity":"","overlay-gradient":""},"tablet":{"background-color":"","background-image":"","background-repeat":"repeat","background-position":"center center","background-size":"auto","background-attachment":"scroll","background-type":"","background-media":"","overlay-type":"","overlay-color":"","overlay-opacity":"","overlay-gradient":""},"mobile":{"background-color":"","background-image":"","background-repeat":"repeat","background-position":"center center","background-size":"auto","background-attachment":"scroll","background-type":"","background-media":"","overlay-type":"","overlay-color":"","overlay-opacity":"","overlay-gradient":""}},"ast-content-background-meta":{"desktop":{"background-color":"var(--ast-global-color-5)","background-image":"","background-repeat":"repeat","background-position":"center center","background-size":"auto","background-attachment":"scroll","background-type":"","background-media":"","overlay-type":"","overlay-color":"","overlay-opacity":"","overlay-gradient":""},"tablet":{"background-color":"var(--ast-global-color-5)","background-image":"","background-repeat":"repeat","background-position":"center center","background-size":"auto","background-attachment":"scroll","background-type":"","background-media":"","overlay-type":"","overlay-color":"","overlay-opacity":"","overlay-gradient":""},"mobile":{"background-color":"var(--ast-global-color-5)","background-image":"","background-repeat":"repeat","background-position":"center center","background-size":"auto","background-attachment":"scroll","background-type":"","background-media":"","overlay-type":"","overlay-color":"","overlay-opacity":"","overlay-gradient":""}},"footnotes":""},"categories":[517],"tags":[],"class_list":["post-15347","post","type-post","status-publish","format-standard","hentry","category-aconteceu"],"_links":{"self":[{"href":"https:\/\/noticiasnoface.com.br\/index.php\/wp-json\/wp\/v2\/posts\/15347","targetHints":{"allow":["GET"]}}],"collection":[{"href":"https:\/\/noticiasnoface.com.br\/index.php\/wp-json\/wp\/v2\/posts"}],"about":[{"href":"https:\/\/noticiasnoface.com.br\/index.php\/wp-json\/wp\/v2\/types\/post"}],"author":[{"embeddable":true,"href":"https:\/\/noticiasnoface.com.br\/index.php\/wp-json\/wp\/v2\/users\/1"}],"replies":[{"embeddable":true,"href":"https:\/\/noticiasnoface.com.br\/index.php\/wp-json\/wp\/v2\/comments?post=15347"}],"version-history":[{"count":1,"href":"https:\/\/noticiasnoface.com.br\/index.php\/wp-json\/wp\/v2\/posts\/15347\/revisions"}],"predecessor-version":[{"id":15348,"href":"https:\/\/noticiasnoface.com.br\/index.php\/wp-json\/wp\/v2\/posts\/15347\/revisions\/15348"}],"wp:attachment":[{"href":"https:\/\/noticiasnoface.com.br\/index.php\/wp-json\/wp\/v2\/media?parent=15347"}],"wp:term":[{"taxonomy":"category","embeddable":true,"href":"https:\/\/noticiasnoface.com.br\/index.php\/wp-json\/wp\/v2\/categories?post=15347"},{"taxonomy":"post_tag","embeddable":true,"href":"https:\/\/noticiasnoface.com.br\/index.php\/wp-json\/wp\/v2\/tags?post=15347"}],"curies":[{"name":"wp","href":"https:\/\/api.w.org\/{rel}","templated":true}]}}