{"id":15353,"date":"2023-03-25T20:48:23","date_gmt":"2023-03-25T23:48:23","guid":{"rendered":"https:\/\/noticiasnoface.com.br\/?p=15353"},"modified":"2023-03-25T20:49:00","modified_gmt":"2023-03-25T23:49:00","slug":"lula-ta-so-a-bosta-diz-amigo-muito-proximo","status":"publish","type":"post","link":"https:\/\/noticiasnoface.com.br\/index.php\/2023\/03\/25\/lula-ta-so-a-bosta-diz-amigo-muito-proximo\/","title":{"rendered":"&#8220;Lula t\u00e1 s\u00f3 a bosta&#8221;, diz amigo muito pr\u00f3ximo"},"content":{"rendered":"\n<figure class=\"wp-block-image size-large\"><img data-opt-id=1850269325  fetchpriority=\"high\" decoding=\"async\" width=\"1024\" height=\"683\" src=\"https:\/\/mlbfrsat7ahr.i.optimole.com\/w:1024\/h:683\/q:mauto\/ig:avif\/https:\/\/noticiasnoface.com.br\/wp-content\/uploads\/2023\/03\/img_3742.jpg\" alt=\"\" class=\"wp-image-15352\" srcset=\"https:\/\/mlbfrsat7ahr.i.optimole.com\/w:1024\/h:683\/q:mauto\/ig:avif\/https:\/\/noticiasnoface.com.br\/wp-content\/uploads\/2023\/03\/img_3742.jpg 1024w, https:\/\/mlbfrsat7ahr.i.optimole.com\/w:300\/h:200\/q:mauto\/ig:avif\/https:\/\/noticiasnoface.com.br\/wp-content\/uploads\/2023\/03\/img_3742.jpg 300w, https:\/\/mlbfrsat7ahr.i.optimole.com\/w:768\/h:512\/q:mauto\/ig:avif\/https:\/\/noticiasnoface.com.br\/wp-content\/uploads\/2023\/03\/img_3742.jpg 768w, https:\/\/mlbfrsat7ahr.i.optimole.com\/w:1242\/h:828\/q:mauto\/ig:avif\/https:\/\/noticiasnoface.com.br\/wp-content\/uploads\/2023\/03\/img_3742.jpg 1242w\" sizes=\"(max-width: 1000px) 100vw, 1000px\" \/><figcaption class=\"wp-element-caption\">Lula recebe medicamento na veia e ficar\u00e1 de repouso por sete dias, diz Dr. Roberto Kalil &#8211; <br \/>O promotor de Justi\u00e7a de S\u00e3o Paulo Lincoln Gakiya afirmou que a fala do presidente Luiz In\u00e1cio Lula da Silva (PT) sobre a opera\u00e7\u00e3o da PF (Pol\u00edcia Federal) para desarticular o plano do PCC (Primeiro Comando da Capital) contra autoridades ter sido uma arma\u00e7\u00e3o do senador Sergio Moro (Uni\u00e3o Brasil -PR) <em>\u201cofende\u201d<\/em> a ele e ao MP (Minist\u00e9rio P\u00fablico).<br \/><em>\u201cA gente n\u00e3o serve ao governador, nem ao procurador-geral. As pol\u00edcias tamb\u00e9m. Eu n\u00e3o posso entender, qualquer que seja o presidente, seja Bolsonaro ou Lula, utilizarem, \u00e0s vezes, a \u2018minha\u2019 pol\u00edcia. A pol\u00edcia \u00e9 do Estado. Isso me deixa muito constrangido quando se tenta usar a pol\u00edcia para fins pol\u00edticos <\/em>[\u2026]<em> Falar que a pol\u00edcia inventou essa opera\u00e7\u00e3o, est\u00e1 ofendendo a mim e ao Minist\u00e9rio P\u00fablico\u201d<\/em>, disse em entrevista ao jornal <em>O Estado de S. Paulo<\/em>, publicou neste s\u00e1bado (25).<br \/>Segundo Gakiya, a fala de Lula <em>\u201c\u00e9 a desorganiza\u00e7\u00e3o do Estado\u201d<\/em>.<br \/>O promotor, que atua no combate ao crime organizado, afirmou ainda que a explora\u00e7\u00e3o do crime organizado por parte de pol\u00edticos para atacar advers\u00e1rios <em>\u201catrapalha demais e prejudica\u201d<\/em> o combate \u00e0 pr\u00e1tica ilegal.<br \/><em>\u201cO pr\u00f3prio crime organizado assiste de camarote esses casos. S\u00e3o Paulo n\u00e3o transferia lideran\u00e7as do PCC para o sistema penitenci\u00e1rio federal para n\u00e3o parecer que o Estado n\u00e3o tinha capacidade de conter os presos. Estes sabiam que nunca seriam mandados para o sistema federal por raz\u00f5es pol\u00edticas. A dist\u00e2ncia entre os pres\u00eddios federais era importante para desarticular a comunica\u00e7\u00e3o dos detentos<\/em>\u201c, afirmou.<br \/>Gakiya tamb\u00e9m demonstrou apoio ao projeto apresentado por Moro no Senado que criminaliza o planejamento de atentados contra autoridades e defendeu a revis\u00e3o da <a rel=\"noreferrer noopener\" href=\"https:\/\/www.planalto.gov.br\/ccivil_03\/leis\/l7210.htm\" target=\"_blank\">Lei de Execu\u00e7\u00f5es Penais<\/a>, com a ado\u00e7\u00e3o de \u201c<em>forma diferenciada de cumprimento de pena para as lideran\u00e7as de fac\u00e7\u00f5es\u201d.<\/em><br \/><em>\u201cTemos uma fac\u00e7\u00e3o que come\u00e7ou dentro do sistema. Isso faz com que muitos crimes sejam ainda comandados das unidades prisionais. \u00c9 preciso rever a Lei de Execu\u00e7\u00f5es Penais. Marcola <\/em>[l\u00edder do PCC] <em>j\u00e1 cumpre 340 anos. O que um novo processo pode acrescentar \u00e0 situa\u00e7\u00e3o dele? Nada. Temos uma organiza\u00e7\u00e3o que tem 100 indiv\u00edduos importantes entre 600 mil presos no pa\u00eds. O integrante de organiza\u00e7\u00e3o n\u00e3o deve ter benef\u00edcio\u201d<\/em>, disse.<br \/><strong>OPERA\u00c7\u00c3O<\/strong><br \/>Na 4\u00aa feira (22.mar), a PF realizou uma opera\u00e7\u00e3o para desarticular o grupo criminoso que planejava ataques contra as autoridades. Segundo a corpora\u00e7\u00e3o, os criminosos acompanhavam de perto os alvos para levantar as informa\u00e7\u00f5es sobre as v\u00edtimas.<br \/><strong>Eis o que se sabe at\u00e9 agora:<\/strong><br \/><strong>alvos \u2013<\/strong> autoridades e funcion\u00e1rios p\u00fablicos, como o promotor Gakiya;<br \/><strong>Sergio Moro \u2013<\/strong> o senador e sua fam\u00edlia estariam entre os alvos;<br \/><strong>mandados sendo cumpridos \u2013<\/strong> 4 de pris\u00e3o tempor\u00e1ria, 7 de pris\u00e3o preventiva e 24 de busca e apreens\u00e3o. Nove pessoas j\u00e1 foram presas;<br \/><strong>opera\u00e7\u00e3o realizada em 4 Estados \u2013<\/strong> Mato Grosso do Sul, Rond\u00f4nia, S\u00e3o Paulo e Paran\u00e1;<br \/><strong>crimes planejados \u2013<\/strong> homic\u00eddios e extors\u00e3o mediante sequestro; seriam realizados em SP e no Paran\u00e1.<br \/><strong>LINCOLN GAKIYA<\/strong><br \/>O promotor Lincoln Gakiya entrou no Minist\u00e9rio P\u00fablico em 1991. \u00c9 integrante do Gaeco (Grupo de Atua\u00e7\u00e3o Especial de Repress\u00e3o ao Crime Organizado) e respons\u00e1vel por investigar o PCC, considerada a maior organiza\u00e7\u00e3o criminosa do pa\u00eds.<br \/><em>\u201cO PCC n\u00e3o existia <\/em>[em 1991]<em>. Em 1992, fui para Presidente Bernardes <\/em>[SP]<em>. Tinha 24 anos. Logo peguei uma rebeli\u00e3o no pres\u00eddio. Participei das negocia\u00e7\u00f5es e entrei com a tropa de choque. Em 1996, fui para Presidente Venceslau. Em 2006, a c\u00fapula do PCC foi removida para a cidade\u201d,<\/em> disse.<br \/>Ao <em>Estad\u00e3o<\/em>, afirmou que recebeu a 1\u00aa amea\u00e7a de morte PCC em 2005. <em>\u201cOfereci uma den\u00fancia contra presos da sintonia do PCC do interior e tive a ousadia de pedir a interna\u00e7\u00e3o dos que comandavam essa c\u00e9lula no regime disciplinar diferenciado, o que n\u00e3o era comum. A 1\u00aa ordem para me matar veio desse pedido. A partir da\u00ed, fui escoltado porque havia uma ordem do PCC para me matar. Eu n\u00e3o entendi nada\u201d<\/em>, declarou.<br \/><strong>Poder 360<\/strong><\/figcaption><\/figure>\n","protected":false},"excerpt":{"rendered":"","protected":false},"author":1,"featured_media":0,"comment_status":"open","ping_status":"open","sticky":false,"template":"","format":"standard","meta":{"site-sidebar-layout":"default","site-content-layout":"","ast-site-content-layout":"default","site-content-style":"default","site-sidebar-style":"default","ast-global-header-display":"","ast-banner-title-visibility":"","ast-main-header-display":"","ast-hfb-above-header-display":"","ast-hfb-below-header-display":"","ast-hfb-mobile-header-display":"","site-post-title":"","ast-breadcrumbs-content":"","ast-featured-img":"","footer-sml-layout":"","ast-disable-related-posts":"","theme-transparent-header-meta":"","adv-header-id-meta":"","stick-header-meta":"","header-above-stick-meta":"","header-main-stick-meta":"","header-below-stick-meta":"","astra-migrate-meta-layouts":"default","ast-page-background-enabled":"default","ast-page-background-meta":{"desktop":{"background-color":"var(--ast-global-color-4)","background-image":"","background-repeat":"repeat","background-position":"center center","background-size":"auto","background-attachment":"scroll","background-type":"","background-media":"","overlay-type":"","overlay-color":"","overlay-opacity":"","overlay-gradient":""},"tablet":{"background-color":"","background-image":"","background-repeat":"repeat","background-position":"center center","background-size":"auto","background-attachment":"scroll","background-type":"","background-media":"","overlay-type":"","overlay-color":"","overlay-opacity":"","overlay-gradient":""},"mobile":{"background-color":"","background-image":"","background-repeat":"repeat","background-position":"center center","background-size":"auto","background-attachment":"scroll","background-type":"","background-media":"","overlay-type":"","overlay-color":"","overlay-opacity":"","overlay-gradient":""}},"ast-content-background-meta":{"desktop":{"background-color":"var(--ast-global-color-5)","background-image":"","background-repeat":"repeat","background-position":"center center","background-size":"auto","background-attachment":"scroll","background-type":"","background-media":"","overlay-type":"","overlay-color":"","overlay-opacity":"","overlay-gradient":""},"tablet":{"background-color":"var(--ast-global-color-5)","background-image":"","background-repeat":"repeat","background-position":"center center","background-size":"auto","background-attachment":"scroll","background-type":"","background-media":"","overlay-type":"","overlay-color":"","overlay-opacity":"","overlay-gradient":""},"mobile":{"background-color":"var(--ast-global-color-5)","background-image":"","background-repeat":"repeat","background-position":"center center","background-size":"auto","background-attachment":"scroll","background-type":"","background-media":"","overlay-type":"","overlay-color":"","overlay-opacity":"","overlay-gradient":""}},"footnotes":""},"categories":[155],"tags":[215,1117,2229,2236],"class_list":["post-15353","post","type-post","status-publish","format-standard","hentry","category-saude","tag-lula","tag-lula-presidente-lula","tag-noticas-do-face","tag-noticas-no-face"],"_links":{"self":[{"href":"https:\/\/noticiasnoface.com.br\/index.php\/wp-json\/wp\/v2\/posts\/15353","targetHints":{"allow":["GET"]}}],"collection":[{"href":"https:\/\/noticiasnoface.com.br\/index.php\/wp-json\/wp\/v2\/posts"}],"about":[{"href":"https:\/\/noticiasnoface.com.br\/index.php\/wp-json\/wp\/v2\/types\/post"}],"author":[{"embeddable":true,"href":"https:\/\/noticiasnoface.com.br\/index.php\/wp-json\/wp\/v2\/users\/1"}],"replies":[{"embeddable":true,"href":"https:\/\/noticiasnoface.com.br\/index.php\/wp-json\/wp\/v2\/comments?post=15353"}],"version-history":[{"count":2,"href":"https:\/\/noticiasnoface.com.br\/index.php\/wp-json\/wp\/v2\/posts\/15353\/revisions"}],"predecessor-version":[{"id":15355,"href":"https:\/\/noticiasnoface.com.br\/index.php\/wp-json\/wp\/v2\/posts\/15353\/revisions\/15355"}],"wp:attachment":[{"href":"https:\/\/noticiasnoface.com.br\/index.php\/wp-json\/wp\/v2\/media?parent=15353"}],"wp:term":[{"taxonomy":"category","embeddable":true,"href":"https:\/\/noticiasnoface.com.br\/index.php\/wp-json\/wp\/v2\/categories?post=15353"},{"taxonomy":"post_tag","embeddable":true,"href":"https:\/\/noticiasnoface.com.br\/index.php\/wp-json\/wp\/v2\/tags?post=15353"}],"curies":[{"name":"wp","href":"https:\/\/api.w.org\/{rel}","templated":true}]}}