{"id":15357,"date":"2023-03-25T21:48:39","date_gmt":"2023-03-26T00:48:39","guid":{"rendered":"https:\/\/noticiasnoface.com.br\/?p=15357"},"modified":"2023-03-25T21:48:40","modified_gmt":"2023-03-26T00:48:40","slug":"veja-a-doenca-que-impede-joelma-de-beijar-de-lingua","status":"publish","type":"post","link":"https:\/\/noticiasnoface.com.br\/index.php\/2023\/03\/25\/veja-a-doenca-que-impede-joelma-de-beijar-de-lingua\/","title":{"rendered":"Veja a doen\u00e7a que impede joelma de beijar de l\u00edngua"},"content":{"rendered":"\n<figure class=\"wp-block-image size-large\"><img data-opt-id=1209781798  fetchpriority=\"high\" decoding=\"async\" width=\"1024\" height=\"772\" src=\"https:\/\/mlbfrsat7ahr.i.optimole.com\/w:1024\/h:772\/q:mauto\/ig:avif\/https:\/\/noticiasnoface.com.br\/wp-content\/uploads\/2023\/03\/img_3747.jpg\" class=\"wp-image-15356\" srcset=\"https:\/\/mlbfrsat7ahr.i.optimole.com\/w:1024\/h:772\/q:mauto\/ig:avif\/https:\/\/noticiasnoface.com.br\/wp-content\/uploads\/2023\/03\/img_3747.jpg 1024w, https:\/\/mlbfrsat7ahr.i.optimole.com\/w:300\/h:226\/q:mauto\/ig:avif\/https:\/\/noticiasnoface.com.br\/wp-content\/uploads\/2023\/03\/img_3747.jpg 300w, https:\/\/mlbfrsat7ahr.i.optimole.com\/w:768\/h:579\/q:mauto\/ig:avif\/https:\/\/noticiasnoface.com.br\/wp-content\/uploads\/2023\/03\/img_3747.jpg 768w, https:\/\/mlbfrsat7ahr.i.optimole.com\/w:1242\/h:936\/q:mauto\/ig:avif\/https:\/\/noticiasnoface.com.br\/wp-content\/uploads\/2023\/03\/img_3747.jpg 1242w\" sizes=\"(max-width: 1000px) 100vw, 1000px\" \/><figcaption class=\"wp-element-caption\">Joelma diz que n\u00e3o beija na boca h\u00e1 quatro anos devido a diagn\u00f3stico de doen\u00e7a<br><br><img data-opt-id=1952631781  fetchpriority=\"high\" decoding=\"async\" src=\"https:\/\/mulherinteressante.com\/wp-content\/uploads\/2023\/03\/postimg-641a2eb6dd89d6180.jpg\" alt=\"\" srcset=\"https:\/\/mulherinteressante.com\/wp-content\/uploads\/2023\/03\/postimg-641a2eb6dd89d6180.jpg 1200w, https:\/\/mulherinteressante.com\/wp-content\/uploads\/2023\/03\/postimg-641a2eb6dd89d6180-300x157.jpg 300w, https:\/\/mulherinteressante.com\/wp-content\/uploads\/2023\/03\/postimg-641a2eb6dd89d6180-1024x536.jpg 1024w, https:\/\/mulherinteressante.com\/wp-content\/uploads\/2023\/03\/postimg-641a2eb6dd89d6180-768x402.jpg 768w, https:\/\/mulherinteressante.com\/wp-content\/uploads\/2023\/03\/postimg-641a2eb6dd89d6180-810x424.jpg 810w, https:\/\/mulherinteressante.com\/wp-content\/uploads\/2023\/03\/postimg-641a2eb6dd89d6180-375x195.jpg 375w\" class=\"extendsBeyondTextColumn\"><br>Ap\u00f3s o fim do casamento com Chimbinha h\u00e1 oito anos, a cantora Joelma compartilhou em uma entrevista recente que passou metade desse per\u00edodo, ou seja, os \u00faltimos quatro anos, sem vivenciar um beijo na boca.<br>A artista, que enfrentou a Covid-19 em cinco ocasi\u00f5es diferentes, atribui esse per\u00edodo sem relacionamentos amorosos \u00e0 luta contra a doen\u00e7a.<br>Em conversa com Otaviano Costa no programa Otolab, do portal UOL, Joelma detalhou como a busca pela recupera\u00e7\u00e3o de sua sa\u00fade a manteve afastada de poss\u00edveis envolvimentos amorosos.<br>Continue lendo a mat\u00e9ria<br><strong><em>\u201cEstou h\u00e1 uns quatro anos sem beijar (\u2026) Eu estava nessa luta, esse corre atr\u00e1s da sa\u00fade. Quase tr\u00eas anos. E quando eu estava quase melhorando, pegava de novo\u201d<\/em><\/strong>, desabafou a cantora.<br>Joelma tamb\u00e9m compartilhou um epis\u00f3dio marcante durante o combate \u00e0 primeira infec\u00e7\u00e3o pelo coronav\u00edrus. Na ocasi\u00e3o, ela se viu diante da dif\u00edcil decis\u00e3o de optar ou n\u00e3o pela intuba\u00e7\u00e3o. Preocupada com as poss\u00edveis consequ\u00eancias para sua voz, a cantora decidiu n\u00e3o se submeter ao procedimento.<br>Al\u00e9m de enfrentar a doen\u00e7a em m\u00faltiplas ocasi\u00f5es, a cantora paraense mencionou que o coronav\u00edrus deixou sequelas em seu organismo.<br>Segundo Joelma, o incha\u00e7o persistente e a perda significativa de massa muscular foram os efeitos mais marcantes da doen\u00e7a. Ela descreveu essas consequ\u00eancias ao apresentador Otaviano Costa, evidenciando os desafios enfrentados durante o per\u00edodo de recupera\u00e7\u00e3o.<br>Inclusive, Joelma foi assunto nas redes sociais \u00e0 \u00e9poca dos cont\u00e1gios de Covid-19, justamente em raz\u00e3o do incha\u00e7o de seu rosto. Com diversos rumores e especula\u00e7\u00f5es, a famosa tratou de explicar o porqu\u00ea em ocasi\u00f5es subsequentes.<\/figcaption><\/figure>\n","protected":false},"excerpt":{"rendered":"","protected":false},"author":1,"featured_media":0,"comment_status":"open","ping_status":"open","sticky":false,"template":"","format":"standard","meta":{"site-sidebar-layout":"default","site-content-layout":"","ast-site-content-layout":"default","site-content-style":"default","site-sidebar-style":"default","ast-global-header-display":"","ast-banner-title-visibility":"","ast-main-header-display":"","ast-hfb-above-header-display":"","ast-hfb-below-header-display":"","ast-hfb-mobile-header-display":"","site-post-title":"","ast-breadcrumbs-content":"","ast-featured-img":"","footer-sml-layout":"","ast-disable-related-posts":"","theme-transparent-header-meta":"","adv-header-id-meta":"","stick-header-meta":"","header-above-stick-meta":"","header-main-stick-meta":"","header-below-stick-meta":"","astra-migrate-meta-layouts":"default","ast-page-background-enabled":"default","ast-page-background-meta":{"desktop":{"background-color":"var(--ast-global-color-4)","background-image":"","background-repeat":"repeat","background-position":"center center","background-size":"auto","background-attachment":"scroll","background-type":"","background-media":"","overlay-type":"","overlay-color":"","overlay-opacity":"","overlay-gradient":""},"tablet":{"background-color":"","background-image":"","background-repeat":"repeat","background-position":"center center","background-size":"auto","background-attachment":"scroll","background-type":"","background-media":"","overlay-type":"","overlay-color":"","overlay-opacity":"","overlay-gradient":""},"mobile":{"background-color":"","background-image":"","background-repeat":"repeat","background-position":"center center","background-size":"auto","background-attachment":"scroll","background-type":"","background-media":"","overlay-type":"","overlay-color":"","overlay-opacity":"","overlay-gradient":""}},"ast-content-background-meta":{"desktop":{"background-color":"var(--ast-global-color-5)","background-image":"","background-repeat":"repeat","background-position":"center center","background-size":"auto","background-attachment":"scroll","background-type":"","background-media":"","overlay-type":"","overlay-color":"","overlay-opacity":"","overlay-gradient":""},"tablet":{"background-color":"var(--ast-global-color-5)","background-image":"","background-repeat":"repeat","background-position":"center center","background-size":"auto","background-attachment":"scroll","background-type":"","background-media":"","overlay-type":"","overlay-color":"","overlay-opacity":"","overlay-gradient":""},"mobile":{"background-color":"var(--ast-global-color-5)","background-image":"","background-repeat":"repeat","background-position":"center center","background-size":"auto","background-attachment":"scroll","background-type":"","background-media":"","overlay-type":"","overlay-color":"","overlay-opacity":"","overlay-gradient":""}},"footnotes":""},"categories":[155],"tags":[1151,2728,2174,1214,2229,2236,199],"class_list":["post-15357","post","type-post","status-publish","format-standard","hentry","category-saude","tag-beijo","tag-beijo-na-boca","tag-doenca","tag-joelma","tag-noticas-do-face","tag-noticas-no-face","tag-noticiasnoface"],"_links":{"self":[{"href":"https:\/\/noticiasnoface.com.br\/index.php\/wp-json\/wp\/v2\/posts\/15357","targetHints":{"allow":["GET"]}}],"collection":[{"href":"https:\/\/noticiasnoface.com.br\/index.php\/wp-json\/wp\/v2\/posts"}],"about":[{"href":"https:\/\/noticiasnoface.com.br\/index.php\/wp-json\/wp\/v2\/types\/post"}],"author":[{"embeddable":true,"href":"https:\/\/noticiasnoface.com.br\/index.php\/wp-json\/wp\/v2\/users\/1"}],"replies":[{"embeddable":true,"href":"https:\/\/noticiasnoface.com.br\/index.php\/wp-json\/wp\/v2\/comments?post=15357"}],"version-history":[{"count":1,"href":"https:\/\/noticiasnoface.com.br\/index.php\/wp-json\/wp\/v2\/posts\/15357\/revisions"}],"predecessor-version":[{"id":15358,"href":"https:\/\/noticiasnoface.com.br\/index.php\/wp-json\/wp\/v2\/posts\/15357\/revisions\/15358"}],"wp:attachment":[{"href":"https:\/\/noticiasnoface.com.br\/index.php\/wp-json\/wp\/v2\/media?parent=15357"}],"wp:term":[{"taxonomy":"category","embeddable":true,"href":"https:\/\/noticiasnoface.com.br\/index.php\/wp-json\/wp\/v2\/categories?post=15357"},{"taxonomy":"post_tag","embeddable":true,"href":"https:\/\/noticiasnoface.com.br\/index.php\/wp-json\/wp\/v2\/tags?post=15357"}],"curies":[{"name":"wp","href":"https:\/\/api.w.org\/{rel}","templated":true}]}}