{"id":15367,"date":"2023-03-26T05:49:43","date_gmt":"2023-03-26T08:49:43","guid":{"rendered":"https:\/\/noticiasnoface.com.br\/?p=15367"},"modified":"2023-03-26T05:49:44","modified_gmt":"2023-03-26T08:49:44","slug":"campanha-da-fraternidade-e-tema-de-audiencia-publica-na-camara-de-natal","status":"publish","type":"post","link":"https:\/\/noticiasnoface.com.br\/index.php\/2023\/03\/26\/campanha-da-fraternidade-e-tema-de-audiencia-publica-na-camara-de-natal\/","title":{"rendered":"Campanha da Fraternidade \u00e9 tema de audi\u00eancia p\u00fablica na C\u00e2mara de Natal"},"content":{"rendered":"\n<figure class=\"wp-block-image size-large\"><img data-opt-id=694981939  fetchpriority=\"high\" decoding=\"async\" width=\"1024\" height=\"695\" src=\"https:\/\/mlbfrsat7ahr.i.optimole.com\/w:1024\/h:695\/q:mauto\/ig:avif\/https:\/\/noticiasnoface.com.br\/wp-content\/uploads\/2023\/03\/img_0034.jpg\" class=\"wp-image-15366\" srcset=\"https:\/\/mlbfrsat7ahr.i.optimole.com\/w:1024\/h:695\/q:mauto\/ig:avif\/https:\/\/noticiasnoface.com.br\/wp-content\/uploads\/2023\/03\/img_0034.jpg 1024w, https:\/\/mlbfrsat7ahr.i.optimole.com\/w:300\/h:204\/q:mauto\/ig:avif\/https:\/\/noticiasnoface.com.br\/wp-content\/uploads\/2023\/03\/img_0034.jpg 300w, https:\/\/mlbfrsat7ahr.i.optimole.com\/w:768\/h:521\/q:mauto\/ig:avif\/https:\/\/noticiasnoface.com.br\/wp-content\/uploads\/2023\/03\/img_0034.jpg 768w, https:\/\/mlbfrsat7ahr.i.optimole.com\/w:1536\/h:1043\/q:mauto\/ig:avif\/https:\/\/noticiasnoface.com.br\/wp-content\/uploads\/2023\/03\/img_0034.jpg 1536w, https:\/\/mlbfrsat7ahr.i.optimole.com\/w:1591\/h:1080\/q:mauto\/ig:avif\/https:\/\/noticiasnoface.com.br\/wp-content\/uploads\/2023\/03\/img_0034.jpg 1600w\" sizes=\"(max-width: 1000px) 100vw, 1000px\" \/><figcaption class=\"wp-element-caption\">A Campanha da Fraternidade, que neste ano debate a problem\u00e1tica da fome, foi tema da audi\u00eancia p\u00fablica, realizada nesta sexta-feira (24), na C\u00e2mara Municipal de Natal, atrav\u00e9s de uma proposi\u00e7\u00e3o do vereador Milklei Leite (PV).<br>&#8220;O tema \u00e9 desse ano, mas o problema \u00e9 de todo dia. A fome continua. Vivenciamos isso e ap\u00f3s a pandemia esse \u00edndice mais que dobrou. E devemos criar pol\u00edticas p\u00fablicas efetivas para incluir essas pessoas no mercado do trabalho, n\u00e3o esquecendo o emergencial, que \u00e9 matar a fome de quem precisa&#8221;, disse o vereador.<br>Em 2022, levantamento da Rede Brasileira de Pesquisa em Soberania e Seguran\u00e7a Alimentar e Nutricional (Rede PENSSAN), apontou que 33,1 milh\u00f5es de pessoas no Brasil n\u00e3o t\u00eam garantido o que comer. O padre Rob\u00e9rio Camilo, coordenador arquidiocesano da campanha no RN, ressaltou que a doa\u00e7\u00e3o de alimentos \u00e9 uma iniciativa emergencial, mas que \u00e9 preciso ir al\u00e9m. &#8220;N\u00e3o \u00e9 s\u00f3 dar um prato de comida, mas fazer com que aquela pessoa saia da situa\u00e7\u00e3o de fome e dar-lhe dignidade para n\u00e3o perpetuar na mis\u00e9ria. A solu\u00e7\u00e3o est\u00e1 no emprego para todos, na gera\u00e7\u00e3o de renda e oportunidades. A campanha vem trazer, por meio da luz de Deus, a realidade j\u00e1 vis\u00edvel para n\u00f3s, mas tamb\u00e9m solu\u00e7\u00f5es que j\u00e1 t\u00eam dado certo no Brasil&#8221;, explicou.<br>Como gesto concreto, a coordena\u00e7\u00e3o arquidiocesana busca fortalecer as \u201cBodegas Solid\u00e1rias\u201d, que s\u00e3o espa\u00e7os criados para o enfrentamento \u00e0 fome, atrav\u00e9s de doa\u00e7\u00f5es, bem como para construir momentos de forma\u00e7\u00f5es s\u00f3cio-pol\u00edtico junto as fam\u00edlias em vulnerabilidade social. &#8220;O que a campanha quer \u00e9 trazer a reflex\u00e3o para a sociedade para que se transforme em pol\u00edtica p\u00fablica. Citamos a bodega solid\u00e1ria, que \u00e9 um equipamento de combate \u00e0 fome, onde se discute moradia, sa\u00fade, emprego, habita\u00e7\u00e3o e alimento e que pode se tornar uma pol\u00edtica p\u00fablica&#8221;, enfatizou o coordenador da rede SAR (Servi\u00e7o de Assist\u00eancia Rural e Urbano), Di\u00e1cono M\u00e1rcio Francisco.<br>Lan\u00e7ada em] 1964, em N\u00edsia Floresta\/RN, atrav\u00e9s de uma iniciativa do ent\u00e3o bispo Dom Eug\u00eanio Sales, a Campanha da Fraternidade \u00e9 uma forma da igreja Cat\u00f3lica celebrar o tempo da Quaresma, com ora\u00e7\u00e3o, jejum e caridade, associados \u00e0 reflex\u00e3o e a\u00e7\u00e3o sobre um tema espec\u00edfico. &#8220;Hoje \u00e9 um movimento presente em todo o Brasil para nos mostrar que devemos nos preocupar com o pr\u00f3ximo. Neste ano, abre nossos olhos para o irm\u00e3o que passa fome, resgatando a proposta de evangeliza\u00e7\u00e3o que foi e continua sendo muito v\u00e1lida&#8221;, destacou o padre Ajosenildo Nunes, p\u00e1roco de N\u00edsia Floresta.<br><em>Texto: Cl\u00e1udio Oliveira<\/em><br><em>Fotos: Ver\u00f4nica Macedo<\/em><\/figcaption><\/figure>\n","protected":false},"excerpt":{"rendered":"","protected":false},"author":1,"featured_media":0,"comment_status":"open","ping_status":"open","sticky":false,"template":"","format":"standard","meta":{"site-sidebar-layout":"default","site-content-layout":"","ast-site-content-layout":"default","site-content-style":"default","site-sidebar-style":"default","ast-global-header-display":"","ast-banner-title-visibility":"","ast-main-header-display":"","ast-hfb-above-header-display":"","ast-hfb-below-header-display":"","ast-hfb-mobile-header-display":"","site-post-title":"","ast-breadcrumbs-content":"","ast-featured-img":"","footer-sml-layout":"","ast-disable-related-posts":"","theme-transparent-header-meta":"","adv-header-id-meta":"","stick-header-meta":"","header-above-stick-meta":"","header-main-stick-meta":"","header-below-stick-meta":"","astra-migrate-meta-layouts":"default","ast-page-background-enabled":"default","ast-page-background-meta":{"desktop":{"background-color":"var(--ast-global-color-4)","background-image":"","background-repeat":"repeat","background-position":"center center","background-size":"auto","background-attachment":"scroll","background-type":"","background-media":"","overlay-type":"","overlay-color":"","overlay-opacity":"","overlay-gradient":""},"tablet":{"background-color":"","background-image":"","background-repeat":"repeat","background-position":"center center","background-size":"auto","background-attachment":"scroll","background-type":"","background-media":"","overlay-type":"","overlay-color":"","overlay-opacity":"","overlay-gradient":""},"mobile":{"background-color":"","background-image":"","background-repeat":"repeat","background-position":"center center","background-size":"auto","background-attachment":"scroll","background-type":"","background-media":"","overlay-type":"","overlay-color":"","overlay-opacity":"","overlay-gradient":""}},"ast-content-background-meta":{"desktop":{"background-color":"var(--ast-global-color-5)","background-image":"","background-repeat":"repeat","background-position":"center center","background-size":"auto","background-attachment":"scroll","background-type":"","background-media":"","overlay-type":"","overlay-color":"","overlay-opacity":"","overlay-gradient":""},"tablet":{"background-color":"var(--ast-global-color-5)","background-image":"","background-repeat":"repeat","background-position":"center center","background-size":"auto","background-attachment":"scroll","background-type":"","background-media":"","overlay-type":"","overlay-color":"","overlay-opacity":"","overlay-gradient":""},"mobile":{"background-color":"var(--ast-global-color-5)","background-image":"","background-repeat":"repeat","background-position":"center center","background-size":"auto","background-attachment":"scroll","background-type":"","background-media":"","overlay-type":"","overlay-color":"","overlay-opacity":"","overlay-gradient":""}},"footnotes":""},"categories":[517],"tags":[],"class_list":["post-15367","post","type-post","status-publish","format-standard","hentry","category-aconteceu"],"_links":{"self":[{"href":"https:\/\/noticiasnoface.com.br\/index.php\/wp-json\/wp\/v2\/posts\/15367","targetHints":{"allow":["GET"]}}],"collection":[{"href":"https:\/\/noticiasnoface.com.br\/index.php\/wp-json\/wp\/v2\/posts"}],"about":[{"href":"https:\/\/noticiasnoface.com.br\/index.php\/wp-json\/wp\/v2\/types\/post"}],"author":[{"embeddable":true,"href":"https:\/\/noticiasnoface.com.br\/index.php\/wp-json\/wp\/v2\/users\/1"}],"replies":[{"embeddable":true,"href":"https:\/\/noticiasnoface.com.br\/index.php\/wp-json\/wp\/v2\/comments?post=15367"}],"version-history":[{"count":1,"href":"https:\/\/noticiasnoface.com.br\/index.php\/wp-json\/wp\/v2\/posts\/15367\/revisions"}],"predecessor-version":[{"id":15368,"href":"https:\/\/noticiasnoface.com.br\/index.php\/wp-json\/wp\/v2\/posts\/15367\/revisions\/15368"}],"wp:attachment":[{"href":"https:\/\/noticiasnoface.com.br\/index.php\/wp-json\/wp\/v2\/media?parent=15367"}],"wp:term":[{"taxonomy":"category","embeddable":true,"href":"https:\/\/noticiasnoface.com.br\/index.php\/wp-json\/wp\/v2\/categories?post=15367"},{"taxonomy":"post_tag","embeddable":true,"href":"https:\/\/noticiasnoface.com.br\/index.php\/wp-json\/wp\/v2\/tags?post=15367"}],"curies":[{"name":"wp","href":"https:\/\/api.w.org\/{rel}","templated":true}]}}