{"id":15414,"date":"2023-03-30T09:32:49","date_gmt":"2023-03-30T12:32:49","guid":{"rendered":"https:\/\/noticiasnoface.com.br\/?p=15414"},"modified":"2023-03-30T09:32:50","modified_gmt":"2023-03-30T12:32:50","slug":"acusados-da-matar-jovem-enfiando-mangueira-de-lava-jato-no-anus-vao-a-juri-popular","status":"publish","type":"post","link":"https:\/\/noticiasnoface.com.br\/index.php\/2023\/03\/30\/acusados-da-matar-jovem-enfiando-mangueira-de-lava-jato-no-anus-vao-a-juri-popular\/","title":{"rendered":"Acusados da matar jovem enfiando mangueira de lava jato no \u00e2nus, v\u00e3o a j\u00fari popular"},"content":{"rendered":"\n<figure class=\"wp-block-image size-large\"><img data-opt-id=2003639567  fetchpriority=\"high\" decoding=\"async\" width=\"300\" height=\"225\" src=\"https:\/\/mlbfrsat7ahr.i.optimole.com\/w:300\/h:225\/q:mauto\/ig:avif\/https:\/\/noticiasnoface.com.br\/wp-content\/uploads\/2023\/03\/img_0676.jpg\" class=\"wp-image-15413\" srcset=\"https:\/\/mlbfrsat7ahr.i.optimole.com\/w:300\/h:225\/q:mauto\/ig:avif\/https:\/\/noticiasnoface.com.br\/wp-content\/uploads\/2023\/03\/img_0676.jpg 300w, https:\/\/mlbfrsat7ahr.i.optimole.com\/w:600\/h:450\/q:mauto\/ig:avif\/https:\/\/noticiasnoface.com.br\/wp-content\/uploads\/2023\/03\/img_0676.jpg 600w\" sizes=\"(max-width: 300px) 100vw, 300px\" \/><figcaption class=\"wp-element-caption\">Acusados por morte de garoto que teve mangueira de lava a jato introduzida no \u00e2nus v\u00e3o a j\u00fari seis anos ap\u00f3s crime<br>Wesner Moreira da Silva morreu aos 17 anos ap\u00f3s ficar 11 dias internado na Santa Casa de Campo Grande depois que dois homens introduziram uma mangueira de ar comprimido no \u00e2nus da v\u00edtima, em um lava jato de Campo Grande.<br><br><img data-opt-id=1330250304  fetchpriority=\"high\" decoding=\"async\" src=\"https:\/\/s2.glbimg.com\/P_Wg6JGipmNwYkhcvgoLgIwdDqQ=\/0x0:620x465\/600x0\/smart\/filters:gifv():strip_icc()\/i.s3.glbimg.com\/v1\/AUTH_59edd422c0c84a879bd37670ae4f538a\/internal_photos\/bs\/2017\/d\/1\/dfJPBXRmKtVmfeiw32EA\/13-07-wesner.jpg\" alt=\"Wesner morreu ap\u00f3s ter ficado 11 dias internado na Santa Casa \u2014 Foto: Reprodu\u00e7\u00e3o\/ TV Morena\" class=\"extendsBeyondTextColumn\"><br>Wesner morreu ap\u00f3s ter ficado 11 dias internado na Santa Casa \u2014 Foto: Reprodu\u00e7\u00e3o\/ TV Morena <br>Willian Enrique Larrea, de 36 anos, e Thiago Giovanni Demarco Sena, de 26 anos, v\u00e3o a j\u00fari seis anos ap\u00f3s a <a href=\"http:\/\/g1.globo.com\/mato-grosso-do-sul\/noticia\/2017\/02\/morre-garoto-ferido-com-mangueira-em-lava-jato-apos-11-dias-internado.html\" target=\"_blank\" rel=\"noopener\">morte de Wesner Moreira da Silva, de 17 anos,<\/a> em <a href=\"https:\/\/g1.globo.com\/ms\/mato-grosso-do-sul\/cidade\/campo-grande\/\" target=\"_blank\" rel=\"noopener\">Campo Grande<\/a>. A Justi\u00e7a de Mato Grosso do Sul marcou o julgamento dos dois acusados para 30 de mar\u00e7o deste ano. <br><a href=\"http:\/\/g1.globo.com\/mato-grosso-do-sul\/noticia\/2017\/02\/morre-garoto-ferido-com-mangueira-em-lava-jato-apos-11-dias-internado.html\" target=\"_blank\" rel=\"noopener\">Wesner morreu ap\u00f3s perder parte do intestino ao ter uma mangueira de ar-comprimido de lava-jato introduzida no \u00e2nus.<\/a><br>Thiago, dono do lava a jato, e Wilian, funcion\u00e1rio do estabelecimento na \u00e9poca, ser\u00e3o submetidos a julgamento a partir das 0h no Plen\u00e1rio Franciso Giordano Neto, no f\u00f3rum de Campo Grande, em 30 de mar\u00e7o deste ano. <br><img data-opt-id=343594284  decoding=\"async\" src=\"https:\/\/s2.glbimg.com\/o-3JIY-LtDnGrVFAstQ-VdJYfcE=\/0x0:1920x1080\/600x0\/smart\/filters:gifv():strip_icc()\/s.glbimg.com\/jo\/g1\/f\/original\/2017\/02\/16\/ms1_lava_jato_velorio.jpg\" alt=\"Suspeitos de agredir adolescente com mangueira em lava a jato de MS \u2014 Foto: Reprodu\u00e7\u00e3o\/ TV Morena\" class=\"extendsBeyondTextColumn\"><br>Suspeitos de agredir adolescente com mangueira em lava a jato de MS \u2014 Foto: Reprodu\u00e7\u00e3o\/ TV Morena <br><br>Relembre o caso<br><br><img data-opt-id=1461910695  decoding=\"async\" src=\"https:\/\/s2.glbimg.com\/6aw7Sa1g4hdiHYLiHllB3-Lyrf0=\/0x0:1700x1065\/600x0\/smart\/filters:gifv():strip_icc()\/s.glbimg.com\/jo\/g1\/f\/original\/2017\/02\/06\/ed_lava-jato_01.jpg\" alt=\"Crime foi em lava jato da capital de MS \u2014 Foto: Fl\u00e1via Galdiole\/ TV Morena\" class=\"extendsBeyondTextColumn\"><br>Crime foi em lava jato da capital de MS \u2014 Foto: Fl\u00e1via Galdiole\/ TV Morena <br>A agress\u00e3o aconteceu em 3 de fevereiro de 2017. Wesner ficou 11 dias internado,<a href=\"http:\/\/g1.globo.com\/mato-grosso-do-sul\/noticia\/2017\/02\/ja-estou-bem-ja-diz-no-video-garoto-agredido-com-mangueira-em-lava-jato.html\" target=\"_blank\" rel=\"noopener\"> e chegou a gravar um v\u00eddeo agradecendo as ora\u00e7\u00f5es<\/a>. Al\u00e9m do ferimento no intestino, o rapaz tinha uma les\u00e3o no es\u00f4fago e sofreu hemorragia, morrendo em decorr\u00eancia de uma parada card\u00edaca. <br><a href=\"http:\/\/g1.globo.com\/mato-grosso-do-sul\/noticia\/2017\/02\/policia-pede-prisao-de-suspeitos-apos-morte-de-garoto-ferido-em-lava-jato.html\" target=\"_blank\" rel=\"noopener\">O pedido de pris\u00e3o dos suspeitos foi feito pelo delegado Paulo S\u00e9rgio Lauretto, \u00e0 \u00e9poca na Delegacia Especializada de Prote\u00e7\u00e3o \u00e0 Crian\u00e7a e ao Adolescente (Depca) no dia da morte do rapaz<\/a>, quando saiu o laudo confirmando a les\u00e3o corporal grave. <a href=\"http:\/\/g1.globo.com\/mato-grosso-do-sul\/noticia\/2017\/02\/juiz-nega-prisao-suspeitos-de-agredir-garoto-em-lava-jato-de-ms.html\" target=\"_blank\" rel=\"noopener\">Tr\u00eas dias depois, a Justi\u00e7a negou o pedido de pris\u00e3o dos suspeitos.<\/a><br>O dono do lava-jato, Thiago Demarco Sena, de 26 anos, e o funcion\u00e1rio Willian Henrique Larrea, de 30, suspeitos de violentar Wesner, nunca foram presos. De acordo com a defesa, o argumento \u00e9 de que o crime teria sido &#8220;uma brincadeira&#8221;:<br><a href=\"http:\/\/g1.globo.com\/mato-grosso-do-sul\/noticia\/2017\/02\/antes-de-morrer-garoto-negou-que-agressao-em-lava-jato-foi-brincadeira.html\" target=\"_blank\" rel=\"noopener\">Antes de morrer, o garoto negou que a agress\u00e3o tenha sido uma brincadeira. <\/a>De acordo com o Minist\u00e9rio P\u00fablico de Mato Grosso do Sul, em 2019, <a href=\"https:\/\/g1.globo.com\/ms\/mato-grosso-do-sul\/noticia\/2019\/02\/18\/morte-de-garoto-que-teve-mangueira-de-lava-jato-introduzida-no-anus-completa-dois-anos-de-impunidade-diz-mp.ghtml\" target=\"_blank\" rel=\"noopener\">havia um impasse em torno da quest\u00e3o se houve ou n\u00e3o inten\u00e7\u00e3o de matar.<\/a><\/figcaption><\/figure>\n","protected":false},"excerpt":{"rendered":"","protected":false},"author":1,"featured_media":0,"comment_status":"open","ping_status":"open","sticky":false,"template":"","format":"standard","meta":{"site-sidebar-layout":"default","site-content-layout":"","ast-site-content-layout":"default","site-content-style":"default","site-sidebar-style":"default","ast-global-header-display":"","ast-banner-title-visibility":"","ast-main-header-display":"","ast-hfb-above-header-display":"","ast-hfb-below-header-display":"","ast-hfb-mobile-header-display":"","site-post-title":"","ast-breadcrumbs-content":"","ast-featured-img":"","footer-sml-layout":"","ast-disable-related-posts":"","theme-transparent-header-meta":"","adv-header-id-meta":"","stick-header-meta":"","header-above-stick-meta":"","header-main-stick-meta":"","header-below-stick-meta":"","astra-migrate-meta-layouts":"default","ast-page-background-enabled":"default","ast-page-background-meta":{"desktop":{"background-color":"var(--ast-global-color-4)","background-image":"","background-repeat":"repeat","background-position":"center center","background-size":"auto","background-attachment":"scroll","background-type":"","background-media":"","overlay-type":"","overlay-color":"","overlay-opacity":"","overlay-gradient":""},"tablet":{"background-color":"","background-image":"","background-repeat":"repeat","background-position":"center center","background-size":"auto","background-attachment":"scroll","background-type":"","background-media":"","overlay-type":"","overlay-color":"","overlay-opacity":"","overlay-gradient":""},"mobile":{"background-color":"","background-image":"","background-repeat":"repeat","background-position":"center center","background-size":"auto","background-attachment":"scroll","background-type":"","background-media":"","overlay-type":"","overlay-color":"","overlay-opacity":"","overlay-gradient":""}},"ast-content-background-meta":{"desktop":{"background-color":"var(--ast-global-color-5)","background-image":"","background-repeat":"repeat","background-position":"center center","background-size":"auto","background-attachment":"scroll","background-type":"","background-media":"","overlay-type":"","overlay-color":"","overlay-opacity":"","overlay-gradient":""},"tablet":{"background-color":"var(--ast-global-color-5)","background-image":"","background-repeat":"repeat","background-position":"center center","background-size":"auto","background-attachment":"scroll","background-type":"","background-media":"","overlay-type":"","overlay-color":"","overlay-opacity":"","overlay-gradient":""},"mobile":{"background-color":"var(--ast-global-color-5)","background-image":"","background-repeat":"repeat","background-position":"center center","background-size":"auto","background-attachment":"scroll","background-type":"","background-media":"","overlay-type":"","overlay-color":"","overlay-opacity":"","overlay-gradient":""}},"footnotes":""},"categories":[517],"tags":[551,2736,2735,2229,2236,50],"class_list":["post-15414","post","type-post","status-publish","format-standard","hentry","category-aconteceu","tag-anus","tag-juri-popular","tag-mangueira-lava-jato","tag-noticas-do-face","tag-noticas-no-face","tag-noticias-do-face"],"_links":{"self":[{"href":"https:\/\/noticiasnoface.com.br\/index.php\/wp-json\/wp\/v2\/posts\/15414","targetHints":{"allow":["GET"]}}],"collection":[{"href":"https:\/\/noticiasnoface.com.br\/index.php\/wp-json\/wp\/v2\/posts"}],"about":[{"href":"https:\/\/noticiasnoface.com.br\/index.php\/wp-json\/wp\/v2\/types\/post"}],"author":[{"embeddable":true,"href":"https:\/\/noticiasnoface.com.br\/index.php\/wp-json\/wp\/v2\/users\/1"}],"replies":[{"embeddable":true,"href":"https:\/\/noticiasnoface.com.br\/index.php\/wp-json\/wp\/v2\/comments?post=15414"}],"version-history":[{"count":1,"href":"https:\/\/noticiasnoface.com.br\/index.php\/wp-json\/wp\/v2\/posts\/15414\/revisions"}],"predecessor-version":[{"id":15415,"href":"https:\/\/noticiasnoface.com.br\/index.php\/wp-json\/wp\/v2\/posts\/15414\/revisions\/15415"}],"wp:attachment":[{"href":"https:\/\/noticiasnoface.com.br\/index.php\/wp-json\/wp\/v2\/media?parent=15414"}],"wp:term":[{"taxonomy":"category","embeddable":true,"href":"https:\/\/noticiasnoface.com.br\/index.php\/wp-json\/wp\/v2\/categories?post=15414"},{"taxonomy":"post_tag","embeddable":true,"href":"https:\/\/noticiasnoface.com.br\/index.php\/wp-json\/wp\/v2\/tags?post=15414"}],"curies":[{"name":"wp","href":"https:\/\/api.w.org\/{rel}","templated":true}]}}