{"id":15700,"date":"2023-04-12T22:48:07","date_gmt":"2023-04-13T01:48:07","guid":{"rendered":"https:\/\/noticiasnoface.com.br\/?p=15700"},"modified":"2023-04-12T22:48:10","modified_gmt":"2023-04-13T01:48:10","slug":"camara-de-parnamirim-recebe-selo-diamante-nivel-maximo-no-programa-nacional-de-transparencia-publica","status":"publish","type":"post","link":"https:\/\/noticiasnoface.com.br\/index.php\/2023\/04\/12\/camara-de-parnamirim-recebe-selo-diamante-nivel-maximo-no-programa-nacional-de-transparencia-publica\/","title":{"rendered":"C\u00e2mara de Parnamirim recebe selo diamante, n\u00edvel m\u00e1ximo, no Programa Nacional de Transpar\u00eancia P\u00fablica"},"content":{"rendered":"\n<figure class=\"wp-block-image size-large\"><img data-opt-id=596786149  fetchpriority=\"high\" decoding=\"async\" width=\"300\" height=\"198\" src=\"https:\/\/mlbfrsat7ahr.i.optimole.com\/w:300\/h:198\/q:mauto\/ig:avif\/https:\/\/noticiasnoface.com.br\/wp-content\/uploads\/2023\/04\/img_2155.jpg\" class=\"wp-image-15699\" srcset=\"https:\/\/mlbfrsat7ahr.i.optimole.com\/w:300\/h:198\/q:mauto\/ig:avif\/https:\/\/noticiasnoface.com.br\/wp-content\/uploads\/2023\/04\/img_2155.jpg 300w, https:\/\/mlbfrsat7ahr.i.optimole.com\/w:768\/h:507\/q:mauto\/ig:avif\/https:\/\/noticiasnoface.com.br\/wp-content\/uploads\/2023\/04\/img_2155.jpg 768w, https:\/\/mlbfrsat7ahr.i.optimole.com\/w:902\/h:595\/q:mauto\/ig:avif\/https:\/\/noticiasnoface.com.br\/wp-content\/uploads\/2023\/04\/img_2155.jpg 902w\" sizes=\"(max-width: 300px) 100vw, 300px\" \/><figcaption class=\"wp-element-caption\">Plataforma analisou 3.566 casas legislativas municipais; Casa recebeu selo de qualidade Diamante<br>O Programa Nacional de Transpar\u00eancia P\u00fablica, iniciativa da Associa\u00e7\u00e3o dos Membros dos Tribunais de Contas (Atricon) e Tribunais de Contas, avaliou 3.566 c\u00e2maras municipais e indicou que a C\u00e2mara Municipal de Parnamirim est\u00e1 entre as mais transparentes do Brasil e do Rio Grande do Norte. A Casa do Povo conquistou o selo Diamante de avalia\u00e7\u00e3o, o mais alto dos indicadores.<br>Na manh\u00e3 desta segunda-feira (6), o vereador Wolney Fran\u00e7a, presidente da Casa e presidente eleito da Fecam\/RN, foi \u00e0 sede do Tribunal de Contas do Estado (TCE\/RN) para receber o selo de qualidade. &#8220;\u00c9 motivo de muita honra e alegria, em nome de todos n\u00f3s, vereadores e servidores da C\u00e2mara de Parnamirim, ocuparmos um espa\u00e7o aqui no Tribunal de Contas e sermos agraciados com o selo Diamante, a mais alta conquista de transpar\u00eancia do Tribunal&#8221;, declarou.<br>&#8220;Receber esse pr\u00eamio, sem d\u00favida nenhuma, \u00e9 um exemplo de gest\u00e3o, de excel\u00eancia, de controle, planejamento e responsabilidade&#8221;, afirmou o presidente da Casa.<br>A avalia\u00e7\u00e3o leva em conta aspectos presentes nos portais de transpar\u00eancia ativa das institui\u00e7\u00f5es p\u00fablicas, que apresentam as principais informa\u00e7\u00f5es de interesse da popula\u00e7\u00e3o, de acordo com a Lei de Acesso \u00e0 Informa\u00e7\u00e3o. <br>No caso da C\u00e2mara de Parnamirim, o \u00edndice de transpar\u00eancia \u00e9 de 98,41%. Apenas 4,7% das casas legislativas municipais avaliadas do Brasil (169 das 3.566) possuem o selo Diamante, e apenas 10 das 167 casas legislativas do RN receberam tal avalia\u00e7\u00e3o. <br><strong>Radar Nacional de Transpar\u00eancia P\u00fablica<\/strong><br>O Radar Nacional de Transpar\u00eancia P\u00fablica mapeia sites da administra\u00e7\u00e3o p\u00fablica e calcula o escore de transpar\u00eancia desses, de acordo com os seguintes aspectos: acessibilidade, contratos, despesa, informa\u00e7\u00f5es institucionais, informa\u00e7\u00f5es priorit\u00e1rias, licita\u00e7\u00f5es, dispensas, inexigibilidade e atas de ades\u00e3o, receita, recursos humanos, recursos referentes \u00e0 transpar\u00eancia de gest\u00e3o fiscal, servi\u00e7os de informa\u00e7\u00e3o ao cidad\u00e3o, di\u00e1rias e servi\u00e7os de informa\u00e7\u00e3o (online) ao cidad\u00e3o.<br><small class=\"cmp-noticia-content-credit\">Fonte: Fernando Azev\u00eado &#8211; Ascom\/CMP<\/small> <\/figcaption><\/figure>\n","protected":false},"excerpt":{"rendered":"","protected":false},"author":1,"featured_media":0,"comment_status":"open","ping_status":"open","sticky":false,"template":"","format":"standard","meta":{"site-sidebar-layout":"default","site-content-layout":"","ast-site-content-layout":"default","site-content-style":"default","site-sidebar-style":"default","ast-global-header-display":"","ast-banner-title-visibility":"","ast-main-header-display":"","ast-hfb-above-header-display":"","ast-hfb-below-header-display":"","ast-hfb-mobile-header-display":"","site-post-title":"","ast-breadcrumbs-content":"","ast-featured-img":"","footer-sml-layout":"","ast-disable-related-posts":"","theme-transparent-header-meta":"","adv-header-id-meta":"","stick-header-meta":"","header-above-stick-meta":"","header-main-stick-meta":"","header-below-stick-meta":"","astra-migrate-meta-layouts":"default","ast-page-background-enabled":"default","ast-page-background-meta":{"desktop":{"background-color":"var(--ast-global-color-4)","background-image":"","background-repeat":"repeat","background-position":"center center","background-size":"auto","background-attachment":"scroll","background-type":"","background-media":"","overlay-type":"","overlay-color":"","overlay-opacity":"","overlay-gradient":""},"tablet":{"background-color":"","background-image":"","background-repeat":"repeat","background-position":"center center","background-size":"auto","background-attachment":"scroll","background-type":"","background-media":"","overlay-type":"","overlay-color":"","overlay-opacity":"","overlay-gradient":""},"mobile":{"background-color":"","background-image":"","background-repeat":"repeat","background-position":"center center","background-size":"auto","background-attachment":"scroll","background-type":"","background-media":"","overlay-type":"","overlay-color":"","overlay-opacity":"","overlay-gradient":""}},"ast-content-background-meta":{"desktop":{"background-color":"var(--ast-global-color-5)","background-image":"","background-repeat":"repeat","background-position":"center center","background-size":"auto","background-attachment":"scroll","background-type":"","background-media":"","overlay-type":"","overlay-color":"","overlay-opacity":"","overlay-gradient":""},"tablet":{"background-color":"var(--ast-global-color-5)","background-image":"","background-repeat":"repeat","background-position":"center center","background-size":"auto","background-attachment":"scroll","background-type":"","background-media":"","overlay-type":"","overlay-color":"","overlay-opacity":"","overlay-gradient":""},"mobile":{"background-color":"var(--ast-global-color-5)","background-image":"","background-repeat":"repeat","background-position":"center center","background-size":"auto","background-attachment":"scroll","background-type":"","background-media":"","overlay-type":"","overlay-color":"","overlay-opacity":"","overlay-gradient":""}},"footnotes":""},"categories":[517],"tags":[],"class_list":["post-15700","post","type-post","status-publish","format-standard","hentry","category-aconteceu"],"_links":{"self":[{"href":"https:\/\/noticiasnoface.com.br\/index.php\/wp-json\/wp\/v2\/posts\/15700","targetHints":{"allow":["GET"]}}],"collection":[{"href":"https:\/\/noticiasnoface.com.br\/index.php\/wp-json\/wp\/v2\/posts"}],"about":[{"href":"https:\/\/noticiasnoface.com.br\/index.php\/wp-json\/wp\/v2\/types\/post"}],"author":[{"embeddable":true,"href":"https:\/\/noticiasnoface.com.br\/index.php\/wp-json\/wp\/v2\/users\/1"}],"replies":[{"embeddable":true,"href":"https:\/\/noticiasnoface.com.br\/index.php\/wp-json\/wp\/v2\/comments?post=15700"}],"version-history":[{"count":1,"href":"https:\/\/noticiasnoface.com.br\/index.php\/wp-json\/wp\/v2\/posts\/15700\/revisions"}],"predecessor-version":[{"id":15701,"href":"https:\/\/noticiasnoface.com.br\/index.php\/wp-json\/wp\/v2\/posts\/15700\/revisions\/15701"}],"wp:attachment":[{"href":"https:\/\/noticiasnoface.com.br\/index.php\/wp-json\/wp\/v2\/media?parent=15700"}],"wp:term":[{"taxonomy":"category","embeddable":true,"href":"https:\/\/noticiasnoface.com.br\/index.php\/wp-json\/wp\/v2\/categories?post=15700"},{"taxonomy":"post_tag","embeddable":true,"href":"https:\/\/noticiasnoface.com.br\/index.php\/wp-json\/wp\/v2\/tags?post=15700"}],"curies":[{"name":"wp","href":"https:\/\/api.w.org\/{rel}","templated":true}]}}